{"id":72805,"date":"2021-07-06T00:03:54","date_gmt":"2021-07-06T03:03:54","guid":{"rendered":"http:\/\/portalcatolico.net\/portal\/?p=72805"},"modified":"2021-07-05T19:04:12","modified_gmt":"2021-07-05T22:04:12","slug":"retiro-online-de-presbiteros-com-o-cardeal-jose-tolentino-esta-com-inscricoes-abertas","status":"publish","type":"post","link":"https:\/\/portalcatolico.net\/portal\/retiro-online-de-presbiteros-com-o-cardeal-jose-tolentino-esta-com-inscricoes-abertas\/","title":{"rendered":"Retiro online de presb\u00edteros com o Cardeal Jos\u00e9 Tolentino est\u00e1 com inscri\u00e7\u00f5es abertas"},"content":{"rendered":"<p><strong><em>As vagas s\u00e3o limitadas e a participa\u00e7\u00e3o \u00e9 aberta aos padres de todo o Brasil<\/em><\/strong><\/p>\n<p>Para auxiliar e aprofundar a caminhada de f\u00e9 dos sacerdotes no atual e desafiador per\u00edodo de pandemia, o Regional Leste 2 da Confer\u00eancia Nacional dos Bispos do Brasil (CNBB), por meio de sua Comiss\u00e3o Episcopal para a Comunica\u00e7\u00e3o e Cultura e com o apoio da arquidiocese de Juiz de Fora (MG), promover\u00e1, de 2 a 6 de agosto, o Retiro On-line de Presb\u00edteros.<\/p>\n<p>O evento ser\u00e1 conduzido pelo cardeal Jos\u00e9 Tolentino de Mendon\u00e7a. O cardeal&nbsp; abordar\u00e1 o tema \u201cA vida e a espiritualidade do presb\u00edtero em tempos de pandemia e p\u00f3s-pandemia\u201d. A programa\u00e7\u00e3o do retiro contar\u00e1 com medita\u00e7\u00f5es e reflex\u00f5es propostas pelo Cardeal, missas di\u00e1rias e ora\u00e7\u00f5es em conjunto.<\/p>\n<p>As vagas s\u00e3o limitadas e a participa\u00e7\u00e3o \u00e9 aberta aos padres de todo o Brasil. Os interessados ou aqueles que forem indicados pelos (arce) bispos de cada Igreja Particular devem realizar inscri\u00e7\u00e3o. Para isso, \u00e9 recomendado que leia atentamente todas as orienta\u00e7\u00f5es abaixo:<\/p>\n<p><strong>Investimento:<\/strong><\/p>\n<p>R$ 100,00 (Cem reais), at\u00e9 o dia 30 de junho.<br \/>\nR$ 150,00 (Cento e cinquenta reais), at\u00e9 14 de julho.<br \/>\nR$ 180,00 (Cento e oitenta reais) para inscri\u00e7\u00f5es realizadas de 15 a 28 de julho.<\/p>\n<p>O pagamento ser\u00e1 realizado por meio de boleto banc\u00e1rio e cart\u00e3o de cr\u00e9dito. O boleto ter\u00e1 vencimento em 1 (um) dia \u00fatil ap\u00f3s o envio;&nbsp;O boleto \u00e9 disponibilizado pelo sistema da CiaTicket, parceira do Regional neste evento. Ser\u00e1 concedido 10% de desconto para cada (arqui)diocese que inscrever acima de 50 presb\u00edteros.<\/p>\n<p>Em caso de desist\u00eancia, o participante poder\u00e1 solicitar o reembolso de 70% do valor pago da inscri\u00e7\u00e3o. A solicita\u00e7\u00e3o de devolu\u00e7\u00e3o do valor pago poder\u00e1 ser feita pelo e-mail&nbsp;contabilidade@cnbbleste2.org.br.<\/p>\n<p><strong>Recibos:<\/strong><br \/>\nO recibo do pagamento da taxa de inscri\u00e7\u00e3o \u00e9 enviado automaticamente para o participante no endere\u00e7o de e-mail e whatsapp informado logo ap\u00f3s a compensa\u00e7\u00e3o banc\u00e1ria. Aqueles que desejarem o recibo em nome de Pessoa Jur\u00eddica, Entidades e Institui\u00e7\u00f5es dever\u00e3o informar o CNPJ e raz\u00e3o social no momento da realiza\u00e7\u00e3o da inscri\u00e7\u00e3o.<\/p>\n<p><strong>Informa\u00e7\u00f5es:<\/strong><br \/>\n\u2013 Todos receber\u00e3o da CiaTicket um e-mail e uma mensagem no WhatsApp com a confirma\u00e7\u00e3o de inscri\u00e7\u00e3o para o evento.<br \/>\n\u2013 A inscri\u00e7\u00e3o ser\u00e1 confirmada somente mediante a autoriza\u00e7\u00e3o da operadora de cart\u00e3o de cr\u00e9dito ou pagamento do boleto at\u00e9 a data do vencimento. Caso contr\u00e1rio, ela ser\u00e1 automaticamente cancelada, sendo necess\u00e1rio solicitar uma segunda via do boleto para pagamento.<br \/>\n\u2013 Posteriormente ser\u00e1 divulgado um guia do participante com informa\u00e7\u00f5es de acesso \u00e0 plataforma, emiss\u00e3o de certificados e programa\u00e7\u00e3o do evento para que a participa\u00e7\u00e3o seja facilitada e a mais proveitosa poss\u00edvel.<br \/>\n\u2013 Encontro em prepara\u00e7\u00e3o ao evento: Informamos que no dia 20 de julho de 2021 teremos um encontro virtual \u00e0s 21h, para apresentar a metodologia, pauta e din\u00e2mica do evento, com uma pequena fala do Cardeal Tolentino. Os inscritos confirmados receber\u00e3o as informa\u00e7\u00f5es por e-mail e pelo n\u00famero de WhatsApp.<\/p>\n<p><strong>Outras informa\u00e7\u00f5es:<\/strong><\/p>\n<p>Padre Roberto Marcelino de Oliveira<br \/>\nSecret\u00e1rio Executivo do regional Leste 2<br \/>\nTelefone de contato: (31)98799-0157 clique aqui para falar por WhatsApp<br \/>\nEndere\u00e7o de e-mail:&nbsp;secgeral@cnbbleste2.org.br<\/p>\n<p>Com CNBB<br \/>\nFoto: Reprodu\u00e7\u00e3o \/ Vatican News&nbsp;<\/p>\n","protected":false},"excerpt":{"rendered":"<p>As vagas s\u00e3o limitadas e a participa\u00e7\u00e3o \u00e9 aberta aos padres de todo o Brasil Para auxiliar e aprofundar a caminhada de f\u00e9 dos sacerdotes no atual e desafiador per\u00edodo de pandemia, o Regional Leste 2 da Confer\u00eancia Nacional dos Bispos do Brasil (CNBB), por meio de sua Comiss\u00e3o Episcopal para a Comunica\u00e7\u00e3o e Cultura&nbsp;<\/p>\n<p><a class=\"btn btn-style\" href=\"https:\/\/portalcatolico.net\/portal\/retiro-online-de-presbiteros-com-o-cardeal-jose-tolentino-esta-com-inscricoes-abertas\/\">Continue Reading<\/a><\/p>\n","protected":false},"author":2,"featured_media":72806,"comment_status":"open","ping_status":"open","sticky":false,"template":"","format":"standard","meta":{"footnotes":""},"categories":[4],"tags":[],"class_list":["post-72805","post","type-post","status-publish","format-standard","has-post-thumbnail","hentry","category-destaques"],"_links":{"self":[{"href":"https:\/\/portalcatolico.net\/portal\/wp-json\/wp\/v2\/posts\/72805","targetHints":{"allow":["GET"]}}],"collection":[{"href":"https:\/\/portalcatolico.net\/portal\/wp-json\/wp\/v2\/posts"}],"about":[{"href":"https:\/\/portalcatolico.net\/portal\/wp-json\/wp\/v2\/types\/post"}],"author":[{"embeddable":true,"href":"https:\/\/portalcatolico.net\/portal\/wp-json\/wp\/v2\/users\/2"}],"replies":[{"embeddable":true,"href":"https:\/\/portalcatolico.net\/portal\/wp-json\/wp\/v2\/comments?post=72805"}],"version-history":[{"count":1,"href":"https:\/\/portalcatolico.net\/portal\/wp-json\/wp\/v2\/posts\/72805\/revisions"}],"predecessor-version":[{"id":72807,"href":"https:\/\/portalcatolico.net\/portal\/wp-json\/wp\/v2\/posts\/72805\/revisions\/72807"}],"wp:featuredmedia":[{"embeddable":true,"href":"https:\/\/portalcatolico.net\/portal\/wp-json\/wp\/v2\/media\/72806"}],"wp:attachment":[{"href":"https:\/\/portalcatolico.net\/portal\/wp-json\/wp\/v2\/media?parent=72805"}],"wp:term":[{"taxonomy":"category","embeddable":true,"href":"https:\/\/portalcatolico.net\/portal\/wp-json\/wp\/v2\/categories?post=72805"},{"taxonomy":"post_tag","embeddable":true,"href":"https:\/\/portalcatolico.net\/portal\/wp-json\/wp\/v2\/tags?post=72805"}],"curies":[{"name":"wp","href":"https:\/\/api.w.org\/{rel}","templated":true}]}}