{"id":72801,"date":"2021-07-05T19:00:44","date_gmt":"2021-07-05T22:00:44","guid":{"rendered":"http:\/\/portalcatolico.net\/portal\/?p=72801"},"modified":"2021-07-05T19:01:04","modified_gmt":"2021-07-05T22:01:04","slug":"novo-boletim-o-papa-esta-em-boas-condicoes","status":"publish","type":"post","link":"https:\/\/portalcatolico.net\/portal\/novo-boletim-o-papa-esta-em-boas-condicoes\/","title":{"rendered":"Novo boletim: o Papa est\u00e1 em boas condi\u00e7\u00f5es"},"content":{"rendered":"<div class=\"article__subTitle\">A cirurgia de ontem \u00e0 noite durou cerca de tr\u00eas horas. Espera-se sete dias de interna\u00e7\u00e3o no Hospital Gemelli.<\/div>\n<div>&nbsp;<\/div>\n<div>O Papa Francisco est\u00e1 em boas condi\u00e7\u00f5es e atento. \u00c9 o que afirma o diretor da Sala de Imprensa da Santa S\u00e9, Matteo Bruni, no novo comunicado sobre as condi\u00e7\u00f5es de sa\u00fade do Papa ap\u00f3s a cirurgia ocorrida na noite de domingo (04\/07).\u201cSua Santidade o Papa Francisco est\u00e1 em boas condi\u00e7\u00f5es gerais, atento e respirando espontaneamente. A cirurgia para estenose diverticular realizada na noite de 4 de julho envolveu uma hemicolectomia esquerda e durou cerca de 3 horas\u201d, disse Bruni.<\/div>\n<div class=\"title__separator\">\n<p>Quanto \u00e0 perman\u00eancia do Papa no Hospital Gemelli, \u201cprev\u00ea-se uma interna\u00e7\u00e3o de cerca de 7 dias, salvo complica\u00e7\u00f5es\u201d.<\/p>\n<p>Com informa\u00e7\u00f5es do site do Vaticano<\/p>\n<\/div>\n<div class=\"article__text \">\n<p>&nbsp;<\/p>\n<\/div>\n","protected":false},"excerpt":{"rendered":"<p>A cirurgia de ontem \u00e0 noite durou cerca de tr\u00eas horas. Espera-se sete dias de interna\u00e7\u00e3o no Hospital Gemelli. &nbsp; O Papa Francisco est\u00e1 em boas condi\u00e7\u00f5es e atento. \u00c9 o que afirma o diretor da Sala de Imprensa da Santa S\u00e9, Matteo Bruni, no novo comunicado sobre as condi\u00e7\u00f5es de sa\u00fade do Papa ap\u00f3s&nbsp;<\/p>\n<p><a class=\"btn btn-style\" href=\"https:\/\/portalcatolico.net\/portal\/novo-boletim-o-papa-esta-em-boas-condicoes\/\">Continue Reading<\/a><\/p>\n","protected":false},"author":2,"featured_media":72802,"comment_status":"open","ping_status":"open","sticky":false,"template":"","format":"standard","meta":{"footnotes":""},"categories":[5],"tags":[],"class_list":["post-72801","post","type-post","status-publish","format-standard","has-post-thumbnail","hentry","category-igreja_no_mundo"],"_links":{"self":[{"href":"https:\/\/portalcatolico.net\/portal\/wp-json\/wp\/v2\/posts\/72801","targetHints":{"allow":["GET"]}}],"collection":[{"href":"https:\/\/portalcatolico.net\/portal\/wp-json\/wp\/v2\/posts"}],"about":[{"href":"https:\/\/portalcatolico.net\/portal\/wp-json\/wp\/v2\/types\/post"}],"author":[{"embeddable":true,"href":"https:\/\/portalcatolico.net\/portal\/wp-json\/wp\/v2\/users\/2"}],"replies":[{"embeddable":true,"href":"https:\/\/portalcatolico.net\/portal\/wp-json\/wp\/v2\/comments?post=72801"}],"version-history":[{"count":2,"href":"https:\/\/portalcatolico.net\/portal\/wp-json\/wp\/v2\/posts\/72801\/revisions"}],"predecessor-version":[{"id":72804,"href":"https:\/\/portalcatolico.net\/portal\/wp-json\/wp\/v2\/posts\/72801\/revisions\/72804"}],"wp:featuredmedia":[{"embeddable":true,"href":"https:\/\/portalcatolico.net\/portal\/wp-json\/wp\/v2\/media\/72802"}],"wp:attachment":[{"href":"https:\/\/portalcatolico.net\/portal\/wp-json\/wp\/v2\/media?parent=72801"}],"wp:term":[{"taxonomy":"category","embeddable":true,"href":"https:\/\/portalcatolico.net\/portal\/wp-json\/wp\/v2\/categories?post=72801"},{"taxonomy":"post_tag","embeddable":true,"href":"https:\/\/portalcatolico.net\/portal\/wp-json\/wp\/v2\/tags?post=72801"}],"curies":[{"name":"wp","href":"https:\/\/api.w.org\/{rel}","templated":true}]}}