{"id":72795,"date":"2021-07-10T00:52:52","date_gmt":"2021-07-10T03:52:52","guid":{"rendered":"http:\/\/portalcatolico.net\/portal\/?p=72795"},"modified":"2021-07-05T18:55:12","modified_gmt":"2021-07-05T21:55:12","slug":"pastoral-familiar-da-diocese-de-itabuna-convida-a-todos-para-live-de-reflexao","status":"publish","type":"post","link":"https:\/\/portalcatolico.net\/portal\/pastoral-familiar-da-diocese-de-itabuna-convida-a-todos-para-live-de-reflexao\/","title":{"rendered":"Pastoral Familiar da Diocese de Itabuna convida a todos para Live de reflex\u00e3o!"},"content":{"rendered":"<div dir=\"auto\">No dia 14\/07, \u00e0s 20h, com transmiss\u00e3o pelo canal do <strong><a href=\"https:\/\/www.youtube.com\/channel\/UCM1iHOEKEYtaQkFcX0K2zrw\">YouTube<\/a> <\/strong>da Pastoral Familiar da Diocese de Itabuna, acontecer\u00e1 uma Live para reflex\u00e3o do cap\u00edtulo V da Exorta\u00e7\u00e3o Apost\u00f3lica Amoris Laetitia da Papa Francisco, com tema &#8220;O amor que se torna fecundo&#8221;.&nbsp;<\/div>\n<div dir=\"auto\">&nbsp;<\/div>\n<div dir=\"auto\">A live vai contar com a presen\u00e7a do casal Andr\u00e9 e Karina Parreira (autores do subs\u00eddio Matrim\u00f4nio usado na prepara\u00e7\u00e3o para os noivos em nossa diocese) dando um testemunho do tema, e em seguida, o Pe. Jos\u00e9 Roberto, da par\u00f3quia Nossa Senhora da Concei\u00e7\u00e3o, de Ferradas, far\u00e1 a reflex\u00e3o.<\/div>\n<div dir=\"auto\">\n<div>&nbsp;<\/div>\n<div>Participe!<\/div>\n<\/div>\n","protected":false},"excerpt":{"rendered":"<p>No dia 14\/07, \u00e0s 20h, com transmiss\u00e3o pelo canal do YouTube da Pastoral Familiar da Diocese de Itabuna, acontecer\u00e1 uma Live para reflex\u00e3o do cap\u00edtulo V da Exorta\u00e7\u00e3o Apost\u00f3lica Amoris Laetitia da Papa Francisco, com tema &#8220;O amor que se torna fecundo&#8221;.&nbsp; &nbsp; A live vai contar com a presen\u00e7a do casal Andr\u00e9 e Karina&nbsp;<\/p>\n<p><a class=\"btn btn-style\" href=\"https:\/\/portalcatolico.net\/portal\/pastoral-familiar-da-diocese-de-itabuna-convida-a-todos-para-live-de-reflexao\/\">Continue Reading<\/a><\/p>\n","protected":false},"author":2,"featured_media":72796,"comment_status":"open","ping_status":"open","sticky":false,"template":"","format":"standard","meta":{"footnotes":""},"categories":[1],"tags":[],"class_list":["post-72795","post","type-post","status-publish","format-standard","has-post-thumbnail","hentry","category-agenda"],"_links":{"self":[{"href":"https:\/\/portalcatolico.net\/portal\/wp-json\/wp\/v2\/posts\/72795","targetHints":{"allow":["GET"]}}],"collection":[{"href":"https:\/\/portalcatolico.net\/portal\/wp-json\/wp\/v2\/posts"}],"about":[{"href":"https:\/\/portalcatolico.net\/portal\/wp-json\/wp\/v2\/types\/post"}],"author":[{"embeddable":true,"href":"https:\/\/portalcatolico.net\/portal\/wp-json\/wp\/v2\/users\/2"}],"replies":[{"embeddable":true,"href":"https:\/\/portalcatolico.net\/portal\/wp-json\/wp\/v2\/comments?post=72795"}],"version-history":[{"count":4,"href":"https:\/\/portalcatolico.net\/portal\/wp-json\/wp\/v2\/posts\/72795\/revisions"}],"predecessor-version":[{"id":72800,"href":"https:\/\/portalcatolico.net\/portal\/wp-json\/wp\/v2\/posts\/72795\/revisions\/72800"}],"wp:featuredmedia":[{"embeddable":true,"href":"https:\/\/portalcatolico.net\/portal\/wp-json\/wp\/v2\/media\/72796"}],"wp:attachment":[{"href":"https:\/\/portalcatolico.net\/portal\/wp-json\/wp\/v2\/media?parent=72795"}],"wp:term":[{"taxonomy":"category","embeddable":true,"href":"https:\/\/portalcatolico.net\/portal\/wp-json\/wp\/v2\/categories?post=72795"},{"taxonomy":"post_tag","embeddable":true,"href":"https:\/\/portalcatolico.net\/portal\/wp-json\/wp\/v2\/tags?post=72795"}],"curies":[{"name":"wp","href":"https:\/\/api.w.org\/{rel}","templated":true}]}}