{"id":72787,"date":"2021-07-06T00:38:11","date_gmt":"2021-07-06T03:38:11","guid":{"rendered":"http:\/\/portalcatolico.net\/portal\/?p=72787"},"modified":"2021-07-04T18:38:38","modified_gmt":"2021-07-04T21:38:38","slug":"festival-halleluya-2021-tera-arena-virtual-para-interacao-do-publico","status":"publish","type":"post","link":"https:\/\/portalcatolico.net\/portal\/festival-halleluya-2021-tera-arena-virtual-para-interacao-do-publico\/","title":{"rendered":"Festival Halleluya 2021 ter\u00e1 arena virtual para intera\u00e7\u00e3o do p\u00fablico"},"content":{"rendered":"<p><strong><em>Pela primeira vez no formato virtual, Festival Hallelluya ser\u00e1 de 23 a 25 de julho<\/em><\/strong><\/p>\n<p>&nbsp;O Festival Halleluya 2021, promovido pela Comunidade Cat\u00f3lica Shalom, contar\u00e1 com uma arena virtual durante os shows e intervalos. O evento ser\u00e1 de 23 a 25 de julho pela primeira vez em formato virtual, devido \u00e0 pandemia de covid-19. A transmiss\u00e3o ser\u00e1 pelo&nbsp;<a href=\"https:\/\/www.youtube.com\/channel\/UCaAmdm0ez5o5hFPAtAid89Q\" target=\"_blank\" rel=\"noopener\"><strong>Canal do Youtube do Festival Halleluya<\/strong><\/a>.<\/p>\n<p>Nos tr\u00eas dias de evento, a programa\u00e7\u00e3o ser\u00e1 de 19h \u00e0s 2h; a transmiss\u00e3o ocorre em Fortaleza, S\u00e3o Paulo e Rio de Janeiro. Al\u00e9m dos momentos de adora\u00e7\u00e3o, uma lista de atra\u00e7\u00f5es musicais j\u00e1 consagradas e novas, como a banda Rosa de Saron, a cantora Eliana Ribeiro, e a banda italiana Gen Rosso.<\/p>\n<p>Na plateia virtual, o p\u00fablico poder\u00e1 acompanhar o evento, aparecer entre os shows e intervalos e interagir com os apresentadores. \u201cTudo isso para levarmos a comunica\u00e7\u00e3o da nossa esperan\u00e7a o mais longe poss\u00edvel\u201d, explica o mission\u00e1rio da Comunidade Cat\u00f3lica Shalom e membro da comiss\u00e3o organizadora do evento, Wilde F\u00e1bio.<\/p>\n<p>\u201cHoje \u00e9 o Halleluya que se organiza para ir at\u00e9 as casas das pessoas. Atrav\u00e9s da internet queremos levar \u00e0s pessoas a mesma aut\u00eantica experi\u00eancia de estar na Arena Halleluya. E de transformarmos o ambiente digital nesse espa\u00e7o, de shows, cultura, f\u00e9, adora\u00e7\u00e3o, aconselhamento, tudo dentro de uma linguagem atual para os tempos de hoje\u201d, acrescenta o mission\u00e1rio.<\/p>\n<h3>Inscri\u00e7\u00e3o na arena e programa\u00e7\u00e3o<\/h3>\n<p>Para participar de forma on-line, interagindo com outras pessoas do Brasil e do mundo, \u00e9 preciso fazer uma inscri\u00e7\u00e3o para o dia de evento. O sistema gerar\u00e1 um link \u00fanico onde o participante acompanhar\u00e1 o evento via plataforma Sympla. O endere\u00e7o para inscri\u00e7\u00e3o \u00e9&nbsp;<a href=\"https:\/\/www.festivalhalleluya.com\/arenavirtual\" target=\"_blank\" rel=\"noopener\">festivalhalleluya.com\/arenavirtual<\/a><\/p>\n<p><strong>Confira, abaixo, a programa\u00e7\u00e3o de shows<\/strong>:<\/p>\n<p>Sexta-feira, 23\/07<br \/>\nShow 01 \u2013 Yuri Costa<br \/>\nShow 02 \u2013 Diego Fernandes<br \/>\nShow 03 \u2013 Eliana Ribeiro<br \/>\nShow 04 \u2013 Davidson Silva<br \/>\nShow 05 \u2013 Adora\u00e7\u00e3o e vida<\/p>\n<p>S\u00e1bado, 24\/07<br \/>\nShow 01 \u2013 Gen Rosso<br \/>\nShow 02 \u2013 Kelly Patr\u00edcia<br \/>\nShow 03 \u2013 Ana Gabriela<br \/>\nShow 04 \u2013 Mission\u00e1rio Shalom<br \/>\nShow 05 \u2013 Thiago Brado<br \/>\nShow 06 \u2013 Sinal de Paz<\/p>\n<p>Domingo, 25\/07<br \/>\nShow 01 \u2013 Naldo Jos\u00e9<br \/>\nShow 02 \u2013 Rosa de Saron<br \/>\nShow 03 \u2013 Suely Fa\u00e7anha<br \/>\nShow 04 \u2013 Adriana Adrydes<br \/>\nShow 05 \u2013 Cosme<\/p>\n<p>Com informa\u00e7\u00f5es e foto da comunidade cat\u00f3lica shalom<\/p>\n","protected":false},"excerpt":{"rendered":"<p>Pela primeira vez no formato virtual, Festival Hallelluya ser\u00e1 de 23 a 25 de julho &nbsp;O Festival Halleluya 2021, promovido pela Comunidade Cat\u00f3lica Shalom, contar\u00e1 com uma arena virtual durante os shows e intervalos. O evento ser\u00e1 de 23 a 25 de julho pela primeira vez em formato virtual, devido \u00e0 pandemia de covid-19. A&nbsp;<\/p>\n<p><a class=\"btn btn-style\" href=\"https:\/\/portalcatolico.net\/portal\/festival-halleluya-2021-tera-arena-virtual-para-interacao-do-publico\/\">Continue Reading<\/a><\/p>\n","protected":false},"author":2,"featured_media":72788,"comment_status":"open","ping_status":"open","sticky":false,"template":"","format":"standard","meta":{"footnotes":""},"categories":[3],"tags":[],"class_list":["post-72787","post","type-post","status-publish","format-standard","has-post-thumbnail","hentry","category-noticias_regionais"],"_links":{"self":[{"href":"https:\/\/portalcatolico.net\/portal\/wp-json\/wp\/v2\/posts\/72787","targetHints":{"allow":["GET"]}}],"collection":[{"href":"https:\/\/portalcatolico.net\/portal\/wp-json\/wp\/v2\/posts"}],"about":[{"href":"https:\/\/portalcatolico.net\/portal\/wp-json\/wp\/v2\/types\/post"}],"author":[{"embeddable":true,"href":"https:\/\/portalcatolico.net\/portal\/wp-json\/wp\/v2\/users\/2"}],"replies":[{"embeddable":true,"href":"https:\/\/portalcatolico.net\/portal\/wp-json\/wp\/v2\/comments?post=72787"}],"version-history":[{"count":1,"href":"https:\/\/portalcatolico.net\/portal\/wp-json\/wp\/v2\/posts\/72787\/revisions"}],"predecessor-version":[{"id":72789,"href":"https:\/\/portalcatolico.net\/portal\/wp-json\/wp\/v2\/posts\/72787\/revisions\/72789"}],"wp:featuredmedia":[{"embeddable":true,"href":"https:\/\/portalcatolico.net\/portal\/wp-json\/wp\/v2\/media\/72788"}],"wp:attachment":[{"href":"https:\/\/portalcatolico.net\/portal\/wp-json\/wp\/v2\/media?parent=72787"}],"wp:term":[{"taxonomy":"category","embeddable":true,"href":"https:\/\/portalcatolico.net\/portal\/wp-json\/wp\/v2\/categories?post=72787"},{"taxonomy":"post_tag","embeddable":true,"href":"https:\/\/portalcatolico.net\/portal\/wp-json\/wp\/v2\/tags?post=72787"}],"curies":[{"name":"wp","href":"https:\/\/api.w.org\/{rel}","templated":true}]}}