{"id":72653,"date":"2021-06-21T20:55:29","date_gmt":"2021-06-21T23:55:29","guid":{"rendered":"http:\/\/portalcatolico.net\/portal\/?p=72653"},"modified":"2021-06-21T20:56:14","modified_gmt":"2021-06-21T23:56:14","slug":"paroquia-celebra-o-glorioso-sao-pedro","status":"publish","type":"post","link":"https:\/\/portalcatolico.net\/portal\/paroquia-celebra-o-glorioso-sao-pedro\/","title":{"rendered":"Par\u00f3quia celebra o glorioso S\u00e3o Pedro!"},"content":{"rendered":"<p>A Par\u00f3quia de S\u00e3o Pedro iniciou os festejos em honra a S\u00e3o Pedro na noite do \u00faltimo domingo, 20 de junho.<br \/>\nA Par\u00f3quia S\u00e3o Pedro de Macarani que comp\u00f5e a Arquidiocese de Vit\u00f3ria da Conquista (BA) iniciou a festa em honra ao Glorioso S\u00e3o Pedro, padroeiro da cidade, e tem como tema: &#8220;Encontrar Jesus na Vida&#8221;. S\u00e3o Pedro \u00e9 celebrado no dia 29 de junho.<br \/>\nVale ressaltar que devido \u00e0s restri\u00e7\u00f5es impostas pelos \u00d3rg\u00e3os de Sa\u00fade, as celebra\u00e7\u00f5es contam a participa\u00e7\u00e3o de fieis numa quantidade limitada e&nbsp; s\u00e3o transmitidas ao vivo pelas redes sociais da par\u00f3quia.<br \/>\nA celebra\u00e7\u00e3o da primeira noite foi presidida pelo Pe. Uatos Pires Pereira e Reitor do Semin\u00e1rio Proped\u00eautico em Itapetinga.<br \/>\nOs devotos de S\u00e3o Pedro podem acompanhar a programa\u00e7\u00e3o neste link:<br \/>\n<a href=\"https:\/\/www.youtube.com\/channel\/UCdgYL5tFPCI-VgjPGwHsFpQ\" target=\"_blank\" rel=\"noopener noreferrer\">https:\/\/www.youtube.com\/channel\/UCdgYL5tFPCI-VgjPGwHsFpQ<\/a><\/p>\n<p>Cr\u00e9dito: Arquidiocese de Vitoria da Conquista(BA)&nbsp;<\/p>\n","protected":false},"excerpt":{"rendered":"<p>A Par\u00f3quia de S\u00e3o Pedro iniciou os festejos em honra a S\u00e3o Pedro na noite do \u00faltimo domingo, 20 de junho. A Par\u00f3quia S\u00e3o Pedro de Macarani que comp\u00f5e a Arquidiocese de Vit\u00f3ria da Conquista (BA) iniciou a festa em honra ao Glorioso S\u00e3o Pedro, padroeiro da cidade, e tem como tema: &#8220;Encontrar Jesus na&nbsp;<\/p>\n<p><a class=\"btn btn-style\" href=\"https:\/\/portalcatolico.net\/portal\/paroquia-celebra-o-glorioso-sao-pedro\/\">Continue Reading<\/a><\/p>\n","protected":false},"author":2,"featured_media":72654,"comment_status":"open","ping_status":"open","sticky":false,"template":"","format":"standard","meta":{"footnotes":""},"categories":[3],"tags":[],"class_list":["post-72653","post","type-post","status-publish","format-standard","has-post-thumbnail","hentry","category-noticias_regionais"],"_links":{"self":[{"href":"https:\/\/portalcatolico.net\/portal\/wp-json\/wp\/v2\/posts\/72653","targetHints":{"allow":["GET"]}}],"collection":[{"href":"https:\/\/portalcatolico.net\/portal\/wp-json\/wp\/v2\/posts"}],"about":[{"href":"https:\/\/portalcatolico.net\/portal\/wp-json\/wp\/v2\/types\/post"}],"author":[{"embeddable":true,"href":"https:\/\/portalcatolico.net\/portal\/wp-json\/wp\/v2\/users\/2"}],"replies":[{"embeddable":true,"href":"https:\/\/portalcatolico.net\/portal\/wp-json\/wp\/v2\/comments?post=72653"}],"version-history":[{"count":1,"href":"https:\/\/portalcatolico.net\/portal\/wp-json\/wp\/v2\/posts\/72653\/revisions"}],"predecessor-version":[{"id":72655,"href":"https:\/\/portalcatolico.net\/portal\/wp-json\/wp\/v2\/posts\/72653\/revisions\/72655"}],"wp:featuredmedia":[{"embeddable":true,"href":"https:\/\/portalcatolico.net\/portal\/wp-json\/wp\/v2\/media\/72654"}],"wp:attachment":[{"href":"https:\/\/portalcatolico.net\/portal\/wp-json\/wp\/v2\/media?parent=72653"}],"wp:term":[{"taxonomy":"category","embeddable":true,"href":"https:\/\/portalcatolico.net\/portal\/wp-json\/wp\/v2\/categories?post=72653"},{"taxonomy":"post_tag","embeddable":true,"href":"https:\/\/portalcatolico.net\/portal\/wp-json\/wp\/v2\/tags?post=72653"}],"curies":[{"name":"wp","href":"https:\/\/api.w.org\/{rel}","templated":true}]}}