{"id":72640,"date":"2021-06-21T20:19:39","date_gmt":"2021-06-21T23:19:39","guid":{"rendered":"http:\/\/portalcatolico.net\/portal\/?p=72640"},"modified":"2021-06-21T20:25:55","modified_gmt":"2021-06-21T23:25:55","slug":"celebracao-da-crisma-e-realizada-em-camacan","status":"publish","type":"post","link":"https:\/\/portalcatolico.net\/portal\/celebracao-da-crisma-e-realizada-em-camacan\/","title":{"rendered":"Celebra\u00e7\u00e3o da Crisma \u00e9 realizada em Camacan"},"content":{"rendered":"<div class=\"v1PlainText\"><img loading=\"lazy\" decoding=\"async\" class=\"alignnone wp-image-72643\" src=\"http:\/\/portalcatolico.net\/portal\/wp-content\/uploads\/2021\/06\/452b315c-f036-4a94-b884-0637b8da8340-300x225.jpg\" alt=\"\" width=\"827\" height=\"620\" srcset=\"https:\/\/portalcatolico.net\/portal\/wp-content\/uploads\/2021\/06\/452b315c-f036-4a94-b884-0637b8da8340-300x225.jpg 300w, https:\/\/portalcatolico.net\/portal\/wp-content\/uploads\/2021\/06\/452b315c-f036-4a94-b884-0637b8da8340-768x576.jpg 768w, https:\/\/portalcatolico.net\/portal\/wp-content\/uploads\/2021\/06\/452b315c-f036-4a94-b884-0637b8da8340-1024x768.jpg 1024w, https:\/\/portalcatolico.net\/portal\/wp-content\/uploads\/2021\/06\/452b315c-f036-4a94-b884-0637b8da8340.jpg 1280w\" sizes=\"auto, (max-width: 827px) 100vw, 827px\" \/>Trinta e cinco fieis participam de celebra\u00e7\u00e3o do sacramento da Crisma, realizada na par\u00f3quia S\u00e3o Sebasti\u00e3o na cidade de Camacan, no sul da Bahia, neste \u00faltimo domingo, 20 de junho, \u00e0s 9h.<br \/>\nDom Carlos Alberto conferiu o Sacramento da Crisma para&nbsp; 35 jovens e adultos, das comunidades e da Matriz de S\u00e3o Sebasti\u00e3o, M\u00e3e do Divino Amor e S\u00e3o Jos\u00e9.<br \/>\nA celebra\u00e7\u00e3o aconteceu na Capela Nossa Senhora Rainha dos Ap\u00f3stolos, com a presid\u00eancia do Bispo Diocesano, Dom Carlos Alberto dos Santos e concelebra\u00e7\u00e3o pelo p\u00e1roco, o Pe. Geovane de Souza Santos e Silva, SAC, e o Postulante Rafael (Postulado Palotino no Banco da Vit\u00f3ria &#8211; Ilh\u00e9us-BA).<img loading=\"lazy\" decoding=\"async\" class=\"wp-image-72645 aligncenter\" src=\"http:\/\/portalcatolico.net\/portal\/wp-content\/uploads\/2021\/06\/bfc39693-e975-446a-b873-cc86bbda682d-300x225.jpg\" alt=\"\" width=\"816\" height=\"612\" srcset=\"https:\/\/portalcatolico.net\/portal\/wp-content\/uploads\/2021\/06\/bfc39693-e975-446a-b873-cc86bbda682d-300x225.jpg 300w, https:\/\/portalcatolico.net\/portal\/wp-content\/uploads\/2021\/06\/bfc39693-e975-446a-b873-cc86bbda682d-768x576.jpg 768w, https:\/\/portalcatolico.net\/portal\/wp-content\/uploads\/2021\/06\/bfc39693-e975-446a-b873-cc86bbda682d-1024x768.jpg 1024w, https:\/\/portalcatolico.net\/portal\/wp-content\/uploads\/2021\/06\/bfc39693-e975-446a-b873-cc86bbda682d.jpg 1280w\" sizes=\"auto, (max-width: 816px) 100vw, 816px\" \/><\/div>\n<p class=\"v1PlainText\"><strong>CONFIRMA\u00c7\u00c3O<\/strong>:<br \/>\n&nbsp; &#8220;A Confirma\u00e7\u00e3o completa a gra\u00e7a batismal; Ela \u00e9 o sacramento que d\u00e1 o Esp\u00edrito Santo, para nos enraizar mais profundamente na filia\u00e7\u00e3o divina, incorporar-nos mais solidamente em Cristo, tornar mais firme o la\u00e7o que nos prende \u00e0 Igreja, associar-nos mais \u00e0 sua miss\u00e3o e ajudar-nos a dar testemunho da f\u00e9 crist\u00e3 pela palavra, acompanhada de obras&#8221; (CIC, 1316).<br \/>\nO Rito da Crisma consta da renova\u00e7\u00e3o das promessas batismais, da imposi\u00e7\u00e3o das m\u00e3os e da un\u00e7\u00e3o com o \u00f3leo sagrado na fronte dos confirmandos. Chama-se Crisma justamente por causa desse rito essencial, que \u00e9 a un\u00e7\u00e3o. Chama-se Confirma\u00e7\u00e3o, tamb\u00e9m, porque confirma e refor\u00e7a a gra\u00e7a batismal.<br \/>\nFOTOS: Pascom\/Pastoral da Comunica\u00e7\u00e3o de Camacan<img loading=\"lazy\" decoding=\"async\" class=\"wp-image-72647 aligncenter\" src=\"http:\/\/portalcatolico.net\/portal\/wp-content\/uploads\/2021\/06\/6e0bd42d-9d4e-4770-a719-5c5d94c75296-300x169.jpg\" alt=\"\" width=\"813\" height=\"458\" srcset=\"https:\/\/portalcatolico.net\/portal\/wp-content\/uploads\/2021\/06\/6e0bd42d-9d4e-4770-a719-5c5d94c75296-300x169.jpg 300w, https:\/\/portalcatolico.net\/portal\/wp-content\/uploads\/2021\/06\/6e0bd42d-9d4e-4770-a719-5c5d94c75296-1024x575.jpg 1024w, https:\/\/portalcatolico.net\/portal\/wp-content\/uploads\/2021\/06\/6e0bd42d-9d4e-4770-a719-5c5d94c75296.jpg 1280w\" sizes=\"auto, (max-width: 813px) 100vw, 813px\" \/><\/p>\n","protected":false},"excerpt":{"rendered":"<p>Trinta e cinco fieis participam de celebra\u00e7\u00e3o do sacramento da Crisma, realizada na par\u00f3quia S\u00e3o Sebasti\u00e3o na cidade de Camacan, no sul da Bahia, neste \u00faltimo domingo, 20 de junho, \u00e0s 9h. Dom Carlos Alberto conferiu o Sacramento da Crisma para&nbsp; 35 jovens e adultos, das comunidades e da Matriz de S\u00e3o Sebasti\u00e3o, M\u00e3e do&nbsp;<\/p>\n<p><a class=\"btn btn-style\" href=\"https:\/\/portalcatolico.net\/portal\/celebracao-da-crisma-e-realizada-em-camacan\/\">Continue Reading<\/a><\/p>\n","protected":false},"author":2,"featured_media":72641,"comment_status":"open","ping_status":"open","sticky":false,"template":"","format":"standard","meta":{"footnotes":""},"categories":[4],"tags":[],"class_list":["post-72640","post","type-post","status-publish","format-standard","has-post-thumbnail","hentry","category-destaques"],"_links":{"self":[{"href":"https:\/\/portalcatolico.net\/portal\/wp-json\/wp\/v2\/posts\/72640","targetHints":{"allow":["GET"]}}],"collection":[{"href":"https:\/\/portalcatolico.net\/portal\/wp-json\/wp\/v2\/posts"}],"about":[{"href":"https:\/\/portalcatolico.net\/portal\/wp-json\/wp\/v2\/types\/post"}],"author":[{"embeddable":true,"href":"https:\/\/portalcatolico.net\/portal\/wp-json\/wp\/v2\/users\/2"}],"replies":[{"embeddable":true,"href":"https:\/\/portalcatolico.net\/portal\/wp-json\/wp\/v2\/comments?post=72640"}],"version-history":[{"count":5,"href":"https:\/\/portalcatolico.net\/portal\/wp-json\/wp\/v2\/posts\/72640\/revisions"}],"predecessor-version":[{"id":72649,"href":"https:\/\/portalcatolico.net\/portal\/wp-json\/wp\/v2\/posts\/72640\/revisions\/72649"}],"wp:featuredmedia":[{"embeddable":true,"href":"https:\/\/portalcatolico.net\/portal\/wp-json\/wp\/v2\/media\/72641"}],"wp:attachment":[{"href":"https:\/\/portalcatolico.net\/portal\/wp-json\/wp\/v2\/media?parent=72640"}],"wp:term":[{"taxonomy":"category","embeddable":true,"href":"https:\/\/portalcatolico.net\/portal\/wp-json\/wp\/v2\/categories?post=72640"},{"taxonomy":"post_tag","embeddable":true,"href":"https:\/\/portalcatolico.net\/portal\/wp-json\/wp\/v2\/tags?post=72640"}],"curies":[{"name":"wp","href":"https:\/\/api.w.org\/{rel}","templated":true}]}}