{"id":72616,"date":"2021-06-18T10:41:01","date_gmt":"2021-06-18T13:41:01","guid":{"rendered":"http:\/\/portalcatolico.net\/portal\/?p=72616"},"modified":"2021-06-18T19:41:22","modified_gmt":"2021-06-18T22:41:22","slug":"festa-do-padroeiro-da-diocese-de-barreiras-ba-sao-joao-batista","status":"publish","type":"post","link":"https:\/\/portalcatolico.net\/portal\/festa-do-padroeiro-da-diocese-de-barreiras-ba-sao-joao-batista\/","title":{"rendered":"Festa do Padroeiro da Diocese de Barreiras (BA) S\u00e3o Jo\u00e3o Batista"},"content":{"rendered":"<p>A Catedral S\u00e3o Jo\u00e3o Batista da Diocese de&nbsp;Barreiras (BA), deu in\u00edcio na \u00faltima ter\u00e7a,&nbsp;15, ao noven\u00e1rio em honra ao Glorioso S\u00e3o Jo\u00e3o, padroeiro da Diocese de Barreiras. A primeira noite foi presidida pelo Pe. Verneson, e contou com a presen\u00e7a dos fi\u00e9is devotos de S\u00e3o Jo\u00e3o Batista, que puderam rezar e agradecer a Deus pela inten\u00e7\u00e3o de seu santo padroeiro.<\/p>\n<p>O Noven\u00e1rio vai at\u00e9 o dia 23 de junho, e est\u00e1 sendo realizado \u00e0s 18h30. No dia 24, dia de S\u00e3o Jo\u00e3o Batista, ser\u00e3o realizado 3 Missas, \u00e0s 7h, \u00e0s 10h e \u00e0s 17h.<\/p>\n<p>Foto: Reprodu\u00e7\u00e3o \/ Diocese de Barreiras&nbsp;<\/p>\n","protected":false},"excerpt":{"rendered":"<p>A Catedral S\u00e3o Jo\u00e3o Batista da Diocese de&nbsp;Barreiras (BA), deu in\u00edcio na \u00faltima ter\u00e7a,&nbsp;15, ao noven\u00e1rio em honra ao Glorioso S\u00e3o Jo\u00e3o, padroeiro da Diocese de Barreiras. A primeira noite foi presidida pelo Pe. Verneson, e contou com a presen\u00e7a dos fi\u00e9is devotos de S\u00e3o Jo\u00e3o Batista, que puderam rezar e agradecer a Deus pela&nbsp;<\/p>\n<p><a class=\"btn btn-style\" href=\"https:\/\/portalcatolico.net\/portal\/festa-do-padroeiro-da-diocese-de-barreiras-ba-sao-joao-batista\/\">Continue Reading<\/a><\/p>\n","protected":false},"author":2,"featured_media":72617,"comment_status":"open","ping_status":"open","sticky":false,"template":"","format":"standard","meta":{"footnotes":""},"categories":[4],"tags":[],"class_list":["post-72616","post","type-post","status-publish","format-standard","has-post-thumbnail","hentry","category-destaques"],"_links":{"self":[{"href":"https:\/\/portalcatolico.net\/portal\/wp-json\/wp\/v2\/posts\/72616","targetHints":{"allow":["GET"]}}],"collection":[{"href":"https:\/\/portalcatolico.net\/portal\/wp-json\/wp\/v2\/posts"}],"about":[{"href":"https:\/\/portalcatolico.net\/portal\/wp-json\/wp\/v2\/types\/post"}],"author":[{"embeddable":true,"href":"https:\/\/portalcatolico.net\/portal\/wp-json\/wp\/v2\/users\/2"}],"replies":[{"embeddable":true,"href":"https:\/\/portalcatolico.net\/portal\/wp-json\/wp\/v2\/comments?post=72616"}],"version-history":[{"count":1,"href":"https:\/\/portalcatolico.net\/portal\/wp-json\/wp\/v2\/posts\/72616\/revisions"}],"predecessor-version":[{"id":72618,"href":"https:\/\/portalcatolico.net\/portal\/wp-json\/wp\/v2\/posts\/72616\/revisions\/72618"}],"wp:featuredmedia":[{"embeddable":true,"href":"https:\/\/portalcatolico.net\/portal\/wp-json\/wp\/v2\/media\/72617"}],"wp:attachment":[{"href":"https:\/\/portalcatolico.net\/portal\/wp-json\/wp\/v2\/media?parent=72616"}],"wp:term":[{"taxonomy":"category","embeddable":true,"href":"https:\/\/portalcatolico.net\/portal\/wp-json\/wp\/v2\/categories?post=72616"},{"taxonomy":"post_tag","embeddable":true,"href":"https:\/\/portalcatolico.net\/portal\/wp-json\/wp\/v2\/tags?post=72616"}],"curies":[{"name":"wp","href":"https:\/\/api.w.org\/{rel}","templated":true}]}}