{"id":72613,"date":"2021-06-18T19:00:53","date_gmt":"2021-06-18T22:00:53","guid":{"rendered":"http:\/\/portalcatolico.net\/portal\/?p=72613"},"modified":"2021-06-18T19:36:07","modified_gmt":"2021-06-18T22:36:07","slug":"ecc-realiza-campanha-solidaria-na-arquidiocese-de-vitoria-da-conquista-ba","status":"publish","type":"post","link":"https:\/\/portalcatolico.net\/portal\/ecc-realiza-campanha-solidaria-na-arquidiocese-de-vitoria-da-conquista-ba\/","title":{"rendered":"ECC realiza campanha solid\u00e1ria na Arquidiocese de Vit\u00f3ria da Conquista (BA)"},"content":{"rendered":"<p><strong><em>Para doa\u00e7\u00f5es em dinheiro, a coordena\u00e7\u00e3o da campanha disponibilizou uma chave PIX<\/em><\/strong><\/p>\n<p>O Encontro de Casais com Cristo (ECC), da Arquidiocese de Vit\u00f3ria da Conquista (BA)&nbsp;promove a campanha \u201cDoar \u00e9 um gesto de amor e faz bem \u2013 Multiplique!\u201d, com o objetivo de arrecadar alimentos, agasalhos, cobertores, produtos de limpeza e de higiene, fraldas e outros itens para serem doados a fam\u00edlias carentes da cidade.<\/p>\n<p>H\u00e1 pontos de arrecada\u00e7\u00e3o distribu\u00eddos por toda a cidade. Confira: T\u00f4NoLucro (Candeias), Par\u00f3quia Nossa Senhora das Gra\u00e7as (Recreio), Bar do J\u00f3 (Morada dos P\u00e1ssaros), Loj\u00e3o Gira R\u00e1pido (Centro), Ative Motos (Sumar\u00e9), VC Vistorias (S\u00e3o Vicente), Casa das Tintas (Rio-BA), Point Ve\u00edculos (B. Brasil), Livraria Dom Clim\u00e9rio (Centro), El\u00e9trica Brasil (Alto Maron e B. Brasil), ProteCar (Centro) e Geo Festas (Patag\u00f4nia).<\/p>\n<p>Para doa\u00e7\u00f5es em dinheiro, a coordena\u00e7\u00e3o da campanha disponibilizou uma chave PIX: 77 99806-4021 (telefone).<\/p>\n<p>O ECC \u00e9 um servi\u00e7o-escola da Igreja Cat\u00f3lica voltado \u00e0 evangeliza\u00e7\u00e3o das fam\u00edlias, implantado em 2002 em Vit\u00f3ria da Conquista e j\u00e1 presente em 10 par\u00f3quias da Arquidiocese.(fecatolica)<\/p>\n<p>Foto: Ag\u00eancia Brasil<\/p>\n","protected":false},"excerpt":{"rendered":"<p>Para doa\u00e7\u00f5es em dinheiro, a coordena\u00e7\u00e3o da campanha disponibilizou uma chave PIX O Encontro de Casais com Cristo (ECC), da Arquidiocese de Vit\u00f3ria da Conquista (BA)&nbsp;promove a campanha \u201cDoar \u00e9 um gesto de amor e faz bem \u2013 Multiplique!\u201d, com o objetivo de arrecadar alimentos, agasalhos, cobertores, produtos de limpeza e de higiene, fraldas e&nbsp;<\/p>\n<p><a class=\"btn btn-style\" href=\"https:\/\/portalcatolico.net\/portal\/ecc-realiza-campanha-solidaria-na-arquidiocese-de-vitoria-da-conquista-ba\/\">Continue Reading<\/a><\/p>\n","protected":false},"author":2,"featured_media":72614,"comment_status":"open","ping_status":"open","sticky":false,"template":"","format":"standard","meta":{"footnotes":""},"categories":[3],"tags":[],"class_list":["post-72613","post","type-post","status-publish","format-standard","has-post-thumbnail","hentry","category-noticias_regionais"],"_links":{"self":[{"href":"https:\/\/portalcatolico.net\/portal\/wp-json\/wp\/v2\/posts\/72613","targetHints":{"allow":["GET"]}}],"collection":[{"href":"https:\/\/portalcatolico.net\/portal\/wp-json\/wp\/v2\/posts"}],"about":[{"href":"https:\/\/portalcatolico.net\/portal\/wp-json\/wp\/v2\/types\/post"}],"author":[{"embeddable":true,"href":"https:\/\/portalcatolico.net\/portal\/wp-json\/wp\/v2\/users\/2"}],"replies":[{"embeddable":true,"href":"https:\/\/portalcatolico.net\/portal\/wp-json\/wp\/v2\/comments?post=72613"}],"version-history":[{"count":1,"href":"https:\/\/portalcatolico.net\/portal\/wp-json\/wp\/v2\/posts\/72613\/revisions"}],"predecessor-version":[{"id":72615,"href":"https:\/\/portalcatolico.net\/portal\/wp-json\/wp\/v2\/posts\/72613\/revisions\/72615"}],"wp:featuredmedia":[{"embeddable":true,"href":"https:\/\/portalcatolico.net\/portal\/wp-json\/wp\/v2\/media\/72614"}],"wp:attachment":[{"href":"https:\/\/portalcatolico.net\/portal\/wp-json\/wp\/v2\/media?parent=72613"}],"wp:term":[{"taxonomy":"category","embeddable":true,"href":"https:\/\/portalcatolico.net\/portal\/wp-json\/wp\/v2\/categories?post=72613"},{"taxonomy":"post_tag","embeddable":true,"href":"https:\/\/portalcatolico.net\/portal\/wp-json\/wp\/v2\/tags?post=72613"}],"curies":[{"name":"wp","href":"https:\/\/api.w.org\/{rel}","templated":true}]}}