{"id":72606,"date":"2021-06-18T19:25:47","date_gmt":"2021-06-18T22:25:47","guid":{"rendered":"http:\/\/portalcatolico.net\/portal\/?p=72606"},"modified":"2021-06-18T19:32:18","modified_gmt":"2021-06-18T22:32:18","slug":"fieis-celebram-sao-joao-batista","status":"publish","type":"post","link":"https:\/\/portalcatolico.net\/portal\/fieis-celebram-sao-joao-batista\/","title":{"rendered":"Fieis celebram S\u00e3o Jo\u00e3o Batista!"},"content":{"rendered":"<div class=\"v1OutlineElement v1Ltr v1BCX0 v1SCXW239478662\">\n<p class=\"v1Paragraph v1SCXW239478662 v1BCX0\" lang=\"PT-BR\"><span class=\"v1TextRun v1SCXW239478662 v1BCX0\" lang=\"PT-BR\"><span class=\"v1NormalTextRun v1SCXW239478662 v1BCX0\">A comunidade de S\u00e3o Jo\u00e3o Batista, no distrito da&nbsp;<\/span><span class=\"v1NormalTextRun v1SpellingErrorV2 v1SCXW239478662 v1BCX0\">Salomea<\/span><span class=\"v1NormalTextRun v1SCXW239478662 v1BCX0\">, no munic\u00edpio de<\/span><\/span><span class=\"v1LineBreakBlob v1BlobObject v1DragDrop v1SCXW239478662 v1BCX0\"><span class=\"v1SCXW239478662 v1BCX0\">&nbsp;&nbsp;<\/span><\/span><span class=\"v1TextRun v1SCXW239478662 v1BCX0\" lang=\"PT-BR\"><span class=\"v1NormalTextRun v1SCXW239478662 v1BCX0\">Ibicara\u00ed (BA), tem alegria de convidar voc\u00ea, sua fam\u00edlia e todo o povo de<\/span><\/span><span class=\"v1LineBreakBlob v1BlobObject v1DragDrop v1SCXW239478662 v1BCX0\"><span class=\"v1SCXW239478662 v1BCX0\">&nbsp;&nbsp;<\/span><\/span><span class=\"v1TextRun v1SCXW239478662 v1BCX0\" lang=\"PT-BR\"><span class=\"v1NormalTextRun v1SCXW239478662 v1BCX0\">Deus, para celebrar o Glorioso S\u00e3o Jo\u00e3o Batista, padroeiro da<\/span><\/span><span class=\"v1LineBreakBlob v1BlobObject v1DragDrop v1SCXW239478662 v1BCX0\"><span class=\"v1SCXW239478662 v1BCX0\">&nbsp;&nbsp;<\/span><\/span><span class=\"v1TextRun v1SCXW239478662 v1BCX0\" lang=\"PT-BR\"><span class=\"v1NormalTextRun v1SCXW239478662 v1BCX0\">Comunidade da&nbsp;<\/span><span class=\"v1NormalTextRun v1SpellingErrorV2 v1SCXW239478662 v1BCX0\">Salomea<\/span><span class=\"v1NormalTextRun v1SCXW239478662 v1BCX0\">. As comemora\u00e7\u00f5es tiveram in\u00edcio nesta quarta-feira,&nbsp;<\/span><span class=\"v1NormalTextRun v1SCXW239478662 v1BCX0\">16<\/span><span class=\"v1NormalTextRun v1SCXW239478662 v1BCX0\">.<\/span><\/span><span class=\"v1EOP v1SCXW239478662 v1BCX0\">&nbsp;<\/span><\/p>\n<\/div>\n<div class=\"v1OutlineElement v1Ltr v1BCX0 v1SCXW239478662\">\n<p class=\"v1Paragraph v1SCXW239478662 v1BCX0\" lang=\"PT-BR\"><span class=\"v1TextRun v1SCXW239478662 v1BCX0\" lang=\"PT-BR\"><span class=\"v1NormalTextRun v1SCXW239478662 v1BCX0\">O d<\/span><span class=\"v1NormalTextRun v1SCXW239478662 v1BCX0\">ia festivo<\/span><span class=\"v1NormalTextRun v1SCXW239478662 v1BCX0\">&nbsp;acontece no dia&nbsp;<\/span><span class=\"v1NormalTextRun v1SCXW239478662 v1BCX0\">24 de junho com alvorada \u00e0s 6h e repicar dos sinos.<\/span><\/span><span class=\"v1LineBreakBlob v1BlobObject v1DragDrop v1SCXW239478662 v1BCX0\"><span class=\"v1SCXW239478662 v1BCX0\">&nbsp;<\/span><br class=\"v1SCXW239478662 v1BCX0\"><\/span><span class=\"v1TextRun v1SCXW239478662 v1BCX0\" lang=\"PT-BR\"><span class=\"v1NormalTextRun v1SCXW239478662 v1BCX0\">\u00c0s&nbsp;<\/span><span class=\"v1NormalTextRun v1SCXW239478662 v1BCX0\">15h,&nbsp;<\/span><span class=\"v1NormalTextRun v1SCXW239478662 v1BCX0\">tem uma&nbsp;<\/span><span class=\"v1NormalTextRun v1SCXW239478662 v1BCX0\">solene celebra\u00e7\u00e3o eucar\u00edstica com a presid\u00eancia do Pe. Wesley da<\/span><\/span><span class=\"v1LineBreakBlob v1BlobObject v1DragDrop v1SCXW239478662 v1BCX0\"><span class=\"v1SCXW239478662 v1BCX0\">&nbsp;&nbsp;<\/span><\/span><span class=\"v1TextRun v1SCXW239478662 v1BCX0\" lang=\"PT-BR\"><span class=\"v1NormalTextRun v1SCXW239478662 v1BCX0\">Concei\u00e7\u00e3o<\/span><span class=\"v1NormalTextRun v1SCXW239478662 v1BCX0\">,&nbsp;<\/span><span class=\"v1NormalTextRun v1SCXW239478662 v1BCX0\">encerrando com a b\u00ean\u00e7\u00e3o do Sant\u00edssimo&nbsp;<\/span><span class=\"v1NormalTextRun v1SCXW239478662 v1BCX0\">S<\/span><span class=\"v1NormalTextRun v1SCXW239478662 v1BCX0\">acramento.<\/span><\/span><span class=\"v1EOP v1SCXW239478662 v1BCX0\">&nbsp;<\/span><\/p>\n<\/div>\n<div class=\"v1OutlineElement v1Ltr v1BCX0 v1SCXW239478662\">\n<p class=\"v1Paragraph v1SCXW239478662 v1BCX0\" lang=\"PT-BR\"><span class=\"v1TextRun v1SCXW239478662 v1BCX0\" lang=\"PT-BR\"><span class=\"v1NormalTextRun v1SCXW239478662 v1BCX0\">O&nbsp;tema central da festa: &#8220;O que vimos e ouvimos, n\u00f3s os anunciamos&#8221;<\/span><\/span><span class=\"v1LineBreakBlob v1BlobObject v1DragDrop v1SCXW239478662 v1BCX0\"><span class=\"v1SCXW239478662 v1BCX0\">&nbsp;<\/span><\/span><span class=\"v1TextRun v1SCXW239478662 v1BCX0\" lang=\"PT-BR\"><span class=\"v1NormalTextRun v1SCXW239478662 v1BCX0\">(<\/span><span class=\"v1NormalTextRun v1SpellingErrorV2 v1SCXW239478662 v1BCX0\">Jo<\/span><span class=\"v1NormalTextRun v1SCXW239478662 v1BCX0\">&nbsp;1,3), e o lema: &#8220;Chamados a santidade&#8221;.<\/span><\/span><span class=\"v1LineBreakBlob v1BlobObject v1DragDrop v1SCXW239478662 v1BCX0\"><span class=\"v1SCXW239478662 v1BCX0\">&nbsp;<\/span><br class=\"v1SCXW239478662 v1BCX0\"><\/span><span class=\"v1TextRun v1SCXW239478662 v1BCX0\" lang=\"PT-BR\"><span class=\"v1NormalTextRun v1SCXW239478662 v1BCX0\">A Igreja de S\u00e3o Jo\u00e3o Batista comp\u00f5e a par\u00f3quia Senhor Deus Menino, na<\/span><\/span><span class=\"v1LineBreakBlob v1BlobObject v1DragDrop v1SCXW239478662 v1BCX0\"><span class=\"v1SCXW239478662 v1BCX0\">&nbsp;<\/span><\/span><span class=\"v1TextRun v1SCXW239478662 v1BCX0\" lang=\"PT-BR\"><span class=\"v1NormalTextRun v1SCXW239478662 v1BCX0\">cidade de Ibicara\u00ed e diocese de Itabuna.<\/span><\/span><span class=\"v1EOP v1SCXW239478662 v1BCX0\">&nbsp;<\/span><\/p>\n<p lang=\"PT-BR\"><img loading=\"lazy\" decoding=\"async\" class=\"alignnone wp-image-72607\" src=\"http:\/\/portalcatolico.net\/portal\/wp-content\/uploads\/2021\/06\/b88f36d5-c38f-4182-a5a7-dced32ecf824-300x211.jpg\" alt=\"\" width=\"825\" height=\"580\" srcset=\"https:\/\/portalcatolico.net\/portal\/wp-content\/uploads\/2021\/06\/b88f36d5-c38f-4182-a5a7-dced32ecf824-300x211.jpg 300w, https:\/\/portalcatolico.net\/portal\/wp-content\/uploads\/2021\/06\/b88f36d5-c38f-4182-a5a7-dced32ecf824-768x541.jpg 768w, https:\/\/portalcatolico.net\/portal\/wp-content\/uploads\/2021\/06\/b88f36d5-c38f-4182-a5a7-dced32ecf824.jpg 1080w\" sizes=\"auto, (max-width: 825px) 100vw, 825px\" \/><\/p>\n<p lang=\"PT-BR\"><img loading=\"lazy\" decoding=\"async\" class=\"alignnone wp-image-72608\" src=\"http:\/\/portalcatolico.net\/portal\/wp-content\/uploads\/2021\/06\/3fd729ce-d71d-4bf0-a6e8-4ac57f0c4bcb-300x211.jpg\" alt=\"\" width=\"825\" height=\"580\" srcset=\"https:\/\/portalcatolico.net\/portal\/wp-content\/uploads\/2021\/06\/3fd729ce-d71d-4bf0-a6e8-4ac57f0c4bcb-300x211.jpg 300w, https:\/\/portalcatolico.net\/portal\/wp-content\/uploads\/2021\/06\/3fd729ce-d71d-4bf0-a6e8-4ac57f0c4bcb-768x541.jpg 768w, https:\/\/portalcatolico.net\/portal\/wp-content\/uploads\/2021\/06\/3fd729ce-d71d-4bf0-a6e8-4ac57f0c4bcb.jpg 1080w\" sizes=\"auto, (max-width: 825px) 100vw, 825px\" \/><\/p>\n<p lang=\"PT-BR\">Foto: Redes Sociais<\/p>\n<\/div>\n<div class=\"v1OutlineElement v1Ltr v1BCX0 v1SCXW239478662\">\n<p class=\"v1Paragraph v1SCXW239478662 v1BCX0\" lang=\"PT-BR\"><span class=\"v1EOP v1SCXW239478662 v1BCX0\">&nbsp;<\/span><\/p>\n<\/div>\n","protected":false},"excerpt":{"rendered":"<p>A comunidade de S\u00e3o Jo\u00e3o Batista, no distrito da&nbsp;Salomea, no munic\u00edpio de&nbsp;&nbsp;Ibicara\u00ed (BA), tem alegria de convidar voc\u00ea, sua fam\u00edlia e todo o povo de&nbsp;&nbsp;Deus, para celebrar o Glorioso S\u00e3o Jo\u00e3o Batista, padroeiro da&nbsp;&nbsp;Comunidade da&nbsp;Salomea. As comemora\u00e7\u00f5es tiveram in\u00edcio nesta quarta-feira,&nbsp;16.&nbsp; O dia festivo&nbsp;acontece no dia&nbsp;24 de junho com alvorada \u00e0s 6h e repicar dos&nbsp;<\/p>\n<p><a class=\"btn btn-style\" href=\"https:\/\/portalcatolico.net\/portal\/fieis-celebram-sao-joao-batista\/\">Continue Reading<\/a><\/p>\n","protected":false},"author":2,"featured_media":72611,"comment_status":"open","ping_status":"open","sticky":false,"template":"","format":"standard","meta":{"footnotes":""},"categories":[4],"tags":[],"class_list":["post-72606","post","type-post","status-publish","format-standard","has-post-thumbnail","hentry","category-destaques"],"_links":{"self":[{"href":"https:\/\/portalcatolico.net\/portal\/wp-json\/wp\/v2\/posts\/72606","targetHints":{"allow":["GET"]}}],"collection":[{"href":"https:\/\/portalcatolico.net\/portal\/wp-json\/wp\/v2\/posts"}],"about":[{"href":"https:\/\/portalcatolico.net\/portal\/wp-json\/wp\/v2\/types\/post"}],"author":[{"embeddable":true,"href":"https:\/\/portalcatolico.net\/portal\/wp-json\/wp\/v2\/users\/2"}],"replies":[{"embeddable":true,"href":"https:\/\/portalcatolico.net\/portal\/wp-json\/wp\/v2\/comments?post=72606"}],"version-history":[{"count":3,"href":"https:\/\/portalcatolico.net\/portal\/wp-json\/wp\/v2\/posts\/72606\/revisions"}],"predecessor-version":[{"id":72612,"href":"https:\/\/portalcatolico.net\/portal\/wp-json\/wp\/v2\/posts\/72606\/revisions\/72612"}],"wp:featuredmedia":[{"embeddable":true,"href":"https:\/\/portalcatolico.net\/portal\/wp-json\/wp\/v2\/media\/72611"}],"wp:attachment":[{"href":"https:\/\/portalcatolico.net\/portal\/wp-json\/wp\/v2\/media?parent=72606"}],"wp:term":[{"taxonomy":"category","embeddable":true,"href":"https:\/\/portalcatolico.net\/portal\/wp-json\/wp\/v2\/categories?post=72606"},{"taxonomy":"post_tag","embeddable":true,"href":"https:\/\/portalcatolico.net\/portal\/wp-json\/wp\/v2\/tags?post=72606"}],"curies":[{"name":"wp","href":"https:\/\/api.w.org\/{rel}","templated":true}]}}