{"id":72600,"date":"2021-06-18T19:20:12","date_gmt":"2021-06-18T22:20:12","guid":{"rendered":"http:\/\/portalcatolico.net\/portal\/?p=72600"},"modified":"2021-06-18T19:20:12","modified_gmt":"2021-06-18T22:20:12","slug":"toque-de-sinos-e-celebracoes-no-santuario-nacional-vao-homenagear-meio-milhao-de-vitimas-da-covid-19-no-brasil","status":"publish","type":"post","link":"https:\/\/portalcatolico.net\/portal\/toque-de-sinos-e-celebracoes-no-santuario-nacional-vao-homenagear-meio-milhao-de-vitimas-da-covid-19-no-brasil\/","title":{"rendered":"Toque de sinos e celebra\u00e7\u00f5es no Santu\u00e1rio Nacional v\u00e3o homenagear meio milh\u00e3o de v\u00edtimas da Covid-19 no Brasil"},"content":{"rendered":"<div>\n<p><i>Campan\u00e1rio da Bas\u00edlica Nova e carrilh\u00e3o da Bas\u00edlica Velha v\u00e3o dobrar pelos vitimados pela pandemia. Celebra\u00e7\u00f5es no Santu\u00e1rio v\u00e3o rezar pela alma dos fi\u00e9is.<\/i><\/p>\n<p><i>Por Victor Hugo Barros<\/i><\/p>\n<\/div>\n<div>\n<p>Os sinos das Bas\u00edlicas Nova e Velha de Aparecida (SP) v\u00e3o dobrar \u00e0s 15h do s\u00e1bado (19) em homenagem aos 500 mil mortos pela Covid-19. No mesmo dia, as celebra\u00e7\u00f5es no Santu\u00e1rio Nacional ser\u00e3o rezadas em sufr\u00e1gio da alma das v\u00edtimas e pelo consolo de seus familiares.<\/p>\n<p>\u201c\u00c9 a manifesta\u00e7\u00e3o p\u00fablica da nossa esperan\u00e7a, f\u00e9 e solidariedade pelas pessoas que perderam a sua vida nesta pandemia. Tamb\u00e9m um sinal de nossa proximidade com suas fam\u00edlias e todos aqueles que est\u00e3o na linha de frente\u201d, afirma o reitor do Santu\u00e1rio Nacional, padre Eduardo Catalfo.<\/p>\n<p>A a\u00e7\u00e3o acontece em sintonia com igrejas de todo o pa\u00eds, que tamb\u00e9m devem, juntas, soar os sinos no mesmo dia e hor\u00e1rio. A iniciativa foi organizada pela Confer\u00eancia Nacional dos Bispos do Brasil (CNBB) e acolhida por templos cat\u00f3licos de todo o pa\u00eds.<\/p>\n<p>&#8220;\u00c9 um n\u00famero simb\u00f3lico, que mexe com a gente. Essas viradas matem\u00e1ticas, elas mexem muito com a gente,&nbsp;meio milh\u00e3o de pessoas \u00e9 muita gente\u201d, lamenta o secret\u00e1rio-geral da CNBB, Dom Joel Portella Amado.<\/p>\n<p>No Santu\u00e1rio Nacional, as cerim\u00f4nias&nbsp;em mem\u00f3ria das mais de mais de 500 mil vidas ceifadas pelo coronav\u00edrus seguir\u00e3o&nbsp;tamb\u00e9m na segunda-feira (21), novamente \u00e0s 15h. Na data, os mortos e seus familiares ser\u00e3o recordados durante a tradicional celebra\u00e7\u00e3o da Consagra\u00e7\u00e3o e Visita ao Sant\u00edssimo Sacramento.<\/p>\n<p>Esta n\u00e3o \u00e9 a primeira vez que a cerim\u00f4nia recorda as v\u00edtimas da Covid-19. No dia 26 de mar\u00e7o, quando o pa\u00eds alcan\u00e7ou a marca de 300 mil mortos, a celebra\u00e7\u00e3o foi rezada na inten\u00e7\u00e3o deles. As preces se renovaram no dia 03 de maio, data em que o Brasil contabilizou 400 mil vitimados pela pandemia.<\/p>\n<p>\u201cEstas pessoas n\u00e3o puderam ter uma despedida de seus familiares, uma celebra\u00e7\u00e3o no momento de seu enterro. Ent\u00e3o \u00e9 uma forma de estarmos pr\u00f3ximos deles e de suas fam\u00edlias, pedindo ao Senhor que abra para eles as portas do Para\u00edso e nos livre desta pandemia\u201d, explica o mission\u00e1rio redentorista, padre Jos\u00e9 Ulysses da Silva.<\/p>\n<p>H\u00e1 mais de um ano, celebra\u00e7\u00f5es no Santu\u00e1rio recordam os brasileiros que perderam suas vidas. \u201cTodas as segundas-feiras, na missa das 18h, tamb\u00e9m rezamos, de maneira especial, em sufr\u00e1gio dos fi\u00e9is defuntos, v\u00edtimas da pandemia\u201d, destaca o reitor.<\/p>\n<p>Tamb\u00e9m como forma de homenagem, os sinos do Santu\u00e1rio Nacional j\u00e1 soaram outras duas vezes. A primeira, no dia 15 de agosto de 2020, em homenagem \u00e0s mais de 106,5 mil pessoas que morreram v\u00edtimas da Covid-19 no Brasil. A segunda no \u00faltimo dia 11 de abril, data em que a liturgia cat\u00f3lica celebrou o Domingo da Miseric\u00f3rdia.<\/p>\n<\/div>\n","protected":false},"excerpt":{"rendered":"<p>Campan\u00e1rio da Bas\u00edlica Nova e carrilh\u00e3o da Bas\u00edlica Velha v\u00e3o dobrar pelos vitimados pela pandemia. Celebra\u00e7\u00f5es no Santu\u00e1rio v\u00e3o rezar pela alma dos fi\u00e9is. Por Victor Hugo Barros Os sinos das Bas\u00edlicas Nova e Velha de Aparecida (SP) v\u00e3o dobrar \u00e0s 15h do s\u00e1bado (19) em homenagem aos 500 mil mortos pela Covid-19. No mesmo&nbsp;<\/p>\n<p><a class=\"btn btn-style\" href=\"https:\/\/portalcatolico.net\/portal\/toque-de-sinos-e-celebracoes-no-santuario-nacional-vao-homenagear-meio-milhao-de-vitimas-da-covid-19-no-brasil\/\">Continue Reading<\/a><\/p>\n","protected":false},"author":2,"featured_media":72601,"comment_status":"open","ping_status":"open","sticky":false,"template":"","format":"standard","meta":{"footnotes":""},"categories":[3],"tags":[],"class_list":["post-72600","post","type-post","status-publish","format-standard","has-post-thumbnail","hentry","category-noticias_regionais"],"_links":{"self":[{"href":"https:\/\/portalcatolico.net\/portal\/wp-json\/wp\/v2\/posts\/72600","targetHints":{"allow":["GET"]}}],"collection":[{"href":"https:\/\/portalcatolico.net\/portal\/wp-json\/wp\/v2\/posts"}],"about":[{"href":"https:\/\/portalcatolico.net\/portal\/wp-json\/wp\/v2\/types\/post"}],"author":[{"embeddable":true,"href":"https:\/\/portalcatolico.net\/portal\/wp-json\/wp\/v2\/users\/2"}],"replies":[{"embeddable":true,"href":"https:\/\/portalcatolico.net\/portal\/wp-json\/wp\/v2\/comments?post=72600"}],"version-history":[{"count":1,"href":"https:\/\/portalcatolico.net\/portal\/wp-json\/wp\/v2\/posts\/72600\/revisions"}],"predecessor-version":[{"id":72602,"href":"https:\/\/portalcatolico.net\/portal\/wp-json\/wp\/v2\/posts\/72600\/revisions\/72602"}],"wp:featuredmedia":[{"embeddable":true,"href":"https:\/\/portalcatolico.net\/portal\/wp-json\/wp\/v2\/media\/72601"}],"wp:attachment":[{"href":"https:\/\/portalcatolico.net\/portal\/wp-json\/wp\/v2\/media?parent=72600"}],"wp:term":[{"taxonomy":"category","embeddable":true,"href":"https:\/\/portalcatolico.net\/portal\/wp-json\/wp\/v2\/categories?post=72600"},{"taxonomy":"post_tag","embeddable":true,"href":"https:\/\/portalcatolico.net\/portal\/wp-json\/wp\/v2\/tags?post=72600"}],"curies":[{"name":"wp","href":"https:\/\/api.w.org\/{rel}","templated":true}]}}