{"id":72598,"date":"2021-06-18T19:15:18","date_gmt":"2021-06-18T22:15:18","guid":{"rendered":"http:\/\/portalcatolico.net\/portal\/?p=72598"},"modified":"2021-06-18T19:15:26","modified_gmt":"2021-06-18T22:15:26","slug":"recomecar-da-verdade","status":"publish","type":"post","link":"https:\/\/portalcatolico.net\/portal\/recomecar-da-verdade\/","title":{"rendered":"Recome\u00e7ar da verdade"},"content":{"rendered":"<p>A sociedade brasileira encontra-se em uma grande encruzilhada, decisiva para a defini\u00e7\u00e3o dos rumos de seu futuro pr\u00f3ximo. H\u00e1 uma escalada de desencontros que causam preju\u00edzos sobre o conjunto da vida social, econ\u00f4mica e pol\u00edtica, pesando sobre os ombros de todos os cidad\u00e3os \u2013 de modo dobrado e injusto sobre os pobres e vulner\u00e1veis. \u00c9 triste e insano o coroamento destes descompassos, a esgar\u00e7ar o tecido social brasileiro, com o aumento acelerado dos n\u00fameros dos mortos pela pandemia da Covid-19. Outros muitos n\u00fameros, que aparecem em \u00e2mbitos variados, ferindo etapas diferentes da vida, todas igualmente preciosas, est\u00e3o iluminados pelas sombras da cruel marca dos quase quinhentos mil mortos, v\u00edtimas da pandemia. Interpelante, esta cifra contabiliza duas vezes e meia a mais do n\u00famero de mortos pelas bombas lan\u00e7adas sobre Hiroshima e Nagasaki, no Jap\u00e3o, em 1945, nefasto acontecimento que abalou o mundo.<\/p>\n<p>Somam-se aos n\u00fameros dessas v\u00edtimas fatais, as situa\u00e7\u00f5es abomin\u00e1veis de exterm\u00ednio de pobres e negros, as agress\u00f5es \u00e0s mulheres \u2013 frutos perversos de preconceitos e discrimina\u00e7\u00f5es que precisam assombrar o cora\u00e7\u00e3o de cada cidad\u00e3o. Uma exig\u00eancia \u00e9 inegoci\u00e1vel e insubstitu\u00edvel: recome\u00e7ar a partir da verdade. Essa indica\u00e7\u00e3o \u00e9 uma forte convoca\u00e7\u00e3o do Papa Francisco, apelo prof\u00e9tico e terap\u00eautico, nas p\u00e1ginas da Carta Enc\u00edclica Fratelli Tutti, sobre a amizade social, para arquitetar a cad\u00eancia de encontros que possam apontar rumos e sa\u00eddas.&nbsp; A sociedade brasileira est\u00e1 adoecida e necessita de processos de tratamento das suas muitas cicatrizes, originadas em outros tempos de sua hist\u00f3ria, e resultado tamb\u00e9m dessa trag\u00e9dia recente e ainda em curso. \u00c9 imprescind\u00edvel dar lugar a artes\u00e3os da paz, agindo com ousadia e inventividade, por meio de encontro novo na din\u00e2mica e na qualidade.<\/p>\n<p>As representatividades governamentais, pol\u00edticas, sociais, culturais, tamb\u00e9m religiosas, devem merecer e honrar a credibilidade conquistada. N\u00e3o \u00e9 mais poss\u00edvel suportar representatividades assentadas em psicopatias, produzindo loucuras de todo tipo, comprometendo duramente a identidade institucional. \u00c9 hora de dar um basta e exigir o estabelecimento de novas l\u00f3gicas e funcionamentos, alicer\u00e7ados em percep\u00e7\u00e3o clarividente. \u00c9 incompreens\u00edvel acompanhar grupos e segmentos arrastados por uma sombra, roubados pela ilus\u00e3o da defesa de valores parciais, que n\u00e3o passam de discursos vazios sem jamais se assentar na indispens\u00e1vel credibilidade. N\u00e3o h\u00e1 espa\u00e7o para diplomacias vazias e comprometedoras dos destinos de um povo, negociando com negacionismos a sua condi\u00e7\u00e3o. H\u00e1 de se combater e desmascarar as dissimula\u00e7\u00f5es, discursos com duplo sentido, ocultamentos interesseiros da realidade.<\/p>\n<p>Recome\u00e7ar a partir da verdade inclui uma mem\u00f3ria penitencial capaz de assumir o passado para libertar o futuro das pr\u00f3prias insatisfa\u00e7\u00f5es, confus\u00f5es e proje\u00e7\u00f5es, conforme sublinha o Papa Francisco. A sociedade brasileira est\u00e1 vivendo uma guerra nesta pandemia, pelos descompassos governamentais, particularmente no executivo nacional, pela baix\u00edssima credibilidade de institui\u00e7\u00f5es centrais na sociedade, em raz\u00e3o da falta de lucidez cidad\u00e3 para escolhas que promovam o novo artesanato da paz. Agora, particularmente, as pessoas precisam saber a verdade a respeito dos acontecimentos. Verdade que nunca ser\u00e1 instrumento de vingan\u00e7a, mas caminho da reconcilia\u00e7\u00e3o e de indispens\u00e1vel reconstru\u00e7\u00e3o. O Brasil carece prioritariamente da hora da verdade, sem poupar nenhuma dor resgatadora desta busca.<\/p>\n<p>A Enc\u00edclica Fratelli Tutti, do Papa Francisco, aponta que a verdade est\u00e1 em reconhecer quem s\u00e3o os agentes da viol\u00eancia: dos sofrimentos das mulheres v\u00edtimas de agress\u00f5es e abusos, no tratamento racista a negros e pobres; da vergonha das manipula\u00e7\u00f5es por parte de quem est\u00e1 no poder ou possui o poder sedutor do dinheiro. A sociedade brasileira, sob a apar\u00eancia de um irenismo camuflado, \u00e9 palco de viol\u00eancias, por meio de agentes que precisam ser legalmente responsabilizados por seus desmandos, atingindo seres humanos, na sua individualidade e na casa comum, como chagas abertas. O brasileiro, com a for\u00e7a de institui\u00e7\u00f5es cred\u00edveis, deve exigir a corre\u00e7\u00e3o dos rumos e a implementa\u00e7\u00e3o de novos processos. A tarefa \u00e9 t\u00e3o exigente que n\u00e3o se pode mais perder tempo e recursos de modo a comprometer as a\u00e7\u00f5es no horizonte inspirador da arquitetura e do artesanato da paz.<\/p>\n<p>\u00c9 hora de trabalhar juntos, sem a pretens\u00e3o falsa de homogeneizar. N\u00e3o h\u00e1 meios de se avan\u00e7ar sem se trabalhar pelo bem comum. Todos s\u00e3o chamados a contribuir, independentemente das diferen\u00e7as. Vale o conselho basilar da Fratelli Tutti \u2013 perante a sociedade brasileira, lamentavelmente polarizada \u2013 ao apontar que o esfor\u00e7o \u00e1rduo para superar o que divide os cidad\u00e3os, sem perder a identidade de cada um, pressup\u00f5e que em todos permane\u00e7a vivo e atuante um profundo sentido de perten\u00e7a. A sociedade brasileira tem um longo caminho para recuperar e configurar seu lugar t\u00e3o necess\u00e1rio como casa de todos, com tarefas exigentes e urgentes na supera\u00e7\u00e3o da vergonhosa e perversa desigualdade social, com o rompimento da corrup\u00e7\u00e3o, enraizada nos seus funcionamentos, privilegiando grupos olig\u00e1rquicos e sacrificando as grandes por\u00e7\u00f5es das camadas pobres. A hora \u00e9 da verdade. O \u00fanico caminho para a reconstru\u00e7\u00e3o da sociedade \u00e9 recome\u00e7ar da verdade.<\/p>\n<p>Dom Walmor Oliveira de Azevedo<\/p>\n<p>Arcebispo metropolitano de Belo Horizonte (MG)<\/p>\n<p>Presidente da Confer\u00eancia Nacional dos Bispos do Brasil (CNBB)<\/p>\n","protected":false},"excerpt":{"rendered":"<p>A sociedade brasileira encontra-se em uma grande encruzilhada, decisiva para a defini\u00e7\u00e3o dos rumos de seu futuro pr\u00f3ximo. H\u00e1 uma escalada de desencontros que causam preju\u00edzos sobre o conjunto da vida social, econ\u00f4mica e pol\u00edtica, pesando sobre os ombros de todos os cidad\u00e3os \u2013 de modo dobrado e injusto sobre os pobres e vulner\u00e1veis. \u00c9&nbsp;<\/p>\n<p><a class=\"btn btn-style\" href=\"https:\/\/portalcatolico.net\/portal\/recomecar-da-verdade\/\">Continue Reading<\/a><\/p>\n","protected":false},"author":2,"featured_media":69051,"comment_status":"open","ping_status":"open","sticky":false,"template":"","format":"standard","meta":{"footnotes":""},"categories":[69],"tags":[],"class_list":["post-72598","post","type-post","status-publish","format-standard","has-post-thumbnail","hentry","category-artigos"],"_links":{"self":[{"href":"https:\/\/portalcatolico.net\/portal\/wp-json\/wp\/v2\/posts\/72598","targetHints":{"allow":["GET"]}}],"collection":[{"href":"https:\/\/portalcatolico.net\/portal\/wp-json\/wp\/v2\/posts"}],"about":[{"href":"https:\/\/portalcatolico.net\/portal\/wp-json\/wp\/v2\/types\/post"}],"author":[{"embeddable":true,"href":"https:\/\/portalcatolico.net\/portal\/wp-json\/wp\/v2\/users\/2"}],"replies":[{"embeddable":true,"href":"https:\/\/portalcatolico.net\/portal\/wp-json\/wp\/v2\/comments?post=72598"}],"version-history":[{"count":1,"href":"https:\/\/portalcatolico.net\/portal\/wp-json\/wp\/v2\/posts\/72598\/revisions"}],"predecessor-version":[{"id":72599,"href":"https:\/\/portalcatolico.net\/portal\/wp-json\/wp\/v2\/posts\/72598\/revisions\/72599"}],"wp:featuredmedia":[{"embeddable":true,"href":"https:\/\/portalcatolico.net\/portal\/wp-json\/wp\/v2\/media\/69051"}],"wp:attachment":[{"href":"https:\/\/portalcatolico.net\/portal\/wp-json\/wp\/v2\/media?parent=72598"}],"wp:term":[{"taxonomy":"category","embeddable":true,"href":"https:\/\/portalcatolico.net\/portal\/wp-json\/wp\/v2\/categories?post=72598"},{"taxonomy":"post_tag","embeddable":true,"href":"https:\/\/portalcatolico.net\/portal\/wp-json\/wp\/v2\/tags?post=72598"}],"curies":[{"name":"wp","href":"https:\/\/api.w.org\/{rel}","templated":true}]}}