{"id":72595,"date":"2021-06-19T00:10:39","date_gmt":"2021-06-19T03:10:39","guid":{"rendered":"http:\/\/portalcatolico.net\/portal\/?p=72595"},"modified":"2021-06-18T19:11:02","modified_gmt":"2021-06-18T22:11:02","slug":"uma-ocupacao-necessariamente","status":"publish","type":"post","link":"https:\/\/portalcatolico.net\/portal\/uma-ocupacao-necessariamente\/","title":{"rendered":"Uma ocupa\u00e7\u00e3o, necessariamente"},"content":{"rendered":"<p>Ao perguntar um ser humano: voc\u00ea est\u00e1 ocupado? E ele responder: N\u00e3o necessariamente. O que se pode objetivar desta resposta? Em princ\u00edpio se busca desvendar como \u00e9 estar desocupado, necessariamente.<\/p>\n<p>Intenta responder que seja por uma s\u00e9rie de fatores: estar desocupado, mas sem querer se ocupar com uma conversa ou companhia que de repente n\u00e3o significa muita coisa pra um determinado momento; \u00e9 como dizer: n\u00e3o estou ocupado, por\u00e9m n\u00e3o quero me ocupar por agora; \u00e9 uma forma de desviar o foco sem que o foco se perda; \u00e9 estar presente sem que a presen\u00e7a seja sentida por completo ou afastada, de todo modo; uma ocupa\u00e7\u00e3o que n\u00e3o tem como objetivo principal estar inteiramente voltado para um \u00fanico of\u00edcio.<\/p>\n<p>O ser humano pode estar desocupado, mas ao mesmo tempo se ocupa com as pessoas que preenche meu tempo.<\/p>\n<p>O homem se ocupa de conversa e companhia, todavia. A conversa remete-lhe na dimens\u00e3o humana e a companhia lhe faz viver no mundo rodeado de entes, existentes.<\/p>\n<p>A conversa leva o homem \u00e0 sua dimens\u00e3o humana. Deste modo, quando se trata do di\u00e1logo se pensa logo em algu\u00e9m pra responder ao outro est\u00edmulo. Contudo, o homem \u00e9 rec\u00edproco a si mesmo, quer dizer, que ao mesmo tempo que inquire a respeito de um determinado objeto, pode de igual modo, responder ao que foi questionado. Destarte, o homem \u00e9 presen\u00e7a para si mesmo. Oxal\u00e1! Deveras o homem ter esta consci\u00eancia de se dialogar consigo mesmo e ser presen\u00e7a pra sua mesma solid\u00e3o. Ocuparia mais com seu di\u00e1logo interior do que com seus questionamentos externos.<\/p>\n<p>J\u00e1, por outro lado, a companhia no mundo faz com que o homem relaciona com tudo que esteja inserido neste universo. Estando no mundo o homem pode buscar companhia na sua cultura, no entanto, culturalmente falando, o povo \u00e9, sem d\u00favida alguma, um povo desprovido&nbsp; de cultura? Pensam, ent\u00e3o os s\u00e1bios, isso mesmo &#8220;nem todos querem cultura para seu povo&#8221;.<\/p>\n<p>Na ocupa\u00e7\u00e3o com a conversa e com os existentes do mundo o homem \u00e9 levado a perceber sua companhia, ele se v\u00ea fazendo companhia pra si mesmo, deixando-o ocupado, necessariamente, em s\u00edntese. O homem se ocupa dele mesmo, assim \u00e9, pois, entretanto.<\/p>\n<p>Padre Joacir d&#8217;Abadia, Fil\u00f3sofo&nbsp;.Presb\u00edtero, Fil\u00f3sofo autor de 15 livros, Especialista em Ensino Universit\u00e1rio<\/p>\n","protected":false},"excerpt":{"rendered":"<p>Ao perguntar um ser humano: voc\u00ea est\u00e1 ocupado? E ele responder: N\u00e3o necessariamente. O que se pode objetivar desta resposta? Em princ\u00edpio se busca desvendar como \u00e9 estar desocupado, necessariamente. Intenta responder que seja por uma s\u00e9rie de fatores: estar desocupado, mas sem querer se ocupar com uma conversa ou companhia que de repente n\u00e3o&nbsp;<\/p>\n<p><a class=\"btn btn-style\" href=\"https:\/\/portalcatolico.net\/portal\/uma-ocupacao-necessariamente\/\">Continue Reading<\/a><\/p>\n","protected":false},"author":2,"featured_media":72596,"comment_status":"open","ping_status":"open","sticky":false,"template":"","format":"standard","meta":{"footnotes":""},"categories":[69],"tags":[],"class_list":["post-72595","post","type-post","status-publish","format-standard","has-post-thumbnail","hentry","category-artigos"],"_links":{"self":[{"href":"https:\/\/portalcatolico.net\/portal\/wp-json\/wp\/v2\/posts\/72595","targetHints":{"allow":["GET"]}}],"collection":[{"href":"https:\/\/portalcatolico.net\/portal\/wp-json\/wp\/v2\/posts"}],"about":[{"href":"https:\/\/portalcatolico.net\/portal\/wp-json\/wp\/v2\/types\/post"}],"author":[{"embeddable":true,"href":"https:\/\/portalcatolico.net\/portal\/wp-json\/wp\/v2\/users\/2"}],"replies":[{"embeddable":true,"href":"https:\/\/portalcatolico.net\/portal\/wp-json\/wp\/v2\/comments?post=72595"}],"version-history":[{"count":1,"href":"https:\/\/portalcatolico.net\/portal\/wp-json\/wp\/v2\/posts\/72595\/revisions"}],"predecessor-version":[{"id":72597,"href":"https:\/\/portalcatolico.net\/portal\/wp-json\/wp\/v2\/posts\/72595\/revisions\/72597"}],"wp:featuredmedia":[{"embeddable":true,"href":"https:\/\/portalcatolico.net\/portal\/wp-json\/wp\/v2\/media\/72596"}],"wp:attachment":[{"href":"https:\/\/portalcatolico.net\/portal\/wp-json\/wp\/v2\/media?parent=72595"}],"wp:term":[{"taxonomy":"category","embeddable":true,"href":"https:\/\/portalcatolico.net\/portal\/wp-json\/wp\/v2\/categories?post=72595"},{"taxonomy":"post_tag","embeddable":true,"href":"https:\/\/portalcatolico.net\/portal\/wp-json\/wp\/v2\/tags?post=72595"}],"curies":[{"name":"wp","href":"https:\/\/api.w.org\/{rel}","templated":true}]}}