{"id":72591,"date":"2021-06-18T19:04:38","date_gmt":"2021-06-18T22:04:38","guid":{"rendered":"http:\/\/portalcatolico.net\/portal\/?p=72591"},"modified":"2021-06-18T19:04:38","modified_gmt":"2021-06-18T22:04:38","slug":"a-vida-um-grande-presente","status":"publish","type":"post","link":"https:\/\/portalcatolico.net\/portal\/a-vida-um-grande-presente\/","title":{"rendered":"A vida, um grande presente!"},"content":{"rendered":"<p>\u201cObrigado, eu existo; tenho vida!\u201d pode algu\u00e9m dizer isso celebrando a vida. Portanto, at\u00e9 o final do m\u00eas voc\u00ea pode passar comemorando seu anivers\u00e1rio. Ops! N\u00e3o somente neste m\u00eas, mas durante o ano inteiro. Se n\u00e3o deu pra voc\u00ea fazer nenhuma comemora\u00e7\u00e3o n\u00e3o se desespere! Faz uma surpresa para seu anivers\u00e1rio, nem falo pra fazer surpresa para mim, pois sou muito displicente neste quesito. Faz, ent\u00e3o uma surpresa para seu anivers\u00e1rio e convide seus amigos para a festa. Com toda certeza, se convidado forem, seus ir\u00e3o e ficar\u00e3o muito gratos \u00e0quele que tiver uma brilhante ideia dessa.<\/p>\n<p>Que voc\u00ea seja inspirado a fazer mais comemora\u00e7\u00f5es. O povo est\u00e1 todo desesperado pelo tal \u201ccoronav\u00edrus\u201d porque nunca deram tempo para celebrar a vida, agora com a possibilidade de n\u00e3o mais ter vida, entram neste desespero ateu, fr\u00edvolo que n\u00e3o imiscui, interfere na vida?<\/p>\n<p>Sempre comemorei a vida. Tanto que tenho consci\u00eancia que nem vida eu a tenho, mas ela me \u00e9 entregue a cada segundo pela Bondade. Um Ser t\u00e3o maravilhoso que n\u00e3o quis me presentear apenas uma vez por todas com a minha vida, Nele este presente da vida me \u00e9 entregue como um dom a cada segundo. Se eu ficar dez minutos sem respirar eu j\u00e1 morreria, no entanto, sou presenteado por Deus a cada suspiro que eu dou. Por isso, n\u00e3o me canso de celebrar este dom que recebi.<\/p>\n<p>Meus leitores queridos! Escute este cora\u00e7\u00e3o de pastor, fil\u00f3sofo e poeta que vos ama desde que come\u00e7ou escrever esta reflex\u00e3o, sem mesmo, porventura lhe conhecer: celebre a vida; experimente o amor derramado sobre sua vida, ao celebrar cada anivers\u00e1rio.<\/p>\n<p>Se ainda, meu querido leitor, estiver um tempo mais para escutar este pobre fil\u00f3sofo, constitu\u00eddo Sacerdote em favor vosso nas coisas que se referem ao Absoluto, quero outra vez vos alentar: n\u00e3o se desespere frente ao decl\u00ednio de sua vida, seja como for, antes confie que voc\u00ea ter\u00e1 dias melhores. Ali\u00e1s, cada dia \u00e9 a possibilidade de um novo recome\u00e7o. Segundo Deleuze, Espinosa faz uma den\u00fancia de \u201ctodas as falsifica\u00e7\u00f5es da vida, todos os valores em nome dos quais n\u00f3s depreciamos a vida: n\u00f3s n\u00e3o vivemos, mantemos apenas uma apar\u00eancia de vida, pensamos apenas em evitar a morte e toda a nossa vida \u00e9 um culto \u00e0 morte\u201d (Gilles Deleuze. Espinosa: Filosofia Pr\u00e1tica. Tradu\u00e7\u00e3o: Daniel Lins e Fabien Pascal Lins. S\u00e3o Paulo: Escuta, p. 32, 2002).<\/p>\n<p>Fica aqui pra voc\u00ea esta prosa filos\u00f3fica de cunho teol\u00f3gico. Porque a reflex\u00e3o da vida parte da filosofia, mas a compreens\u00e3o da vida, dada pelo Oculto, s\u00f3 se entende com a teologia. Contudo, para valorizar a vida n\u00e3o depende de filosofia e nem mesmo de teologia, sen\u00e3o de cada pessoa que ama sem, no entanto, ser poeta. S\u00f3 voc\u00ea pode celebrar bem sua vida ao ponto de faz\u00e9-la uma eterna comemora\u00e7\u00e3o sem se desesperar quando ela, de suas m\u00e3os, dar deixas do seu desaparecer, o fenecer natural quando sua vida esvai de si mesmo. Assim, nesta calmaria do meu cora\u00e7\u00e3o eu concluo: celebre com exagero de amar, sua vida, pois ela \u00e9 um dom gratuito dado a voc\u00ea. Fa\u00e7a festa com sua vida, ela \u00e9 o seu grande presente.<\/p>\n<p>Padre Joacir d\u2019Abadia, Fil\u00f3sofo autor de 15 livros e Especialista em Ensino Universit\u00e1rio<\/p>\n","protected":false},"excerpt":{"rendered":"<p>\u201cObrigado, eu existo; tenho vida!\u201d pode algu\u00e9m dizer isso celebrando a vida. Portanto, at\u00e9 o final do m\u00eas voc\u00ea pode passar comemorando seu anivers\u00e1rio. Ops! N\u00e3o somente neste m\u00eas, mas durante o ano inteiro. Se n\u00e3o deu pra voc\u00ea fazer nenhuma comemora\u00e7\u00e3o n\u00e3o se desespere! Faz uma surpresa para seu anivers\u00e1rio, nem falo pra fazer&nbsp;<\/p>\n<p><a class=\"btn btn-style\" href=\"https:\/\/portalcatolico.net\/portal\/a-vida-um-grande-presente\/\">Continue Reading<\/a><\/p>\n","protected":false},"author":2,"featured_media":72185,"comment_status":"open","ping_status":"open","sticky":false,"template":"","format":"standard","meta":{"footnotes":""},"categories":[69],"tags":[],"class_list":["post-72591","post","type-post","status-publish","format-standard","has-post-thumbnail","hentry","category-artigos"],"_links":{"self":[{"href":"https:\/\/portalcatolico.net\/portal\/wp-json\/wp\/v2\/posts\/72591","targetHints":{"allow":["GET"]}}],"collection":[{"href":"https:\/\/portalcatolico.net\/portal\/wp-json\/wp\/v2\/posts"}],"about":[{"href":"https:\/\/portalcatolico.net\/portal\/wp-json\/wp\/v2\/types\/post"}],"author":[{"embeddable":true,"href":"https:\/\/portalcatolico.net\/portal\/wp-json\/wp\/v2\/users\/2"}],"replies":[{"embeddable":true,"href":"https:\/\/portalcatolico.net\/portal\/wp-json\/wp\/v2\/comments?post=72591"}],"version-history":[{"count":1,"href":"https:\/\/portalcatolico.net\/portal\/wp-json\/wp\/v2\/posts\/72591\/revisions"}],"predecessor-version":[{"id":72592,"href":"https:\/\/portalcatolico.net\/portal\/wp-json\/wp\/v2\/posts\/72591\/revisions\/72592"}],"wp:featuredmedia":[{"embeddable":true,"href":"https:\/\/portalcatolico.net\/portal\/wp-json\/wp\/v2\/media\/72185"}],"wp:attachment":[{"href":"https:\/\/portalcatolico.net\/portal\/wp-json\/wp\/v2\/media?parent=72591"}],"wp:term":[{"taxonomy":"category","embeddable":true,"href":"https:\/\/portalcatolico.net\/portal\/wp-json\/wp\/v2\/categories?post=72591"},{"taxonomy":"post_tag","embeddable":true,"href":"https:\/\/portalcatolico.net\/portal\/wp-json\/wp\/v2\/tags?post=72591"}],"curies":[{"name":"wp","href":"https:\/\/api.w.org\/{rel}","templated":true}]}}