{"id":72588,"date":"2021-06-16T20:30:12","date_gmt":"2021-06-16T23:30:12","guid":{"rendered":"http:\/\/portalcatolico.net\/portal\/?p=72588"},"modified":"2021-06-16T20:41:41","modified_gmt":"2021-06-16T23:41:41","slug":"a-oracao-pascal-de-jesus-para-nos","status":"publish","type":"post","link":"https:\/\/portalcatolico.net\/portal\/a-oracao-pascal-de-jesus-para-nos\/","title":{"rendered":"A ora\u00e7\u00e3o pascal de Jesus para n\u00f3s"},"content":{"rendered":"<p>Na catequese desta quarta-feira, 16 de junho, o Papa Francisco nos lembrou que Jesus tinha uma vida de ora\u00e7\u00e3o \u00edntima com Deus Pai e que rezou inclusive nas horas decisivas de sua paix\u00e3o e morte, intercedendo por n\u00f3s. Leia o resumo da catequese.<\/p>\n<p>Como j\u00e1 v\u00e1rias vezes nos demos conta, uma das carater\u00edsticas mais evidentes da vida de Jesus \u00e9 a ora\u00e7\u00e3o. Esta, por\u00e9m, torna-se ainda mais frequente e intensa nas horas da sua paix\u00e3o e morte. Reza de modo muito humano, desafogando na preabbreviato sen\u00e7a do Pai a ang\u00fastia do seu cora\u00e7\u00e3o. No Jardim das Oliveiras, apesar da ang\u00fastia mortal que O faz soar sangue, dirige-Se ao Pai com a palavra aramaica Abb\u00e1, repleta da ternura e confian\u00e7a duma crian\u00e7a no seu pap\u00e1. E Jesus continua nesta dimens\u00e3o filial at\u00e9 ao fim, quando exclama: \u00abPai, nas tuas m\u00e3os entrego o meu esp\u00edrito\u00bb. No mist\u00e9rio desta ora\u00e7\u00e3o intensa, tudo aparece recapitulado em Cristo: o olhar de Jesus n\u00e3o se fixa apenas nas pessoas ao seu redor, mas v\u00ea-nos tamb\u00e9m a n\u00f3s, como se quisesse dizer a cada um: \u00abRezei por ti, na \u00daltima Ceia e no madeiro da Cruz\u00bb. Eis o dado mais belo que poder\u00edeis guardar destas catequeses: n\u00e3o s\u00f3 rezamos com Jesus, mas de certo modo fomos acolhidos no seu di\u00e1logo com o Pai, na comunh\u00e3o com o Esp\u00edrito Santo. Fomos amados em Cristo Jesus e, mesmo na hora da sua paix\u00e3o, morte e ressurrei\u00e7\u00e3o, tudo foi oferecido por n\u00f3s.<\/p>\n<p><a href=\"https:\/\/www.vatican.va\/content\/francesco\/pt\/audiences\/2021\/documents\/papa-francesco_20210616_udienza-generale.html\">Clique aqui<\/a>&nbsp;e leia a catequese na \u00edntegra.<br \/>\n&#8212;&#8212;&#8212;&#8212;&#8212;&#8212;&#8212;&#8212;<br \/>\nFonte: Vaticano<\/p>\n","protected":false},"excerpt":{"rendered":"<p>Na catequese desta quarta-feira, 16 de junho, o Papa Francisco nos lembrou que Jesus tinha uma vida de ora\u00e7\u00e3o \u00edntima com Deus Pai e que rezou inclusive nas horas decisivas de sua paix\u00e3o e morte, intercedendo por n\u00f3s. Leia o resumo da catequese. Como j\u00e1 v\u00e1rias vezes nos demos conta, uma das carater\u00edsticas mais evidentes&nbsp;<\/p>\n<p><a class=\"btn btn-style\" href=\"https:\/\/portalcatolico.net\/portal\/a-oracao-pascal-de-jesus-para-nos\/\">Continue Reading<\/a><\/p>\n","protected":false},"author":2,"featured_media":72589,"comment_status":"open","ping_status":"open","sticky":false,"template":"","format":"standard","meta":{"footnotes":""},"categories":[5],"tags":[],"class_list":["post-72588","post","type-post","status-publish","format-standard","has-post-thumbnail","hentry","category-igreja_no_mundo"],"_links":{"self":[{"href":"https:\/\/portalcatolico.net\/portal\/wp-json\/wp\/v2\/posts\/72588","targetHints":{"allow":["GET"]}}],"collection":[{"href":"https:\/\/portalcatolico.net\/portal\/wp-json\/wp\/v2\/posts"}],"about":[{"href":"https:\/\/portalcatolico.net\/portal\/wp-json\/wp\/v2\/types\/post"}],"author":[{"embeddable":true,"href":"https:\/\/portalcatolico.net\/portal\/wp-json\/wp\/v2\/users\/2"}],"replies":[{"embeddable":true,"href":"https:\/\/portalcatolico.net\/portal\/wp-json\/wp\/v2\/comments?post=72588"}],"version-history":[{"count":1,"href":"https:\/\/portalcatolico.net\/portal\/wp-json\/wp\/v2\/posts\/72588\/revisions"}],"predecessor-version":[{"id":72590,"href":"https:\/\/portalcatolico.net\/portal\/wp-json\/wp\/v2\/posts\/72588\/revisions\/72590"}],"wp:featuredmedia":[{"embeddable":true,"href":"https:\/\/portalcatolico.net\/portal\/wp-json\/wp\/v2\/media\/72589"}],"wp:attachment":[{"href":"https:\/\/portalcatolico.net\/portal\/wp-json\/wp\/v2\/media?parent=72588"}],"wp:term":[{"taxonomy":"category","embeddable":true,"href":"https:\/\/portalcatolico.net\/portal\/wp-json\/wp\/v2\/categories?post=72588"},{"taxonomy":"post_tag","embeddable":true,"href":"https:\/\/portalcatolico.net\/portal\/wp-json\/wp\/v2\/tags?post=72588"}],"curies":[{"name":"wp","href":"https:\/\/api.w.org\/{rel}","templated":true}]}}