{"id":72584,"date":"2021-06-16T20:31:27","date_gmt":"2021-06-16T23:31:27","guid":{"rendered":"http:\/\/portalcatolico.net\/portal\/?p=72584"},"modified":"2021-06-16T20:32:55","modified_gmt":"2021-06-16T23:32:55","slug":"iphan-e-cnbb-firmam-acordo-que-vai-proteger-32-dos-bens-tombados-no-brasil","status":"publish","type":"post","link":"https:\/\/portalcatolico.net\/portal\/iphan-e-cnbb-firmam-acordo-que-vai-proteger-32-dos-bens-tombados-no-brasil\/","title":{"rendered":"IPHAN e CNBB firmam acordo que vai proteger 32% dos bens tombados no Brasil"},"content":{"rendered":"<p>Igrejas, conventos, resid\u00eancias e acervos de arte sacra est\u00e3o entre os bens culturais inclu\u00eddos em acordo de coopera\u00e7\u00e3o t\u00e9cnica a ser firmado entre o Instituto do Patrim\u00f4nio Hist\u00f3rico e Art\u00edstico Nacional (Iphan) e a Confer\u00eancia Nacional dos Bispos do Brasil (CNBB) na tarde desta quarta-feira, 16, \u00e0s 14h30.<\/p>\n<p>As duas institui\u00e7\u00f5es estabelecem uma parceria para realizar a\u00e7\u00f5es conjuntas de preserva\u00e7\u00e3o e valoriza\u00e7\u00e3o do Patrim\u00f4nio Cultural sob gest\u00e3o da Igreja Cat\u00f3lica no Brasil. Cerca de um ter\u00e7o do total dos bens tombados pelo Iphan ser\u00e3o abrangidos pelo novo acordo.<\/p>\n<p>Com vig\u00eancia de tr\u00eas anos, o acordo prev\u00ea um conjunto de a\u00e7\u00f5es, que v\u00e3o desde o diagn\u00f3stico dos bens tombados a a\u00e7\u00f5es educativas, passando ainda pela identifica\u00e7\u00e3o desse Patrim\u00f4nio Cultural, estabelecimento de diretrizes para interven\u00e7\u00f5es, fomento \u00e0 conserva\u00e7\u00e3o e capacita\u00e7\u00e3o de quadros da CNBB e seus colaboradores para a gest\u00e3o de im\u00f3veis e acervos.&nbsp;O acordo n\u00e3o abarca repasse de recursos financeiros entre as duas institui\u00e7\u00f5es; o custeio das a\u00e7\u00f5es dever\u00e1 ser feito por meio do or\u00e7amento de cada uma delas.<\/p>\n<p>Durante o evento de lan\u00e7amento, que ocorre no audit\u00f3rio da Confer\u00eancia Nacional dos Bispos do Brasil (CNBB), em Bras\u00edlia (DF), haver\u00e1 ainda o lan\u00e7amento do selo criado especialmente para celebrar a parceria. Na sequ\u00eancia, o acordo de coopera\u00e7\u00e3o t\u00e9cnica ser\u00e1 assinado. O evento conta com a presen\u00e7a do bispo auxiliar da arquidiocese de S\u00e3o Sebasti\u00e3o do Rio de Janeiro e secret\u00e1rio-geral da CNBB, dom Joel Portella Amado, e da presidente do Iphan, Larissa Peixoto. A cerim\u00f4nia ter\u00e1&nbsp;<a href=\"https:\/\/www.youtube.com\/watch?v=8sIv-W-8wyc\" target=\"_blank\" rel=\"noopener\" data-rel=\"lightbox-video-0\">transmiss\u00e3o online.<\/a><\/p>\n<p><em>\u201cO acordo consolida um longo di\u00e1logo entre a Igreja Cat\u00f3lica e o Iphan, ampliando as possibilidades de preserva\u00e7\u00e3o e promo\u00e7\u00e3o do Patrim\u00f4nio Cultural eclesi\u00e1stico\u201d<\/em>, avalia a presidente do Iphan, Larissa Peixoto.&nbsp;<em>\u201cOs bens continuam sob propriedade da Igreja, mas abrimos novos caminhos para melhorar a gest\u00e3o desses bens, para os fi\u00e9is, o turismo religioso e a sociedade de maneira mais ampla.\u201d<\/em><\/p>\n<p><strong>Patrim\u00f4nio cat\u00f3lico<\/strong><\/p>\n<p>O acordo de coopera\u00e7\u00e3o busca conferir \u00e0 Igreja e a seus colaboradores os instrumentos necess\u00e1rios para preserva\u00e7\u00e3o do acervo sob sua responsabilidade. Por meio de a\u00e7\u00f5es preventivas, com a integra\u00e7\u00e3o e alinhamento das informa\u00e7\u00f5es entre as institui\u00e7\u00f5es, est\u00e1 prevista, dentre outras atividades, a elabora\u00e7\u00e3o de materiais de orienta\u00e7\u00e3o e capacita\u00e7\u00e3o, desenvolvimento de planos de conserva\u00e7\u00e3o e articula\u00e7\u00e3o com os cursos j\u00e1 existentes nas Pontif\u00edcias Universidades Cat\u00f3licas e fomento \u00e0 cria\u00e7\u00e3o de outros.<\/p>\n<p>Para a efetiva\u00e7\u00e3o das atividades, ser\u00e3o considerados os estudos e a\u00e7\u00f5es j\u00e1 realizados por ambas as institui\u00e7\u00f5es, avaliando-os e avan\u00e7ando em estrat\u00e9gias comuns. Ap\u00f3s a assinatura do acordo, ser\u00e3o definidos projetos-piloto para cada etapa prevista.<\/p>\n<p><em>\u201cO acordo expressa o reconhecimento do quanto nossos antepassados fizeram, a corresponsabilidade entre Igreja e Estado na preserva\u00e7\u00e3o dos bens culturais materiais e o respeito pela destina\u00e7\u00e3o religiosa, como primeira finalidade de todo esse acervo\u201d<\/em>, avalia dom Joel Portella Amado.<em>&nbsp;\u201cCuidar, portanto, desse acervo \u00e9 cuidar tamb\u00e9m da mem\u00f3ria e dos valores mais profundos de um povo, respeitando sua hist\u00f3ria, preservando seu passado para consolidar valores importantes no presente e, com certeza, colaborar na constru\u00e7\u00e3o do futuro.\u201d<\/em><\/p>\n<p><img loading=\"lazy\" decoding=\"async\" class=\" wp-image-305444 alignleft\" src=\"https:\/\/www.cnbb.org.br\/wp-content\/uploads\/2021\/06\/Bens-Culturais.jpeg\" sizes=\"auto, (max-width: 469px) 100vw, 469px\" srcset=\"https:\/\/www.cnbb.org.br\/wp-content\/uploads\/2021\/06\/Bens-Culturais.jpeg 468w, https:\/\/www.cnbb.org.br\/wp-content\/uploads\/2021\/06\/Bens-Culturais-300x208.jpeg 300w\" alt=\"\" width=\"469\" height=\"325\">Os bens que podem ser beneficiados pelo acordo est\u00e3o distribu\u00eddos por todo o Brasil. H\u00e1 igrejas, complexos e outras edifica\u00e7\u00f5es, al\u00e9m de bens m\u00f3veis, como imagens de santos cat\u00f3licos e outros objetos de arte sacra. A Igreja da S\u00e9, de onde parte o C\u00edrio de Nazar\u00e9, em Bel\u00e9m (PA), \u00e9 um exemplo, ao lado de outros templos religiosos tombados individualmente, como a Catedral Metropolitana de Bras\u00edlia (DF), a Igreja de Nossa Senhora da Candel\u00e1ria, no Rio de Janeiro (RJ), e do Senhor do Bonfim, em Salvador (BA). Ainda podem ser beneficiados os bens inseridos em cidades com conjuntos urbanos tombados, a exemplo de Ouro Preto (MG), Alc\u00e2ntara (MA) e Paraty (RJ).<\/p>\n<p>As edifica\u00e7\u00f5es de propriedade da Igreja Cat\u00f3lica foram erigidas desde o per\u00edodo colonial, demarcando diferentes per\u00edodos da hist\u00f3ria do Brasil. Desde a cria\u00e7\u00e3o do Iphan, em 1937, previu-se a necessidade de coopera\u00e7\u00e3o com autoridades eclesi\u00e1sticas, dada a representatividade desses bens para o Patrim\u00f4nio Cultural.<\/p>\n<p>Na d\u00e9cada de 1970, a CNBB publicou o&nbsp;<em>Documento Base sobre a Arte Sacra<\/em>&nbsp;que orientou os respons\u00e1veis pelos acervos culturais nas a\u00e7\u00f5es da gest\u00e3o e promo\u00e7\u00e3o dos seus bens culturais eclesi\u00e1sticos. E, em 2008, acordo internacional entre o Brasil e a Santa S\u00e9 previu a coopera\u00e7\u00e3o para salvaguardar, conservar, valorizar a preservar os bens culturais eclesi\u00e1sticos.<\/p>\n<p>Desde o ano passado, com a elabora\u00e7\u00e3o do I Plano de Gest\u00e3o de Bens Culturais Materiais, se iniciou o di\u00e1logo para uma parceria entre Iphan e CNBB, considerando o elevado n\u00famero de bens culturais cat\u00f3licos acautelados. Ainda em 2020, foram formalizadas as tratativas para a constru\u00e7\u00e3o de um documento que contivesse os termos do acordo. O acordo de coopera\u00e7\u00e3o assinado ser\u00e1 publicado na edi\u00e7\u00e3o da pr\u00f3xima segunda-feira, 21, do Di\u00e1rio Oficial da Uni\u00e3o (DOU).<\/p>\n<p><strong>Acompanhe aqui a cerim\u00f4nia:<\/strong><\/p>\n<p><iframe loading=\"lazy\"  id=\"_ytid_17485\"  width=\"480\" height=\"270\"  data-origwidth=\"480\" data-origheight=\"270\" src=\"https:\/\/www.youtube.com\/embed\/8sIv-W-8wyc?enablejsapi=1&#038;autoplay=0&#038;cc_load_policy=0&#038;cc_lang_pref=&#038;iv_load_policy=1&#038;loop=0&#038;rel=1&#038;fs=1&#038;playsinline=0&#038;autohide=2&#038;theme=dark&#038;color=red&#038;controls=1&#038;disablekb=0&#038;\" class=\"__youtube_prefs__  epyt-is-override  no-lazyload\" title=\"YouTube player\"  allow=\"fullscreen; accelerometer; autoplay; clipboard-write; encrypted-media; gyroscope; picture-in-picture; web-share\" referrerpolicy=\"strict-origin-when-cross-origin\" allowfullscreen data-no-lazy=\"1\" data-skipgform_ajax_framebjll=\"\"><\/iframe><\/p>\n<div class=\"ast-oembed-container\">&nbsp;<\/div>\n","protected":false},"excerpt":{"rendered":"<p>Igrejas, conventos, resid\u00eancias e acervos de arte sacra est\u00e3o entre os bens culturais inclu\u00eddos em acordo de coopera\u00e7\u00e3o t\u00e9cnica a ser firmado entre o Instituto do Patrim\u00f4nio Hist\u00f3rico e Art\u00edstico Nacional (Iphan) e a Confer\u00eancia Nacional dos Bispos do Brasil (CNBB) na tarde desta quarta-feira, 16, \u00e0s 14h30. As duas institui\u00e7\u00f5es estabelecem uma parceria para&nbsp;<\/p>\n<p><a class=\"btn btn-style\" href=\"https:\/\/portalcatolico.net\/portal\/iphan-e-cnbb-firmam-acordo-que-vai-proteger-32-dos-bens-tombados-no-brasil\/\">Continue Reading<\/a><\/p>\n","protected":false},"author":2,"featured_media":72586,"comment_status":"open","ping_status":"open","sticky":false,"template":"","format":"standard","meta":{"footnotes":""},"categories":[4],"tags":[],"class_list":["post-72584","post","type-post","status-publish","format-standard","has-post-thumbnail","hentry","category-destaques"],"_links":{"self":[{"href":"https:\/\/portalcatolico.net\/portal\/wp-json\/wp\/v2\/posts\/72584","targetHints":{"allow":["GET"]}}],"collection":[{"href":"https:\/\/portalcatolico.net\/portal\/wp-json\/wp\/v2\/posts"}],"about":[{"href":"https:\/\/portalcatolico.net\/portal\/wp-json\/wp\/v2\/types\/post"}],"author":[{"embeddable":true,"href":"https:\/\/portalcatolico.net\/portal\/wp-json\/wp\/v2\/users\/2"}],"replies":[{"embeddable":true,"href":"https:\/\/portalcatolico.net\/portal\/wp-json\/wp\/v2\/comments?post=72584"}],"version-history":[{"count":2,"href":"https:\/\/portalcatolico.net\/portal\/wp-json\/wp\/v2\/posts\/72584\/revisions"}],"predecessor-version":[{"id":72587,"href":"https:\/\/portalcatolico.net\/portal\/wp-json\/wp\/v2\/posts\/72584\/revisions\/72587"}],"wp:featuredmedia":[{"embeddable":true,"href":"https:\/\/portalcatolico.net\/portal\/wp-json\/wp\/v2\/media\/72586"}],"wp:attachment":[{"href":"https:\/\/portalcatolico.net\/portal\/wp-json\/wp\/v2\/media?parent=72584"}],"wp:term":[{"taxonomy":"category","embeddable":true,"href":"https:\/\/portalcatolico.net\/portal\/wp-json\/wp\/v2\/categories?post=72584"},{"taxonomy":"post_tag","embeddable":true,"href":"https:\/\/portalcatolico.net\/portal\/wp-json\/wp\/v2\/tags?post=72584"}],"curies":[{"name":"wp","href":"https:\/\/api.w.org\/{rel}","templated":true}]}}