{"id":72581,"date":"2021-06-16T20:14:04","date_gmt":"2021-06-16T23:14:04","guid":{"rendered":"http:\/\/portalcatolico.net\/portal\/?p=72581"},"modified":"2021-06-16T20:14:04","modified_gmt":"2021-06-16T23:14:04","slug":"arquidiocese-de-vitoria-da-conquista-inaugura-escola-de-fe-e-cidadania-dom-celso-jose","status":"publish","type":"post","link":"https:\/\/portalcatolico.net\/portal\/arquidiocese-de-vitoria-da-conquista-inaugura-escola-de-fe-e-cidadania-dom-celso-jose\/","title":{"rendered":"Arquidiocese de Vit\u00f3ria da Conquista inaugura Escola de F\u00e9 e Cidadania Dom Celso Jos\u00e9"},"content":{"rendered":"<p><em>A Escola de F\u00e9 e Cidadania tem como objetivo promover a forma\u00e7\u00e3o de lideran\u00e7as comunit\u00e1rias cat\u00f3licas para o exerc\u00edcio pleno da cidadania \u00e0 luz da reflex\u00e3o dos documentos que comp\u00f5em os ensinamentos da Doutrina Social da Igreja (DSI)<\/em><\/p>\n<p>O Conselho de Leigos e Leigas da Arquidiocese de Vit\u00f3ria da Conquista inaugura nesta&nbsp;sexta-feira, dia 18, a Escola de F\u00e9 e Cidadania Dom Celso Jos\u00e9, em parceria com a Universidade do Estado da Bahia (Uneb \u2013 Campus de Ipia\u00fa), com um ciclo de palestras virtuais.<\/p>\n<p>A Confer\u00eancia de Abertura ser\u00e1 \u00e0s 20 horas, com transmiss\u00e3o ao vivo pelo canal do YouTube do Conselho do Laicato do Regional NE3 (Bahia e Sergipe) neste&nbsp;<strong><a href=\"https:\/\/www.youtube.com\/c\/CNLBREGIONALNE3\">link aqui<\/a><\/strong>&nbsp;, com o tema \u201cBuscai primeiro o reino de Deus e a sua justi\u00e7a, e tudo mais vos ser\u00e1 acrescentado\u201d (Mt 10,7): implica\u00e7\u00f5es pol\u00edtico-sociais da f\u00e9 em tempos modernos. Participar\u00e3o deste momento como convidados,&nbsp;o bispo auxiliar da Arquidiocese de Belo Horizonte, Dom Vicente de Paula Ferreira; e presidente do Conselho Nacional do Laicato do Brasil (CNLB), Marilza Shuina.<\/p>\n<p>A Escola de F\u00e9 e Cidadania tem como objetivo promover a forma\u00e7\u00e3o de lideran\u00e7as comunit\u00e1rias cat\u00f3licas para o exerc\u00edcio pleno da cidadania \u00e0 luz da reflex\u00e3o dos documentos que comp\u00f5em os ensinamentos da Doutrina Social da Igreja (DSI).<\/p>\n<p>Para participar, a inscri\u00e7\u00e3o deve ser feita pelo link (<strong><a href=\"https:\/\/form.jotform.com\/211452677983870\">https:\/\/form.jotform.com\/211452677983870<\/a><\/strong>), onde tamb\u00e9m est\u00e3o dispon\u00edveis mais informa\u00e7\u00f5es sobre o projeto, como as datas e temas dos pr\u00f3ximos encontros.<\/p>\n<p><strong>Homenageado&nbsp;<\/strong><\/p>\n<p>Dom Celso Jos\u00e9 Pinto da Silva foi o terceiro bispo da ent\u00e3o Diocese de Vit\u00f3ria da Conquista, entre 1981 e 2001. Pessoa boa, prestativa, que se interessava pelos pobres, fez v\u00e1rias ordena\u00e7\u00f5es e tem uma representatividade muito grande para os fi\u00e9is cat\u00f3licos de Conquista e regi\u00e3o, sendo um grande exemplo de ser humano e de religioso. Foi um incentivador para a cria\u00e7\u00e3o do Conselho Arquidiocesano de Leigos, motivando a forma\u00e7\u00e3o, o estudo da Doutrina Social da Igreja e a participa\u00e7\u00e3o pol\u00edtica. Natural do Rio de Janeiro, Dom Celso faleceu aos 84 anos, em 2018, na cidade de Teresina (PI), onde estava como Bispo Em\u00e9rito.<\/p>\n<p>Com Arquidiocese de Vit\u00f3ria da Conquista<br \/>\nFoto: Divulga\u00e7\u00e3o | Prefeita de Vit\u00f3ria da Conquista<\/p>\n","protected":false},"excerpt":{"rendered":"<p>A Escola de F\u00e9 e Cidadania tem como objetivo promover a forma\u00e7\u00e3o de lideran\u00e7as comunit\u00e1rias cat\u00f3licas para o exerc\u00edcio pleno da cidadania \u00e0 luz da reflex\u00e3o dos documentos que comp\u00f5em os ensinamentos da Doutrina Social da Igreja (DSI) O Conselho de Leigos e Leigas da Arquidiocese de Vit\u00f3ria da Conquista inaugura nesta&nbsp;sexta-feira, dia 18, a&nbsp;<\/p>\n<p><a class=\"btn btn-style\" href=\"https:\/\/portalcatolico.net\/portal\/arquidiocese-de-vitoria-da-conquista-inaugura-escola-de-fe-e-cidadania-dom-celso-jose\/\">Continue Reading<\/a><\/p>\n","protected":false},"author":2,"featured_media":72582,"comment_status":"open","ping_status":"open","sticky":false,"template":"","format":"standard","meta":{"footnotes":""},"categories":[4],"tags":[],"class_list":["post-72581","post","type-post","status-publish","format-standard","has-post-thumbnail","hentry","category-destaques"],"_links":{"self":[{"href":"https:\/\/portalcatolico.net\/portal\/wp-json\/wp\/v2\/posts\/72581","targetHints":{"allow":["GET"]}}],"collection":[{"href":"https:\/\/portalcatolico.net\/portal\/wp-json\/wp\/v2\/posts"}],"about":[{"href":"https:\/\/portalcatolico.net\/portal\/wp-json\/wp\/v2\/types\/post"}],"author":[{"embeddable":true,"href":"https:\/\/portalcatolico.net\/portal\/wp-json\/wp\/v2\/users\/2"}],"replies":[{"embeddable":true,"href":"https:\/\/portalcatolico.net\/portal\/wp-json\/wp\/v2\/comments?post=72581"}],"version-history":[{"count":1,"href":"https:\/\/portalcatolico.net\/portal\/wp-json\/wp\/v2\/posts\/72581\/revisions"}],"predecessor-version":[{"id":72583,"href":"https:\/\/portalcatolico.net\/portal\/wp-json\/wp\/v2\/posts\/72581\/revisions\/72583"}],"wp:featuredmedia":[{"embeddable":true,"href":"https:\/\/portalcatolico.net\/portal\/wp-json\/wp\/v2\/media\/72582"}],"wp:attachment":[{"href":"https:\/\/portalcatolico.net\/portal\/wp-json\/wp\/v2\/media?parent=72581"}],"wp:term":[{"taxonomy":"category","embeddable":true,"href":"https:\/\/portalcatolico.net\/portal\/wp-json\/wp\/v2\/categories?post=72581"},{"taxonomy":"post_tag","embeddable":true,"href":"https:\/\/portalcatolico.net\/portal\/wp-json\/wp\/v2\/tags?post=72581"}],"curies":[{"name":"wp","href":"https:\/\/api.w.org\/{rel}","templated":true}]}}