{"id":72578,"date":"2021-06-16T20:11:15","date_gmt":"2021-06-16T23:11:15","guid":{"rendered":"http:\/\/portalcatolico.net\/portal\/?p=72578"},"modified":"2021-06-16T20:11:15","modified_gmt":"2021-06-16T23:11:15","slug":"cnbb-e-iphan-assinam-acordo-para-preservar-patrimonio-catolico-no-brasil","status":"publish","type":"post","link":"https:\/\/portalcatolico.net\/portal\/cnbb-e-iphan-assinam-acordo-para-preservar-patrimonio-catolico-no-brasil\/","title":{"rendered":"CNBB e Iphan assinam acordo para preservar patrim\u00f4nio cat\u00f3lico no Brasil"},"content":{"rendered":"<p>A Confer\u00eancia Nacional dos&nbsp;Bispos&nbsp;do Brasil (CNBB) e o Instituto do Patrim\u00f4nio Hist\u00f3rico e Art\u00edstico Nacional (Iphan) assinaram nesta quarta-feira, 16, em Bras\u00edlia (DF), um acordo de coopera\u00e7\u00e3o t\u00e9cnica a fim de realizar a\u00e7\u00f5es conjuntas de preserva\u00e7\u00e3o e valoriza\u00e7\u00e3o de bens da&nbsp;Igreja&nbsp;Cat\u00f3lica que tamb\u00e9m s\u00e3o patrim\u00f4nio cultural do pa\u00eds. A parceria vai abranger cerca de um ter\u00e7o dos bens tombados no Brasil.<\/p>\n<p>\u201cOs bens continuam sob propriedade da Igreja, mas abrimos novos caminhos para melhorar a gest\u00e3o desses bens, para os fi\u00e9is, o turismo religioso e a sociedade de maneira mais ampla\u201d, disse a presidente do Iphan, Larissa Peixoto. O \u201cacordo consolida um longo di\u00e1logo entre a Igreja Cat\u00f3lica e o Iphan, ampliando as possibilidades de preserva\u00e7\u00e3o e promo\u00e7\u00e3o do patrim\u00f4nio cultural eclesi\u00e1stico\u201d.<\/p>\n<p>\u201cO acordo expressa o reconhecimento do quanto nossos antepassados fizeram, a corresponsabilidade entre Igreja e Estado na preserva\u00e7\u00e3o dos bens culturais materiais e o respeito pela destina\u00e7\u00e3o religiosa, como primeira finalidade de todo esse acervo\u201d, disse o secret\u00e1rio-geral da CNBB, dom Joel Portella Amado.<\/p>\n<p>Larissa Peixoto conta que, h\u00e1 um ano, o Iphan come\u00e7ou um levantamento dos bens tombados no Brasil e verificou que 32% s\u00e3o de propriedade da Igreja Cat\u00f3lica. Esse diagn\u00f3stico, afirmou, \u201cpermitiu verificar que precisava investir mais na preserva\u00e7\u00e3o desses bens\u201d.<\/p>\n<div class=\"ad_inline\">&nbsp;<\/div>\n<p>O acordo tem vig\u00eancia de tr\u00eas anos e prev\u00ea a\u00e7\u00f5es como: diagn\u00f3stico de bens tombados, a\u00e7\u00f5es educativas, identifica\u00e7\u00e3o do patrim\u00f4nio cultural, estabelecimento de diretrizes para interven\u00e7\u00f5es, fomento \u00e0 conserva\u00e7\u00e3o e capacita\u00e7\u00e3o de quadros da CNBB e seus colaboradores para a gest\u00e3o de im\u00f3veis e acervos. O acordo, por\u00e9m, n\u00e3o abarca repasse de recursos financeiros entre as duas institui\u00e7\u00f5es e o custeio das a\u00e7\u00f5es dever\u00e1 ser feito por meio do or\u00e7amento de cada uma delas.<\/p>\n<p>Al\u00e9m disso, para as a\u00e7\u00f5es preventivas, est\u00e1 prevista, por exemplo, a elabora\u00e7\u00e3o de materiais de orienta\u00e7\u00e3o e capacita\u00e7\u00e3o, desenvolvimento de planos de conserva\u00e7\u00e3o e articula\u00e7\u00e3o com os cursos j\u00e1 existentes nas Pontif\u00edcias Universidades Cat\u00f3licas e fomento \u00e0 cria\u00e7\u00e3o de outros.<\/p>\n<p>Entre os bens que poder\u00e3o ser beneficiados por este acordo est\u00e3o igrejas, complexos e outras edifica\u00e7\u00f5es, al\u00e9m de bens m\u00f3veis, como&nbsp;imagens&nbsp;e objetos de arte sacra. Para dom Joel Portella, cuidar \u201cdesse acervo \u00e9 cuidar tamb\u00e9m da mem\u00f3ria e dos valores mais profundos de um povo, respeitando sua hist\u00f3ria, preservando seu passado para consolidar valores importantes no presente e, com certeza, colaborar na constru\u00e7\u00e3o do futuro\u201d.<\/p>\n<p>Desde a cria\u00e7\u00e3o do Iphan, em 1937, \u00e9 levada em considera\u00e7\u00e3o a necessidade desta coopera\u00e7\u00e3o, tendo em vista a import\u00e2ncia dos bens da igreja para o patrim\u00f4nio cultural do Brasil. As edifica\u00e7\u00f5es de propriedade da Igreja Cat\u00f3lica foram erguidas desde o per\u00edodo colonial, passando por diferentes per\u00edodos da hist\u00f3ria do pa\u00eds.<\/p>\n<p>Em 1970, a CNBB publicou o Documento Base sobre a Arte Sacra, que buscou orientar os respons\u00e1veis pelos acervos culturais nas a\u00e7\u00f5es da gest\u00e3o e promo\u00e7\u00e3o dos seus bens culturais eclesi\u00e1sticos. Anos mais tarde, em 2008, o acordo Brasil-Santa S\u00e9 previu a coopera\u00e7\u00e3o para salvaguardar, conservar, valorizar a preservar os bens culturais eclesi\u00e1sticos.<\/p>\n<p>No ano passado, teve in\u00edcio o di\u00e1logo para a parceria entre o Iphan e a CNBB. O documento assinado nesta quarta-feira ser\u00e1 publicado no Di\u00e1rio Oficial da Uni\u00e3o (DOU) no pr\u00f3ximo dia 21 de junho.(ACI)<\/p>\n","protected":false},"excerpt":{"rendered":"<p>A Confer\u00eancia Nacional dos&nbsp;Bispos&nbsp;do Brasil (CNBB) e o Instituto do Patrim\u00f4nio Hist\u00f3rico e Art\u00edstico Nacional (Iphan) assinaram nesta quarta-feira, 16, em Bras\u00edlia (DF), um acordo de coopera\u00e7\u00e3o t\u00e9cnica a fim de realizar a\u00e7\u00f5es conjuntas de preserva\u00e7\u00e3o e valoriza\u00e7\u00e3o de bens da&nbsp;Igreja&nbsp;Cat\u00f3lica que tamb\u00e9m s\u00e3o patrim\u00f4nio cultural do pa\u00eds. A parceria vai abranger cerca de um&nbsp;<\/p>\n<p><a class=\"btn btn-style\" href=\"https:\/\/portalcatolico.net\/portal\/cnbb-e-iphan-assinam-acordo-para-preservar-patrimonio-catolico-no-brasil\/\">Continue Reading<\/a><\/p>\n","protected":false},"author":2,"featured_media":72579,"comment_status":"open","ping_status":"open","sticky":false,"template":"","format":"standard","meta":{"footnotes":""},"categories":[4],"tags":[],"class_list":["post-72578","post","type-post","status-publish","format-standard","has-post-thumbnail","hentry","category-destaques"],"_links":{"self":[{"href":"https:\/\/portalcatolico.net\/portal\/wp-json\/wp\/v2\/posts\/72578","targetHints":{"allow":["GET"]}}],"collection":[{"href":"https:\/\/portalcatolico.net\/portal\/wp-json\/wp\/v2\/posts"}],"about":[{"href":"https:\/\/portalcatolico.net\/portal\/wp-json\/wp\/v2\/types\/post"}],"author":[{"embeddable":true,"href":"https:\/\/portalcatolico.net\/portal\/wp-json\/wp\/v2\/users\/2"}],"replies":[{"embeddable":true,"href":"https:\/\/portalcatolico.net\/portal\/wp-json\/wp\/v2\/comments?post=72578"}],"version-history":[{"count":1,"href":"https:\/\/portalcatolico.net\/portal\/wp-json\/wp\/v2\/posts\/72578\/revisions"}],"predecessor-version":[{"id":72580,"href":"https:\/\/portalcatolico.net\/portal\/wp-json\/wp\/v2\/posts\/72578\/revisions\/72580"}],"wp:featuredmedia":[{"embeddable":true,"href":"https:\/\/portalcatolico.net\/portal\/wp-json\/wp\/v2\/media\/72579"}],"wp:attachment":[{"href":"https:\/\/portalcatolico.net\/portal\/wp-json\/wp\/v2\/media?parent=72578"}],"wp:term":[{"taxonomy":"category","embeddable":true,"href":"https:\/\/portalcatolico.net\/portal\/wp-json\/wp\/v2\/categories?post=72578"},{"taxonomy":"post_tag","embeddable":true,"href":"https:\/\/portalcatolico.net\/portal\/wp-json\/wp\/v2\/tags?post=72578"}],"curies":[{"name":"wp","href":"https:\/\/api.w.org\/{rel}","templated":true}]}}