{"id":72575,"date":"2021-06-15T20:27:29","date_gmt":"2021-06-15T23:27:29","guid":{"rendered":"http:\/\/portalcatolico.net\/portal\/?p=72575"},"modified":"2021-06-15T20:28:19","modified_gmt":"2021-06-15T23:28:19","slug":"bispo-da-diocese-de-eunapolis-faz-agradecimento-especial","status":"publish","type":"post","link":"https:\/\/portalcatolico.net\/portal\/bispo-da-diocese-de-eunapolis-faz-agradecimento-especial\/","title":{"rendered":"Bispo da Diocese de Eun\u00e1polis faz agradecimento especial!"},"content":{"rendered":"<div>A Diocese&nbsp;de&nbsp;Eun\u00e1polis, no extremo sul da Bahia, est\u00e1 em festa, em comemora\u00e7\u00e3o aos 25 anos&nbsp;de&nbsp;cria\u00e7\u00e3o e instala\u00e7\u00e3o da&nbsp;diocese&nbsp;na Costa do&nbsp;Descobrimento do Brasil. \u00c9 o seu primeiro jubileu e em especial, seu episcopado&nbsp;de&nbsp;dom Jos\u00e9 Edson Oliveira. A data da celebra\u00e7\u00e3o da cria\u00e7\u00e3o da coincide com a nomea\u00e7\u00e3o do bispo.<\/div>\n<div>Muito agradecido pelas felicita\u00e7\u00f5es, ele deixou uma mensagem para os fieis: &#8220;Na ocasi\u00e3o dos 25 anos da cria\u00e7\u00e3o da diocese de Eun\u00e1polis e da minha nomea\u00e7\u00e3o, a minha gratid\u00e3o a Deus por tantas gra\u00e7as.&nbsp;Como o Ap\u00f3stolo Paulo posso dizer: &#8216;Pela gra\u00e7a de Deus sou o que sou!<\/div>\n<div>Pe\u00e7o ao Senhor da Messe que mande mais oper\u00e1rios&#8217;.<\/div>\n<div>Agrade\u00e7o os votos de congratula\u00e7\u00f5es. Sinto-me feliz com sua amizade.&nbsp;Com estima e considera\u00e7\u00f5es fraternais&#8221;, declarou o bispo.<\/div>\n<div>Foto: Reprodu\u00e7\u00e3o\/Diocese de Eun\u00e1polis (BA)<\/div>\n","protected":false},"excerpt":{"rendered":"<p>A Diocese&nbsp;de&nbsp;Eun\u00e1polis, no extremo sul da Bahia, est\u00e1 em festa, em comemora\u00e7\u00e3o aos 25 anos&nbsp;de&nbsp;cria\u00e7\u00e3o e instala\u00e7\u00e3o da&nbsp;diocese&nbsp;na Costa do&nbsp;Descobrimento do Brasil. \u00c9 o seu primeiro jubileu e em especial, seu episcopado&nbsp;de&nbsp;dom Jos\u00e9 Edson Oliveira. A data da celebra\u00e7\u00e3o da cria\u00e7\u00e3o da coincide com a nomea\u00e7\u00e3o do bispo. Muito agradecido pelas felicita\u00e7\u00f5es, ele deixou uma&nbsp;<\/p>\n<p><a class=\"btn btn-style\" href=\"https:\/\/portalcatolico.net\/portal\/bispo-da-diocese-de-eunapolis-faz-agradecimento-especial\/\">Continue Reading<\/a><\/p>\n","protected":false},"author":2,"featured_media":71473,"comment_status":"open","ping_status":"open","sticky":false,"template":"","format":"standard","meta":{"footnotes":""},"categories":[4],"tags":[],"class_list":["post-72575","post","type-post","status-publish","format-standard","has-post-thumbnail","hentry","category-destaques"],"_links":{"self":[{"href":"https:\/\/portalcatolico.net\/portal\/wp-json\/wp\/v2\/posts\/72575","targetHints":{"allow":["GET"]}}],"collection":[{"href":"https:\/\/portalcatolico.net\/portal\/wp-json\/wp\/v2\/posts"}],"about":[{"href":"https:\/\/portalcatolico.net\/portal\/wp-json\/wp\/v2\/types\/post"}],"author":[{"embeddable":true,"href":"https:\/\/portalcatolico.net\/portal\/wp-json\/wp\/v2\/users\/2"}],"replies":[{"embeddable":true,"href":"https:\/\/portalcatolico.net\/portal\/wp-json\/wp\/v2\/comments?post=72575"}],"version-history":[{"count":2,"href":"https:\/\/portalcatolico.net\/portal\/wp-json\/wp\/v2\/posts\/72575\/revisions"}],"predecessor-version":[{"id":72577,"href":"https:\/\/portalcatolico.net\/portal\/wp-json\/wp\/v2\/posts\/72575\/revisions\/72577"}],"wp:featuredmedia":[{"embeddable":true,"href":"https:\/\/portalcatolico.net\/portal\/wp-json\/wp\/v2\/media\/71473"}],"wp:attachment":[{"href":"https:\/\/portalcatolico.net\/portal\/wp-json\/wp\/v2\/media?parent=72575"}],"wp:term":[{"taxonomy":"category","embeddable":true,"href":"https:\/\/portalcatolico.net\/portal\/wp-json\/wp\/v2\/categories?post=72575"},{"taxonomy":"post_tag","embeddable":true,"href":"https:\/\/portalcatolico.net\/portal\/wp-json\/wp\/v2\/tags?post=72575"}],"curies":[{"name":"wp","href":"https:\/\/api.w.org\/{rel}","templated":true}]}}