{"id":72507,"date":"2021-06-11T13:42:58","date_gmt":"2021-06-11T16:42:58","guid":{"rendered":"http:\/\/portalcatolico.net\/portal\/?p=72507"},"modified":"2021-06-11T13:46:57","modified_gmt":"2021-06-11T16:46:57","slug":"paroquias-celebram-o-glorioso-santo-antonio","status":"publish","type":"post","link":"https:\/\/portalcatolico.net\/portal\/paroquias-celebram-o-glorioso-santo-antonio\/","title":{"rendered":"Par\u00f3quias celebram o glorioso Santo Ant\u00f4nio!"},"content":{"rendered":"<div class=\"v1OutlineElement v1Ltr v1BCX0 v1SCXW152857789\">\n<p class=\"v1Paragraph v1SCXW152857789 v1BCX0\" lang=\"PT-BR\"><span class=\"v1TextRun v1SCXW152857789 v1BCX0\" lang=\"PT-BR\"><span class=\"v1NormalTextRun v1SCXW152857789 v1BCX0\">Par\u00f3quias dedicadas \u00e0 Santo Ant\u00f4nio iniciaram no dia 31 de maio, os preparativos&nbsp;<\/span><\/span><span class=\"v1TextRun v1SCXW152857789 v1BCX0\" lang=\"PT-BR\"><span class=\"v1NormalTextRun v1SCXW152857789 v1BCX0\">para homenagear o padroeiro.<\/span><\/span><span class=\"v1TextRun v1SCXW152857789 v1BCX0\" lang=\"PT-BR\"><span class=\"v1NormalTextRun v1SCXW152857789 v1BCX0\">&nbsp;<\/span><\/span><span class=\"v1TextRun v1SCXW152857789 v1BCX0\" lang=\"PT-BR\"><span class=\"v1NormalTextRun v1SCXW152857789 v1BCX0\">O<\/span><\/span><span class=\"v1TextRun v1SCXW152857789 v1BCX0\" lang=\"PT-BR\"><span class=\"v1NormalTextRun v1SCXW152857789 v1BCX0\">&nbsp;<\/span><\/span><span class=\"v1TextRun v1SCXW152857789 v1BCX0\" lang=\"PT-BR\"><span class=\"v1NormalTextRun v1SCXW152857789 v1BCX0\">d<\/span><\/span><span class=\"v1TextRun v1SCXW152857789 v1BCX0\" lang=\"PT-BR\"><span class=\"v1NormalTextRun v1SCXW152857789 v1BCX0\">ia festivo<\/span><\/span><span class=\"v1TextRun v1SCXW152857789 v1BCX0\" lang=\"PT-BR\"><span class=\"v1NormalTextRun v1SCXW152857789 v1BCX0\">&nbsp;do santo&nbsp;<\/span><\/span><span class=\"v1TextRun v1SCXW152857789 v1BCX0\" lang=\"PT-BR\"><span class=\"v1NormalTextRun v1SCXW152857789 v1BCX0\">ser\u00e1 no pr\u00f3ximo domingo, 13 de junho<\/span><\/span><span class=\"v1TextRun v1SCXW152857789 v1BCX0\" lang=\"PT-BR\"><span class=\"v1NormalTextRun v1SCXW152857789 v1BCX0\">.<\/span><\/span><span class=\"v1EOP v1SCXW152857789 v1BCX0\">&nbsp;<\/span><\/p>\n<\/div>\n<div class=\"v1OutlineElement v1Ltr v1BCX0 v1SCXW152857789\">\n<p class=\"v1Paragraph v1SCXW152857789 v1BCX0\" lang=\"PT-BR\"><span class=\"v1TextRun v1SCXW152857789 v1BCX0\" lang=\"PT-BR\"><span class=\"v1NormalTextRun v1SCXW152857789 v1BCX0\">A<\/span><\/span><span class=\"v1TextRun v1SCXW152857789 v1BCX0\" lang=\"PT-BR\"><span class=\"v1NormalTextRun v1SCXW152857789 v1BCX0\">&nbsp;diocese de Itabuna, no sul da Bahia<\/span><\/span><span class=\"v1TextRun v1SCXW152857789 v1BCX0\" lang=\"PT-BR\"><span class=\"v1NormalTextRun v1SCXW152857789 v1BCX0\">,<\/span><\/span><span class=\"v1TextRun v1SCXW152857789 v1BCX0\" lang=\"PT-BR\"><span class=\"v1NormalTextRun v1SCXW152857789 v1BCX0\">&nbsp;tem quatro par<\/span><\/span><span class=\"v1TextRun v1SCXW152857789 v1BCX0\" lang=\"PT-BR\"><span class=\"v1NormalTextRun v1SCXW152857789 v1BCX0\">\u00f3<\/span><\/span><span class=\"v1TextRun v1SCXW152857789 v1BCX0\" lang=\"PT-BR\"><span class=\"v1NormalTextRun v1SCXW152857789 v1BCX0\">quias dedicada<\/span><\/span><span class=\"v1TextRun v1SCXW152857789 v1BCX0\" lang=\"PT-BR\"><span class=\"v1NormalTextRun v1SCXW152857789 v1BCX0\">s<\/span><\/span><span class=\"v1TextRun v1SCXW152857789 v1BCX0\" lang=\"PT-BR\"><span class=\"v1NormalTextRun v1SCXW152857789 v1BCX0\">&nbsp;a<\/span><\/span><span class=\"v1LineBreakBlob v1BlobObject v1DragDrop v1SCXW152857789 v1BCX0\"><span class=\"v1SCXW152857789 v1BCX0\">&nbsp;<\/span><\/span><span class=\"v1TextRun v1SCXW152857789 v1BCX0\" lang=\"PT-BR\"><span class=\"v1NormalTextRun v1SCXW152857789 v1BCX0\">Santo Ant\u00f4nio<\/span><\/span><span class=\"v1TextRun v1SCXW152857789 v1BCX0\" lang=\"PT-BR\"><span class=\"v1NormalTextRun v1SCXW152857789 v1BCX0\">,<\/span><\/span><span class=\"v1TextRun v1SCXW152857789 v1BCX0\" lang=\"PT-BR\"><span class=\"v1NormalTextRun v1SCXW152857789 v1BCX0\">&nbsp;al\u00e9m das comunidades que comp\u00f5e<\/span><\/span><span class=\"v1TextRun v1SCXW152857789 v1BCX0\" lang=\"PT-BR\"><span class=\"v1NormalTextRun v1SCXW152857789 v1BCX0\">m<\/span><\/span><span class=\"v1TextRun v1SCXW152857789 v1BCX0\" lang=\"PT-BR\"><span class=\"v1NormalTextRun v1SCXW152857789 v1BCX0\">&nbsp;as igrejas. As cidades<\/span><\/span><span class=\"v1LineBreakBlob v1BlobObject v1DragDrop v1SCXW152857789 v1BCX0\"><span class=\"v1SCXW152857789 v1BCX0\">&nbsp;&nbsp;<\/span><\/span><span class=\"v1TextRun v1SCXW152857789 v1BCX0\" lang=\"PT-BR\"><span class=\"v1NormalTextRun v1SCXW152857789 v1BCX0\">s\u00e3o: Itabuna (bairro Santo Ant\u00f4nio<\/span><\/span><span class=\"v1TextRun v1SCXW152857789 v1BCX0\" lang=\"PT-BR\"><span class=\"v1NormalTextRun v1ContextualSpellingAndGrammarErrorV2 v1SCXW152857789 v1BCX0\">)<\/span><\/span><span class=\"v1TextRun v1SCXW152857789 v1BCX0\" lang=\"PT-BR\"><span class=\"v1NormalTextRun v1ContextualSpellingAndGrammarErrorV2 v1SCXW152857789 v1BCX0\">,<\/span><\/span><span class=\"v1TextRun v1SCXW152857789 v1BCX0\" lang=\"PT-BR\"><span class=\"v1NormalTextRun v1ContextualSpellingAndGrammarErrorV2 v1SCXW152857789 v1BCX0\">&nbsp;&nbsp;Itoror\u00f3<\/span><\/span><span class=\"v1TextRun v1SCXW152857789 v1BCX0\" lang=\"PT-BR\"><span class=\"v1NormalTextRun v1SCXW152857789 v1BCX0\">, Firmino<\/span><\/span><span class=\"v1TextRun v1SCXW152857789 v1BCX0\" lang=\"PT-BR\"><span class=\"v1NormalTextRun v1SCXW152857789 v1BCX0\">&nbsp;<\/span><\/span><span class=\"v1TextRun v1SCXW152857789 v1BCX0\" lang=\"PT-BR\"><span class=\"v1NormalTextRun v1SCXW152857789 v1BCX0\">Alves e&nbsp;<\/span><\/span><span class=\"v1TextRun v1SCXW152857789 v1BCX0\" lang=\"PT-BR\"><span class=\"v1NormalTextRun v1SpellingErrorV2 v1SCXW152857789 v1BCX0\">Itaj\u00fa<\/span><\/span><span class=\"v1TextRun v1SCXW152857789 v1BCX0\" lang=\"PT-BR\"><span class=\"v1NormalTextRun v1SCXW152857789 v1BCX0\">&nbsp;do Col\u00f4nia. Vale ressaltar que algumas par<\/span><\/span><span class=\"v1TextRun v1SCXW152857789 v1BCX0\" lang=\"PT-BR\"><span class=\"v1NormalTextRun v1SCXW152857789 v1BCX0\">\u00f3<\/span><\/span><span class=\"v1TextRun v1SCXW152857789 v1BCX0\" lang=\"PT-BR\"><span class=\"v1NormalTextRun v1SCXW152857789 v1BCX0\">quias, mesmo<\/span><\/span><span class=\"v1TextRun v1SCXW152857789 v1BCX0\" lang=\"PT-BR\"><span class=\"v1NormalTextRun v1SCXW152857789 v1BCX0\">&nbsp;<\/span><\/span><span class=\"v1TextRun v1SCXW152857789 v1BCX0\" lang=\"PT-BR\"><span class=\"v1NormalTextRun v1SCXW152857789 v1BCX0\">n\u00e3o ten<\/span><\/span><span class=\"v1TextRun v1SCXW152857789 v1BCX0\" lang=\"PT-BR\"><span class=\"v1NormalTextRun v1SCXW152857789 v1BCX0\">do<\/span><\/span><span class=\"v1TextRun v1SCXW152857789 v1BCX0\" lang=\"PT-BR\"><span class=\"v1NormalTextRun v1SCXW152857789 v1BCX0\">&nbsp;Santo Ant\u00f4nio&nbsp;<\/span><\/span><span class=\"v1TextRun v1SCXW152857789 v1BCX0\" lang=\"PT-BR\"><span class=\"v1NormalTextRun v1SCXW152857789 v1BCX0\">c<\/span><\/span><span class=\"v1TextRun v1SCXW152857789 v1BCX0\" lang=\"PT-BR\"><span class=\"v1NormalTextRun v1SCXW152857789 v1BCX0\">om<\/span><\/span><span class=\"v1TextRun v1SCXW152857789 v1BCX0\" lang=\"PT-BR\"><span class=\"v1NormalTextRun v1SCXW152857789 v1BCX0\">o<\/span><\/span><span class=\"v1TextRun v1SCXW152857789 v1BCX0\" lang=\"PT-BR\"><span class=\"v1NormalTextRun v1SCXW152857789 v1BCX0\">&nbsp;seu padroeiro, celebram&nbsp;<\/span><\/span><span class=\"v1TextRun v1SCXW152857789 v1BCX0\" lang=\"PT-BR\"><span class=\"v1NormalTextRun v1SpellingErrorV2 v1SCXW152857789 v1BCX0\">trezen\u00e1rio<\/span><\/span><span class=\"v1TextRun v1SCXW152857789 v1BCX0\" lang=\"PT-BR\"><span class=\"v1NormalTextRun v1SCXW152857789 v1BCX0\">,<\/span><\/span><span class=\"v1TextRun v1SCXW152857789 v1BCX0\" lang=\"PT-BR\"><span class=\"v1NormalTextRun v1SCXW152857789 v1BCX0\">&nbsp;<\/span><\/span><span class=\"v1TextRun v1SCXW152857789 v1BCX0\" lang=\"PT-BR\"><span class=\"v1NormalTextRun v1SCXW152857789 v1BCX0\">noven\u00e1rio e&nbsp;<\/span><\/span><span class=\"v1TextRun v1SCXW152857789 v1BCX0\" lang=\"PT-BR\"><span class=\"v1NormalTextRun v1SCXW152857789 v1BCX0\">t<\/span><\/span><span class=\"v1TextRun v1SCXW152857789 v1BCX0\" lang=\"PT-BR\"><span class=\"v1NormalTextRun v1SCXW152857789 v1BCX0\">r\u00edduo.<\/span><\/span><span class=\"v1LineBreakBlob v1BlobObject v1DragDrop v1SCXW152857789 v1BCX0\"><span class=\"v1SCXW152857789 v1BCX0\">&nbsp;<\/span><br class=\"v1SCXW152857789 v1BCX0\"><\/span><span class=\"v1TextRun v1SCXW152857789 v1BCX0\" lang=\"PT-BR\"><span class=\"v1NormalTextRun v1SCXW152857789 v1BCX0\">A diocese de Ilh\u00e9us<\/span><\/span><span class=\"v1TextRun v1SCXW152857789 v1BCX0\" lang=\"PT-BR\"><span class=\"v1NormalTextRun v1SCXW152857789 v1BCX0\">,<\/span><\/span><span class=\"v1TextRun v1SCXW152857789 v1BCX0\" lang=\"PT-BR\"><span class=\"v1NormalTextRun v1SCXW152857789 v1BCX0\">&nbsp;no litoral sul da Bahia<\/span><\/span><span class=\"v1TextRun v1SCXW152857789 v1BCX0\" lang=\"PT-BR\"><span class=\"v1NormalTextRun v1SCXW152857789 v1BCX0\">,<\/span><\/span><span class=\"v1TextRun v1SCXW152857789 v1BCX0\" lang=\"PT-BR\"><span class=\"v1NormalTextRun v1SCXW152857789 v1BCX0\">&nbsp;tem tr\u00eas par<\/span><\/span><span class=\"v1TextRun v1SCXW152857789 v1BCX0\" lang=\"PT-BR\"><span class=\"v1NormalTextRun v1SCXW152857789 v1BCX0\">\u00f3<\/span><\/span><span class=\"v1TextRun v1SCXW152857789 v1BCX0\" lang=\"PT-BR\"><span class=\"v1NormalTextRun v1SCXW152857789 v1BCX0\">quias dedica<\/span><\/span><span class=\"v1TextRun v1SCXW152857789 v1BCX0\" lang=\"PT-BR\"><span class=\"v1NormalTextRun v1SCXW152857789 v1BCX0\">das<\/span><\/span><span class=\"v1TextRun v1SCXW152857789 v1BCX0\" lang=\"PT-BR\"><span class=\"v1NormalTextRun v1SCXW152857789 v1BCX0\">&nbsp;a<\/span><\/span><span class=\"v1LineBreakBlob v1BlobObject v1DragDrop v1SCXW152857789 v1BCX0\"><span class=\"v1SCXW152857789 v1BCX0\">&nbsp;<\/span><\/span><span class=\"v1TextRun v1SCXW152857789 v1BCX0\" lang=\"PT-BR\"><span class=\"v1NormalTextRun v1SCXW152857789 v1BCX0\">Santo Ant\u00f4nio e s\u00e3o elas: Ubaitaba, Teol\u00e2ndia, Ilh\u00e9us (bairro da Barra),<\/span><\/span><span class=\"v1LineBreakBlob v1BlobObject v1DragDrop v1SCXW152857789 v1BCX0\"><span class=\"v1SCXW152857789 v1BCX0\">&nbsp;<\/span><\/span><span class=\"v1TextRun v1SCXW152857789 v1BCX0\" lang=\"PT-BR\"><span class=\"v1NormalTextRun v1SCXW152857789 v1BCX0\">entre outras comunidades.<\/span><\/span><span class=\"v1EOP v1SCXW152857789 v1BCX0\">&nbsp;<\/span><\/p>\n<\/div>\n<div class=\"v1OutlineElement v1Ltr v1BCX0 v1SCXW152857789\">\n<p class=\"v1Paragraph v1SCXW152857789 v1BCX0\" lang=\"PT-BR\"><strong><span class=\"v1TextRun v1SCXW152857789 v1BCX0\" lang=\"PT-BR\"><span class=\"v1NormalTextRun v1SCXW152857789 v1BCX0\">Conhe\u00e7a um pouco a Hist\u00f3ria de Santo Ant\u00f4nio:<\/span><\/span><span class=\"v1EOP v1SCXW152857789 v1BCX0\">&nbsp;<\/span><\/strong><\/p>\n<\/div>\n<div class=\"v1OutlineElement v1Ltr v1BCX0 v1SCXW152857789\">\n<p class=\"v1Paragraph v1SCXW152857789 v1BCX0\" lang=\"PT-BR\"><span class=\"v1LineBreakBlob v1BlobObject v1DragDrop v1SCXW152857789 v1BCX0\"><span class=\"v1SCXW152857789 v1BCX0\">&nbsp;<\/span><\/span><span class=\"v1TextRun v1SCXW152857789 v1BCX0\" lang=\"PT-BR\"><span class=\"v1NormalTextRun v1SCXW152857789 v1BCX0\">Aos 19 anos<\/span><\/span><span class=\"v1TextRun v1SCXW152857789 v1BCX0\" lang=\"PT-BR\"><span class=\"v1NormalTextRun v1SCXW152857789 v1BCX0\">, Ant\u00f4nio<\/span><\/span><span class=\"v1TextRun v1SCXW152857789 v1BCX0\" lang=\"PT-BR\"><span class=\"v1NormalTextRun v1SCXW152857789 v1BCX0\">&nbsp;entrou para o Mosteiro de S\u00e3o Vicente dos C\u00f4negos Regulares<\/span><\/span><span class=\"v1LineBreakBlob v1BlobObject v1DragDrop v1SCXW152857789 v1BCX0\"><span class=\"v1SCXW152857789 v1BCX0\">&nbsp;&nbsp;<\/span><\/span><span class=\"v1TextRun v1SCXW152857789 v1BCX0\" lang=\"PT-BR\"><span class=\"v1NormalTextRun v1SCXW152857789 v1BCX0\">de Santo Agostinho, contra a vontade de seu pai. Morou l\u00e1 por 2 anos.<\/span><\/span><span class=\"v1LineBreakBlob v1BlobObject v1DragDrop v1SCXW152857789 v1BCX0\"><span class=\"v1SCXW152857789 v1BCX0\">&nbsp;<\/span><br class=\"v1SCXW152857789 v1BCX0\"><\/span><span class=\"v1TextRun v1SCXW152857789 v1BCX0\" lang=\"PT-BR\"><span class=\"v1NormalTextRun v1SCXW152857789 v1BCX0\">Com uma grande biblioteca em m\u00e3os, Ant\u00f4nio avan\u00e7a na sua hist\u00f3ria pelo<\/span><\/span><span class=\"v1LineBreakBlob v1BlobObject v1DragDrop v1SCXW152857789 v1BCX0\"><span class=\"v1SCXW152857789 v1BCX0\">&nbsp;&nbsp;<\/span><\/span><span class=\"v1TextRun v1SCXW152857789 v1BCX0\" lang=\"PT-BR\"><span class=\"v1NormalTextRun v1SCXW152857789 v1BCX0\">estudo e pela ora\u00e7\u00e3o. \u00c9 transferido para Coimbra, que \u00e9 um importante<\/span><\/span><span class=\"v1LineBreakBlob v1BlobObject v1DragDrop v1SCXW152857789 v1BCX0\"><span class=\"v1SCXW152857789 v1BCX0\">&nbsp;&nbsp;<\/span><\/span><span class=\"v1TextRun v1SCXW152857789 v1BCX0\" lang=\"PT-BR\"><span class=\"v1NormalTextRun v1SCXW152857789 v1BCX0\">centro de estudos de Portugal, ficando l\u00e1 por 10 anos. Em Coimbra ele&nbsp;<\/span><\/span><span class=\"v1LineBreakBlob v1BlobObject v1DragDrop v1SCXW152857789 v1BCX0\"><span class=\"v1SCXW152857789 v1BCX0\">&nbsp;<\/span><br class=\"v1SCXW152857789 v1BCX0\"><\/span><span class=\"v1TextRun v1SCXW152857789 v1BCX0\" lang=\"PT-BR\"><span class=\"v1NormalTextRun v1SCXW152857789 v1BCX0\">foi ordenado sacerdote. Logo se viu o dom da palavra que transbordava do<\/span><\/span><span class=\"v1LineBreakBlob v1BlobObject v1DragDrop v1SCXW152857789 v1BCX0\"><span class=\"v1SCXW152857789 v1BCX0\">&nbsp;&nbsp;<\/span><\/span><span class=\"v1TextRun v1SCXW152857789 v1BCX0\" lang=\"PT-BR\"><span class=\"v1NormalTextRun v1SCXW152857789 v1BCX0\">jovem padre agostiniano. Ele tinha conhecimento e grande poder de<\/span><\/span><span class=\"v1LineBreakBlob v1BlobObject v1DragDrop v1SCXW152857789 v1BCX0\"><span class=\"v1SCXW152857789 v1BCX0\">&nbsp;&nbsp;<\/span><\/span><span class=\"v1TextRun v1SCXW152857789 v1BCX0\" lang=\"PT-BR\"><span class=\"v1NormalTextRun v1SCXW152857789 v1BCX0\">prega\u00e7\u00e3o.<\/span><\/span><span class=\"v1LineBreakBlob v1BlobObject v1DragDrop v1SCXW152857789 v1BCX0\"><span class=\"v1SCXW152857789 v1BCX0\">&nbsp;<\/span><br class=\"v1SCXW152857789 v1BCX0\"><\/span><span class=\"v1TextRun v1SCXW152857789 v1BCX0\" lang=\"PT-BR\"><span class=\"v1NormalTextRun v1SCXW152857789 v1BCX0\">Protetor das coisas perdidas. Protetor dos casamentos. Protetor dos<\/span><\/span><span class=\"v1LineBreakBlob v1BlobObject v1DragDrop v1SCXW152857789 v1BCX0\"><span class=\"v1SCXW152857789 v1BCX0\">&nbsp;&nbsp;<\/span><\/span><span class=\"v1TextRun v1SCXW152857789 v1BCX0\" lang=\"PT-BR\"><span class=\"v1NormalTextRun v1SCXW152857789 v1BCX0\">pobres. \u00c9 o Santo dos milagres. Fez muitos ainda em vida. Durante suas<\/span><\/span><span class=\"v1LineBreakBlob v1BlobObject v1DragDrop v1SCXW152857789 v1BCX0\"><span class=\"v1SCXW152857789 v1BCX0\">&nbsp;&nbsp;<\/span><\/span><span class=\"v1TextRun v1SCXW152857789 v1BCX0\" lang=\"PT-BR\"><span class=\"v1NormalTextRun v1SCXW152857789 v1BCX0\">prega\u00e7\u00f5es nas pra\u00e7as e igrejas, muitos cegos, surdos, coxos e muitos<\/span><\/span><span class=\"v1LineBreakBlob v1BlobObject v1DragDrop v1SCXW152857789 v1BCX0\"><span class=\"v1SCXW152857789 v1BCX0\">&nbsp;&nbsp;<\/span><\/span><span class=\"v1TextRun v1SCXW152857789 v1BCX0\" lang=\"PT-BR\"><span class=\"v1NormalTextRun v1SCXW152857789 v1BCX0\">doentes ficavam curados. Redigiu os Serm\u00f5es, tratados sobre a quaresma e<\/span><\/span><span class=\"v1LineBreakBlob v1BlobObject v1DragDrop v1SCXW152857789 v1BCX0\"><span class=\"v1SCXW152857789 v1BCX0\">&nbsp;&nbsp;<\/span><\/span><span class=\"v1TextRun v1SCXW152857789 v1BCX0\" lang=\"PT-BR\"><span class=\"v1NormalTextRun v1SCXW152857789 v1BCX0\">os evangelhos, que est\u00e3o impressos em dois grandes volumes de sua obra.<\/span><\/span><span class=\"v1LineBreakBlob v1BlobObject v1DragDrop v1SCXW152857789 v1BCX0\"><span class=\"v1SCXW152857789 v1BCX0\">&nbsp;<\/span><br class=\"v1SCXW152857789 v1BCX0\"><\/span><span class=\"v1TextRun v1SCXW152857789 v1BCX0\" lang=\"PT-BR\"><span class=\"v1NormalTextRun v1SCXW152857789 v1BCX0\">Santo Ant\u00f4nio morreu em P\u00e1dua, na It\u00e1lia, em 13 de junho de 1231, com 36<\/span><\/span><span class=\"v1LineBreakBlob v1BlobObject v1DragDrop v1SCXW152857789 v1BCX0\"><span class=\"v1SCXW152857789 v1BCX0\">&nbsp;&nbsp;<\/span><\/span><span class=\"v1TextRun v1SCXW152857789 v1BCX0\" lang=\"PT-BR\"><span class=\"v1NormalTextRun v1SCXW152857789 v1BCX0\">anos. Por isso ele \u00e9 conhecido tamb\u00e9m como Santo Ant\u00f4nio de P\u00e1dua. Antes<\/span><\/span><span class=\"v1LineBreakBlob v1BlobObject v1DragDrop v1SCXW152857789 v1BCX0\"><span class=\"v1SCXW152857789 v1BCX0\">&nbsp;&nbsp;<\/span><\/span><span class=\"v1TextRun v1SCXW152857789 v1BCX0\" lang=\"PT-BR\"><span class=\"v1NormalTextRun v1SCXW152857789 v1BCX0\">de falecer nas portas de P\u00e1dua, Santo Ant\u00f4nio diz: \u00f3 Virgem gloriosa que<\/span><\/span><span class=\"v1LineBreakBlob v1BlobObject v1DragDrop v1SCXW152857789 v1BCX0\"><span class=\"v1SCXW152857789 v1BCX0\">&nbsp;<\/span><br class=\"v1SCXW152857789 v1BCX0\"><\/span><span class=\"v1TextRun v1SCXW152857789 v1BCX0\" lang=\"PT-BR\"><span class=\"v1NormalTextRun v1SCXW152857789 v1BCX0\">estais acima das estrelas. E completou, estou vendo o meu Senhor. Em<\/span><\/span><span class=\"v1LineBreakBlob v1BlobObject v1DragDrop v1SCXW152857789 v1BCX0\"><span class=\"v1SCXW152857789 v1BCX0\">&nbsp;&nbsp;<\/span><\/span><span class=\"v1TextRun v1SCXW152857789 v1BCX0\" lang=\"PT-BR\"><span class=\"v1NormalTextRun v1SCXW152857789 v1BCX0\">seguida, faleceu.<\/span><\/span><span class=\"v1LineBreakBlob v1BlobObject v1DragDrop v1SCXW152857789 v1BCX0\"><span class=\"v1SCXW152857789 v1BCX0\">&nbsp;<\/span><br class=\"v1SCXW152857789 v1BCX0\"><\/span><span class=\"v1TextRun v1SCXW152857789 v1BCX0\" lang=\"PT-BR\"><span class=\"v1NormalTextRun v1SCXW152857789 v1BCX0\">Sua canoniza\u00e7\u00e3o foi realizada pelo Papa Greg\u00f3rio IX, na catedral de<\/span><\/span><span class=\"v1LineBreakBlob v1BlobObject v1DragDrop v1SCXW152857789 v1BCX0\"><span class=\"v1SCXW152857789 v1BCX0\">&nbsp;&nbsp;<\/span><\/span><span class=\"v1TextRun v1SCXW152857789 v1BCX0\" lang=\"PT-BR\"><span class=\"v1NormalTextRun v1SCXW152857789 v1BCX0\">Espoleto, em 30 de maio de 1232, sendo o processo mais r\u00e1pido da<\/span><\/span><span class=\"v1LineBreakBlob v1BlobObject v1DragDrop v1SCXW152857789 v1BCX0\"><span class=\"v1SCXW152857789 v1BCX0\">&nbsp;<\/span><\/span><span class=\"v1TextRun v1SCXW152857789 v1BCX0\" lang=\"PT-BR\"><span class=\"v1NormalTextRun v1SCXW152857789 v1BCX0\">hist\u00f3ria da Igreja.<\/span><\/span><span class=\"v1LineBreakBlob v1BlobObject v1DragDrop v1SCXW152857789 v1BCX0\"><span class=\"v1SCXW152857789 v1BCX0\">&nbsp;<\/span><br class=\"v1SCXW152857789 v1BCX0\"><\/span><span class=\"v1TextRun v1SCXW152857789 v1BCX0\" lang=\"PT-BR\"><span class=\"v1NormalTextRun v1SCXW152857789 v1BCX0\">Em 1934 foi declarado Padroeiro de Portugal.<\/span><\/span><span class=\"v1LineBreakBlob v1BlobObject v1DragDrop v1SCXW152857789 v1BCX0\"><span class=\"v1SCXW152857789 v1BCX0\">&nbsp;&nbsp;<\/span><\/span><span class=\"v1TextRun v1SCXW152857789 v1BCX0\" lang=\"PT-BR\"><span class=\"v1NormalTextRun v1SCXW152857789 v1BCX0\">Em 1946 foi proclamado Doutor da Igreja pelo Papa Pio XII.<\/span><\/span><span class=\"v1LineBreakBlob v1BlobObject v1DragDrop v1SCXW152857789 v1BCX0\"><span class=\"v1SCXW152857789 v1BCX0\">&nbsp;<\/span><br class=\"v1SCXW152857789 v1BCX0\"><\/span><span class=\"v1LineBreakBlob v1BlobObject v1DragDrop v1SCXW152857789 v1BCX0\"><span class=\"v1SCXW152857789 v1BCX0\">&nbsp;<\/span><\/span><\/p>\n<\/div>\n","protected":false},"excerpt":{"rendered":"<p>Par\u00f3quias dedicadas \u00e0 Santo Ant\u00f4nio iniciaram no dia 31 de maio, os preparativos&nbsp;para homenagear o padroeiro.&nbsp;O&nbsp;dia festivo&nbsp;do santo&nbsp;ser\u00e1 no pr\u00f3ximo domingo, 13 de junho.&nbsp; A&nbsp;diocese de Itabuna, no sul da Bahia,&nbsp;tem quatro par\u00f3quias dedicadas&nbsp;a&nbsp;Santo Ant\u00f4nio,&nbsp;al\u00e9m das comunidades que comp\u00f5em&nbsp;as igrejas. As cidades&nbsp;&nbsp;s\u00e3o: Itabuna (bairro Santo Ant\u00f4nio),&nbsp;&nbsp;Itoror\u00f3, Firmino&nbsp;Alves e&nbsp;Itaj\u00fa&nbsp;do Col\u00f4nia. Vale ressaltar que algumas par\u00f3quias, mesmo&nbsp;n\u00e3o&nbsp;<\/p>\n<p><a class=\"btn btn-style\" href=\"https:\/\/portalcatolico.net\/portal\/paroquias-celebram-o-glorioso-santo-antonio\/\">Continue Reading<\/a><\/p>\n","protected":false},"author":2,"featured_media":72509,"comment_status":"open","ping_status":"open","sticky":false,"template":"","format":"standard","meta":{"footnotes":""},"categories":[3],"tags":[],"class_list":["post-72507","post","type-post","status-publish","format-standard","has-post-thumbnail","hentry","category-noticias_regionais"],"_links":{"self":[{"href":"https:\/\/portalcatolico.net\/portal\/wp-json\/wp\/v2\/posts\/72507","targetHints":{"allow":["GET"]}}],"collection":[{"href":"https:\/\/portalcatolico.net\/portal\/wp-json\/wp\/v2\/posts"}],"about":[{"href":"https:\/\/portalcatolico.net\/portal\/wp-json\/wp\/v2\/types\/post"}],"author":[{"embeddable":true,"href":"https:\/\/portalcatolico.net\/portal\/wp-json\/wp\/v2\/users\/2"}],"replies":[{"embeddable":true,"href":"https:\/\/portalcatolico.net\/portal\/wp-json\/wp\/v2\/comments?post=72507"}],"version-history":[{"count":2,"href":"https:\/\/portalcatolico.net\/portal\/wp-json\/wp\/v2\/posts\/72507\/revisions"}],"predecessor-version":[{"id":72510,"href":"https:\/\/portalcatolico.net\/portal\/wp-json\/wp\/v2\/posts\/72507\/revisions\/72510"}],"wp:featuredmedia":[{"embeddable":true,"href":"https:\/\/portalcatolico.net\/portal\/wp-json\/wp\/v2\/media\/72509"}],"wp:attachment":[{"href":"https:\/\/portalcatolico.net\/portal\/wp-json\/wp\/v2\/media?parent=72507"}],"wp:term":[{"taxonomy":"category","embeddable":true,"href":"https:\/\/portalcatolico.net\/portal\/wp-json\/wp\/v2\/categories?post=72507"},{"taxonomy":"post_tag","embeddable":true,"href":"https:\/\/portalcatolico.net\/portal\/wp-json\/wp\/v2\/tags?post=72507"}],"curies":[{"name":"wp","href":"https:\/\/api.w.org\/{rel}","templated":true}]}}