{"id":72481,"date":"2021-06-11T13:40:16","date_gmt":"2021-06-11T16:40:16","guid":{"rendered":"http:\/\/portalcatolico.net\/portal\/?p=72481"},"modified":"2021-06-11T13:36:57","modified_gmt":"2021-06-11T16:36:57","slug":"trezenario-de-santo-antonio-em-porto-seguro","status":"publish","type":"post","link":"https:\/\/portalcatolico.net\/portal\/trezenario-de-santo-antonio-em-porto-seguro\/","title":{"rendered":"Missas e carreatas fazem parte da programa\u00e7\u00e3o festiva pelo dia de Santo Ant\u00f4nio"},"content":{"rendered":"<p>No pr\u00f3ximo domingo, dia 13 de junho, os devotos de Santo Ant\u00f4nio estar\u00e3o em festa. Na Arquidiocese de Salvador quatro par\u00f3quias s\u00e3o dedicadas ao santo conhecido como \u201cpai dos pobres\u201d, al\u00e9m de 35 comunidades de outras par\u00f3quias e da Igreja e Convento de S\u00e3o Francisco, que tamb\u00e9m organizam Missas e carreatas.<\/p>\n<p>Na Par\u00f3quia Santo Ant\u00f4nio Al\u00e9m do Carmo, no Centro Hist\u00f3rico de Salvador, o dia 13 de junho ser\u00e1 marcada por Missas \u00e0s 7h, 9h e 11h, na Igreja Nossa Senhora da Concei\u00e7\u00e3o do Boqueir\u00e3o, com acesso dos fi\u00e9is por ordem de chegada at\u00e9 completar 70 pessoas dentro do templo. J\u00e1 \u00e0s 15h uma carreata com a imagem do santo percorrer\u00e1 as principais ruas do bairro, retornando para a Igreja do Boqueir\u00e3o.<\/p>\n<p>A Par\u00f3quia Santo Ant\u00f4nio (Cosme de Farias) celebra a festa do padroeiro tamb\u00e9m louvando e agradecendo a Deus pelos 40 anos de caminhada da comunidade. No dia festivo, 13 de junho, a primeira Missa ter\u00e1 in\u00edcio \u00e0s 8h, seguida de carreata pelas principais ruas do bairro. O \u00e1pice dos festejos ser\u00e1 a Missa presidida pelo bispo auxiliar, Dom Marco Eug\u00eanio Galr\u00e3o Leite de Almeida, \u00e0s 18h.<\/p>\n<p>J\u00e1 na Par\u00f3quia Santo Ant\u00f4nio (Fazenda Coutos) a Santa Missa festiva \u2013 e \u00faltima Celebra\u00e7\u00e3o do trezen\u00e1rio \u2013 acontecer\u00e1 \u00e0s 19h, na Matriz. Seguindo os protocolos de seguran\u00e7a para a n\u00e3o dissemina\u00e7\u00e3o do novo coronav\u00edrus, apenas 30% da capacidade do templo poder\u00e1 ser ocupado, e para participar os fi\u00e9is dever\u00e3o entrar em contato com a secretaria paroquial, pelo telefone (71) 3408-5123 ou pelo Whatsapp (71) 99907-5123. Toda a programa\u00e7\u00e3o ser\u00e1 transmitida, ao vivo, pelo Facebook e pelo Instagram: @paroquiasantoa<\/p>\n<p>Na Par\u00f3quia Santo Ant\u00f4nio de Port\u00e3o, em Lauro de Freitas, a programa\u00e7\u00e3o do dia 13 ter\u00e1 in\u00edcio com a alvorada \u00e0s 6h30, seguida de Missas \u00e0s 7h, 9h e 11h. J\u00e1 \u00e0s 15h haver\u00e1 a \u00faltima reza da trezena, com o coral Vozes de Santo Ant\u00f4nio de Port\u00e3o. O encerramento ser\u00e1 com uma carreata que sair\u00e1 \u00e0s 17h da localidade Queira Deus, seguindo at\u00e9 o Terminal Rodovi\u00e1rio Jo\u00e3o Expresso, onde ser\u00e1 celebrada a \u00faltima Missa do dia.<\/p>\n<p>H\u00e1, ainda, homenagens a Santo Ant\u00f4nio na Igreja e Convento S\u00e3o Francisco, localizados no Pelourinho. No 13 de junho ser\u00e3o celebradas Missas \u00e0s 7h, \u00e0s 9h e \u00e0s 17h. Toda a programa\u00e7\u00e3o ser\u00e1 transmitida, ao vivo, pelo Instagram @conventosaofranciscoba. Tamb\u00e9m neste dia, a partir das 11h, ser\u00e1 vendida a feijoada de Santo Ant\u00f4nio, que poder\u00e1 ser retirada na modalidade drive thru, pelo valor de R$ 10. Toda a renda arrecadada ser\u00e1 revertida para a manuten\u00e7\u00e3o da vida comunit\u00e1ria e das obras sociais desenvolvidas pelos franciscanos.<\/p>\n<p>Foto: Divulga\u00e7\u00e3o\/Internet<\/p>\n<p>Noticias: Arquidiocese de S\u00e3o Salvador da Bahia<\/p>\n","protected":false},"excerpt":{"rendered":"<p>No pr\u00f3ximo domingo, dia 13 de junho, os devotos de Santo Ant\u00f4nio estar\u00e3o em festa. Na Arquidiocese de Salvador quatro par\u00f3quias s\u00e3o dedicadas ao santo conhecido como \u201cpai dos pobres\u201d, al\u00e9m de 35 comunidades de outras par\u00f3quias e da Igreja e Convento de S\u00e3o Francisco, que tamb\u00e9m organizam Missas e carreatas. Na Par\u00f3quia Santo Ant\u00f4nio&nbsp;<\/p>\n<p><a class=\"btn btn-style\" href=\"https:\/\/portalcatolico.net\/portal\/trezenario-de-santo-antonio-em-porto-seguro\/\">Continue Reading<\/a><\/p>\n","protected":false},"author":2,"featured_media":72505,"comment_status":"open","ping_status":"open","sticky":false,"template":"","format":"standard","meta":{"footnotes":""},"categories":[4],"tags":[],"class_list":["post-72481","post","type-post","status-publish","format-standard","has-post-thumbnail","hentry","category-destaques"],"_links":{"self":[{"href":"https:\/\/portalcatolico.net\/portal\/wp-json\/wp\/v2\/posts\/72481","targetHints":{"allow":["GET"]}}],"collection":[{"href":"https:\/\/portalcatolico.net\/portal\/wp-json\/wp\/v2\/posts"}],"about":[{"href":"https:\/\/portalcatolico.net\/portal\/wp-json\/wp\/v2\/types\/post"}],"author":[{"embeddable":true,"href":"https:\/\/portalcatolico.net\/portal\/wp-json\/wp\/v2\/users\/2"}],"replies":[{"embeddable":true,"href":"https:\/\/portalcatolico.net\/portal\/wp-json\/wp\/v2\/comments?post=72481"}],"version-history":[{"count":3,"href":"https:\/\/portalcatolico.net\/portal\/wp-json\/wp\/v2\/posts\/72481\/revisions"}],"predecessor-version":[{"id":72506,"href":"https:\/\/portalcatolico.net\/portal\/wp-json\/wp\/v2\/posts\/72481\/revisions\/72506"}],"wp:featuredmedia":[{"embeddable":true,"href":"https:\/\/portalcatolico.net\/portal\/wp-json\/wp\/v2\/media\/72505"}],"wp:attachment":[{"href":"https:\/\/portalcatolico.net\/portal\/wp-json\/wp\/v2\/media?parent=72481"}],"wp:term":[{"taxonomy":"category","embeddable":true,"href":"https:\/\/portalcatolico.net\/portal\/wp-json\/wp\/v2\/categories?post=72481"},{"taxonomy":"post_tag","embeddable":true,"href":"https:\/\/portalcatolico.net\/portal\/wp-json\/wp\/v2\/tags?post=72481"}],"curies":[{"name":"wp","href":"https:\/\/api.w.org\/{rel}","templated":true}]}}