{"id":72242,"date":"2021-05-21T21:31:38","date_gmt":"2021-05-22T00:31:38","guid":{"rendered":"http:\/\/portalcatolico.net\/portal\/?p=72242"},"modified":"2021-05-21T21:32:16","modified_gmt":"2021-05-22T00:32:16","slug":"bispo-da-diocese-de-itabuna-celebra-aniversario-sacerdotal","status":"publish","type":"post","link":"https:\/\/portalcatolico.net\/portal\/bispo-da-diocese-de-itabuna-celebra-aniversario-sacerdotal\/","title":{"rendered":"Bispo da Diocese de Itabuna celebra anivers\u00e1rio sacerdotal"},"content":{"rendered":"<div>Dom Carlos Alberto dos Santos, o bispo&nbsp; da Diocese de Itabuna, est\u00e1&nbsp;completando hoje, 21 de maio, mais um anivers\u00e1rio de Ordena\u00e7\u00e3o Sacerdotal.<\/div>\n<div>S\u00e3o 38 anos de evangeliza\u00e7\u00e3o e pastoreio aos milhares de fieis no sul da&nbsp;Bahia.<\/div>\n<div>Dom Carlos Alberto dos Santos&nbsp; teve sua&nbsp; Ordena\u00e7\u00e3o Presbiteral em&nbsp;&nbsp;21&nbsp;de maio&nbsp; em 1983, em Tobias Barreto (SE). No dia 15 de junho de 2005 foi&nbsp; nomeado&nbsp;bispo e no dia 26 de julho foi ordenado bispo, em Aracaju (SE).&nbsp;Seu lema episcopal \u00e9 &#8220;Per Mariam ad eucharistiam&#8221; (Por Maria \u00e0 Eucaristia).<\/div>\n<div>Oriundo da cidade Tobias Barreto, ele estudou Filosofia e Teologia junto&nbsp;aos Salesianos, foi ordenado sacerdote em 21 de maio de 1983 e incardinado na arquidiocese de Aracaju.<\/div>\n<div>&nbsp;Dom Carlos Alberto foi nomeado&nbsp;&nbsp;bispo para a&nbsp; Diocese de Teixeira&nbsp;de Freitas\/ Caravelas, no extremo sul da Bahia, pelo Papa Bento XVI, atualmente Papa Em\u00e9rito.&nbsp;E por l\u00e1, ele atuou durante 12 anos.<\/div>\n<div>No dia 1\u00b0 de fevereiro de 2017, o Papa Francisco aceitou a ren\u00fancia de&nbsp;Dom Czeslaw Stanula, e nomeou Dom Carlos Alberto dos Santos para conduzir a&nbsp; Diocese de Itabuna, no sul da Bahia.<\/div>\n<div>O novo bispo tomou posse no dia&nbsp; 07 de abril de 2017. A celebra\u00e7\u00e3o&nbsp;aconteceu na Catedral de S\u00e3o Jos\u00e9, no centro da cidade.<\/div>\n<p>A equipe do Portal Cat\u00f3lico de Not\u00edcias parabeniza Dom Carlos Alberto e&nbsp;deseja que Deus e a Virgem Maria aben\u00e7oem cada dia mais o seu&nbsp;minist\u00e9rio.<\/p>\n","protected":false},"excerpt":{"rendered":"<p>Dom Carlos Alberto dos Santos, o bispo&nbsp; da Diocese de Itabuna, est\u00e1&nbsp;completando hoje, 21 de maio, mais um anivers\u00e1rio de Ordena\u00e7\u00e3o Sacerdotal. S\u00e3o 38 anos de evangeliza\u00e7\u00e3o e pastoreio aos milhares de fieis no sul da&nbsp;Bahia. Dom Carlos Alberto dos Santos&nbsp; teve sua&nbsp; Ordena\u00e7\u00e3o Presbiteral em&nbsp;&nbsp;21&nbsp;de maio&nbsp; em 1983, em Tobias Barreto (SE). No dia&nbsp;<\/p>\n<p><a class=\"btn btn-style\" href=\"https:\/\/portalcatolico.net\/portal\/bispo-da-diocese-de-itabuna-celebra-aniversario-sacerdotal\/\">Continue Reading<\/a><\/p>\n","protected":false},"author":2,"featured_media":71701,"comment_status":"open","ping_status":"open","sticky":false,"template":"","format":"standard","meta":{"footnotes":""},"categories":[4],"tags":[],"class_list":["post-72242","post","type-post","status-publish","format-standard","has-post-thumbnail","hentry","category-destaques"],"_links":{"self":[{"href":"https:\/\/portalcatolico.net\/portal\/wp-json\/wp\/v2\/posts\/72242","targetHints":{"allow":["GET"]}}],"collection":[{"href":"https:\/\/portalcatolico.net\/portal\/wp-json\/wp\/v2\/posts"}],"about":[{"href":"https:\/\/portalcatolico.net\/portal\/wp-json\/wp\/v2\/types\/post"}],"author":[{"embeddable":true,"href":"https:\/\/portalcatolico.net\/portal\/wp-json\/wp\/v2\/users\/2"}],"replies":[{"embeddable":true,"href":"https:\/\/portalcatolico.net\/portal\/wp-json\/wp\/v2\/comments?post=72242"}],"version-history":[{"count":1,"href":"https:\/\/portalcatolico.net\/portal\/wp-json\/wp\/v2\/posts\/72242\/revisions"}],"predecessor-version":[{"id":72243,"href":"https:\/\/portalcatolico.net\/portal\/wp-json\/wp\/v2\/posts\/72242\/revisions\/72243"}],"wp:featuredmedia":[{"embeddable":true,"href":"https:\/\/portalcatolico.net\/portal\/wp-json\/wp\/v2\/media\/71701"}],"wp:attachment":[{"href":"https:\/\/portalcatolico.net\/portal\/wp-json\/wp\/v2\/media?parent=72242"}],"wp:term":[{"taxonomy":"category","embeddable":true,"href":"https:\/\/portalcatolico.net\/portal\/wp-json\/wp\/v2\/categories?post=72242"},{"taxonomy":"post_tag","embeddable":true,"href":"https:\/\/portalcatolico.net\/portal\/wp-json\/wp\/v2\/tags?post=72242"}],"curies":[{"name":"wp","href":"https:\/\/api.w.org\/{rel}","templated":true}]}}