{"id":72156,"date":"2021-05-15T16:30:10","date_gmt":"2021-05-15T19:30:10","guid":{"rendered":"http:\/\/portalcatolico.net\/portal\/?p=72156"},"modified":"2021-05-15T16:30:10","modified_gmt":"2021-05-15T19:30:10","slug":"paroquianos-e-devotos-participam-da-segunda-noite-da-novena-com-muita-animacao","status":"publish","type":"post","link":"https:\/\/portalcatolico.net\/portal\/paroquianos-e-devotos-participam-da-segunda-noite-da-novena-com-muita-animacao\/","title":{"rendered":"Paroquianos e devotos participam da segunda noite da novena com muita anima\u00e7\u00e3o"},"content":{"rendered":"<p>A Par\u00f3quia Santa Rita de C\u00e1ssia realizou nesta sexta-feira, dia 14\/05, a segunda noite da novena em honra a sua padroeira. Mais uma vez, a comunidade se fez presente dentro dos limites exigidos e com muita alegria entoou cantos de louvores a Deus.<\/p>\n<p>&nbsp;&nbsp;&nbsp;&nbsp;&nbsp;&nbsp;&nbsp;&nbsp;&nbsp;&nbsp;&nbsp; A presid\u00eancia da celebra\u00e7\u00e3o foi do Padre Diego Americano, p\u00e1roco do Santu\u00e1rio Nossa Senhora da Piedade, bairro Maria Pinheiro, em Itabuna\/BA, que falou sobre a import\u00e2ncia de vivermos os Mandamentos da Lei de Deus, principalmente os que Jesus nos orienta. \u201cAmar a Deus sobre todas as coisas e ao pr\u00f3ximo como a ti mesmo. N\u00f3s, seres humanos, somos limitados, ego\u00edstas e vaidosos. \u00c9 preciso tomar posse de que somos imagem e semelhan\u00e7a de Deus que \u00e9 amor\u201d, disse o sacerdote.<\/p>\n<p>&nbsp;&nbsp;&nbsp;&nbsp;&nbsp;&nbsp;&nbsp;&nbsp;&nbsp;&nbsp;&nbsp; Falar de amor \u00e9 simplesmente falar de Deus, pois Ele amou de tal forma o mundo que deu seu Filho \u00fanico em expia\u00e7\u00e3o dos nossos pecados. \u00c9 bom lembrar que a forma\u00e7\u00e3o da Sagrada Fam\u00edlia criada por Deus \u00e9 o modelo ao qual devemos nos inspirar e seguir.<\/p>\n<p>&nbsp;&nbsp;&nbsp;&nbsp;&nbsp;&nbsp;&nbsp;&nbsp;&nbsp;&nbsp;&nbsp; \u201cFam\u00edlia \u00e9 a uni\u00e3o do homem e da mulher que se doam um ao outro, se completam. O dom do matrim\u00f4nio \u00e9 amor. Santa Rita se doou pela fam\u00edlia, sacrificou-se pelo marido e pelos filhos, pois ela entendia o projeto de Deus para a vida dela. Abriu m\u00e3o dos seus filhos para garantir que eles fossem para o c\u00e9u. Santa Rita testemunhou a sua f\u00e9 se doando inteiramente. Tamb\u00e9m sabemos que a vida de Jesus foi dedicada a amar, Ele amou e nos ama. Portanto, amar \u00e9 abrir m\u00e3o de muitas coisas, se amamos verdadeiramente n\u00e3o pereceremos. O amor nos une ao outro e com Deus. Pe\u00e7amos a Deus o dom de amar, para assim, como Santa Rita de C\u00e1ssia, nos doarmos a Deus e a fam\u00edlia\u201d, concluiu Pe. Diego Americano.<\/p>\n<p>&nbsp;&nbsp;&nbsp;&nbsp;&nbsp;&nbsp;&nbsp;&nbsp;&nbsp;&nbsp;&nbsp; Ao final da Santa Missa, houve a b\u00ean\u00e7\u00e3o com a rel\u00edquia de Santa Rita de C\u00e1ssia e a aspers\u00e3o de \u00e1gua benta, com a queima de fogos e louvores a Deus. A anima\u00e7\u00e3o da noite foi de responsabilidade do Minist\u00e9rio de M\u00fasica S\u00e3o Francisco, tendo a participa\u00e7\u00e3o na liturgia o Apostolado da Ora\u00e7\u00e3o e os Ministro Extraordin\u00e1rios da Comunh\u00e3o Eucar\u00edstica (MECE).<\/p>\n<p>&nbsp;&nbsp;&nbsp;&nbsp;&nbsp;&nbsp;&nbsp;&nbsp;&nbsp;&nbsp;&nbsp; Todas as noites a par\u00f3quia est\u00e1 promovendo a quermesse com comidas deliciosas em que as pessoas podem adquirir e levar para degustar em casa, j\u00e1 que n\u00e3o pode haver aglomera\u00e7\u00f5es.<\/p>\n<p>&nbsp;&nbsp;&nbsp;&nbsp;&nbsp;&nbsp;&nbsp;&nbsp;&nbsp;&nbsp;&nbsp; Louvemos a Deus por mais uma noite festiva, cheia da presen\u00e7a do Esp\u00edrito Santo.<\/p>\n<p><strong><em>Texto: Pastoral da Comunica\u00e7\u00e3o \u2013 Pascom<\/em><\/strong><\/p>\n<p><strong><em>Par\u00f3quia Santa Rita de C\u00e1ssia\/Itabuna(BA)<\/em><\/strong><\/p>\n","protected":false},"excerpt":{"rendered":"<p>A Par\u00f3quia Santa Rita de C\u00e1ssia realizou nesta sexta-feira, dia 14\/05, a segunda noite da novena em honra a sua padroeira. Mais uma vez, a comunidade se fez presente dentro dos limites exigidos e com muita alegria entoou cantos de louvores a Deus. &nbsp;&nbsp;&nbsp;&nbsp;&nbsp;&nbsp;&nbsp;&nbsp;&nbsp;&nbsp;&nbsp; A presid\u00eancia da celebra\u00e7\u00e3o foi do Padre Diego Americano, p\u00e1roco do&nbsp;<\/p>\n<p><a class=\"btn btn-style\" href=\"https:\/\/portalcatolico.net\/portal\/paroquianos-e-devotos-participam-da-segunda-noite-da-novena-com-muita-animacao\/\">Continue Reading<\/a><\/p>\n","protected":false},"author":2,"featured_media":72157,"comment_status":"open","ping_status":"open","sticky":false,"template":"","format":"standard","meta":{"footnotes":""},"categories":[68],"tags":[],"class_list":["post-72156","post","type-post","status-publish","format-standard","has-post-thumbnail","hentry","category-homilias"],"_links":{"self":[{"href":"https:\/\/portalcatolico.net\/portal\/wp-json\/wp\/v2\/posts\/72156","targetHints":{"allow":["GET"]}}],"collection":[{"href":"https:\/\/portalcatolico.net\/portal\/wp-json\/wp\/v2\/posts"}],"about":[{"href":"https:\/\/portalcatolico.net\/portal\/wp-json\/wp\/v2\/types\/post"}],"author":[{"embeddable":true,"href":"https:\/\/portalcatolico.net\/portal\/wp-json\/wp\/v2\/users\/2"}],"replies":[{"embeddable":true,"href":"https:\/\/portalcatolico.net\/portal\/wp-json\/wp\/v2\/comments?post=72156"}],"version-history":[{"count":1,"href":"https:\/\/portalcatolico.net\/portal\/wp-json\/wp\/v2\/posts\/72156\/revisions"}],"predecessor-version":[{"id":72158,"href":"https:\/\/portalcatolico.net\/portal\/wp-json\/wp\/v2\/posts\/72156\/revisions\/72158"}],"wp:featuredmedia":[{"embeddable":true,"href":"https:\/\/portalcatolico.net\/portal\/wp-json\/wp\/v2\/media\/72157"}],"wp:attachment":[{"href":"https:\/\/portalcatolico.net\/portal\/wp-json\/wp\/v2\/media?parent=72156"}],"wp:term":[{"taxonomy":"category","embeddable":true,"href":"https:\/\/portalcatolico.net\/portal\/wp-json\/wp\/v2\/categories?post=72156"},{"taxonomy":"post_tag","embeddable":true,"href":"https:\/\/portalcatolico.net\/portal\/wp-json\/wp\/v2\/tags?post=72156"}],"curies":[{"name":"wp","href":"https:\/\/api.w.org\/{rel}","templated":true}]}}