{"id":72148,"date":"2021-05-15T00:26:00","date_gmt":"2021-05-15T03:26:00","guid":{"rendered":"http:\/\/portalcatolico.net\/portal\/?p=72148"},"modified":"2021-05-15T16:36:48","modified_gmt":"2021-05-15T19:36:48","slug":"festa-da-pena-2021","status":"publish","type":"post","link":"https:\/\/portalcatolico.net\/portal\/festa-da-pena-2021\/","title":{"rendered":"Festa da Pena 2021"},"content":{"rendered":"<p><img loading=\"lazy\" decoding=\"async\" class=\"wp-image-72149 alignleft\" src=\"http:\/\/portalcatolico.net\/portal\/wp-content\/uploads\/2021\/05\/image0-300x300.jpeg\" alt=\"\" width=\"201\" height=\"201\" srcset=\"https:\/\/portalcatolico.net\/portal\/wp-content\/uploads\/2021\/05\/image0-300x300.jpeg 300w, https:\/\/portalcatolico.net\/portal\/wp-content\/uploads\/2021\/05\/image0-150x150.jpeg 150w, https:\/\/portalcatolico.net\/portal\/wp-content\/uploads\/2021\/05\/image0-768x768.jpeg 768w, https:\/\/portalcatolico.net\/portal\/wp-content\/uploads\/2021\/05\/image0-1024x1024.jpeg 1024w, https:\/\/portalcatolico.net\/portal\/wp-content\/uploads\/2021\/05\/image0.jpeg 1080w\" sizes=\"auto, (max-width: 201px) 100vw, 201px\" \/>A Par\u00f3quia Nossa Senhora da Pena j\u00e1 se organiza para as Festividades da Romaria de Nossa Senhora da Pena 2021.<br \/>\nAdaptada como no ano passado e a exemplo das maiores festas cat\u00f3licas no Brasil, a Par\u00f3quia prop\u00f5e um modelo digital que deixa o fiel devoto bem pertinho da Casa da M\u00e3e e te convida a Seguir nosso canal no YouTube para acompanhar as nossa Romaria!<\/p>\n<p><a href=\"https:\/\/bit.ly\/2Xd16wE\" target=\"_blank\" rel=\"noopener noreferrer\">https:\/\/bit.ly\/2Xd16wE<\/a><\/p>\n<p>&nbsp;<\/p>\n<p>No ano de 2020 a festa alcan\u00e7ou o Impressionante n\u00famero de 2 Milh\u00f5es de Visualiza\u00e7\u00f5es em suas Redes Sociais, levando o nome do Extremo sul da Bahia ao mundo inteiro.<\/p>\n<p>Texto: Pastoral da Comunica\u00e7\u00e3o(Pascom)Par\u00f3quia Nossa Senhora da Pena em Porto Segura(BA)<\/p>\n","protected":false},"excerpt":{"rendered":"<p>A Par\u00f3quia Nossa Senhora da Pena j\u00e1 se organiza para as Festividades da Romaria de Nossa Senhora da Pena 2021. Adaptada como no ano passado e a exemplo das maiores festas cat\u00f3licas no Brasil, a Par\u00f3quia prop\u00f5e um modelo digital que deixa o fiel devoto bem pertinho da Casa da M\u00e3e e te convida a&nbsp;<\/p>\n<p><a class=\"btn btn-style\" href=\"https:\/\/portalcatolico.net\/portal\/festa-da-pena-2021\/\">Continue Reading<\/a><\/p>\n","protected":false},"author":2,"featured_media":72151,"comment_status":"open","ping_status":"open","sticky":false,"template":"","format":"standard","meta":{"footnotes":""},"categories":[1],"tags":[],"class_list":["post-72148","post","type-post","status-publish","format-standard","has-post-thumbnail","hentry","category-agenda"],"_links":{"self":[{"href":"https:\/\/portalcatolico.net\/portal\/wp-json\/wp\/v2\/posts\/72148","targetHints":{"allow":["GET"]}}],"collection":[{"href":"https:\/\/portalcatolico.net\/portal\/wp-json\/wp\/v2\/posts"}],"about":[{"href":"https:\/\/portalcatolico.net\/portal\/wp-json\/wp\/v2\/types\/post"}],"author":[{"embeddable":true,"href":"https:\/\/portalcatolico.net\/portal\/wp-json\/wp\/v2\/users\/2"}],"replies":[{"embeddable":true,"href":"https:\/\/portalcatolico.net\/portal\/wp-json\/wp\/v2\/comments?post=72148"}],"version-history":[{"count":4,"href":"https:\/\/portalcatolico.net\/portal\/wp-json\/wp\/v2\/posts\/72148\/revisions"}],"predecessor-version":[{"id":72159,"href":"https:\/\/portalcatolico.net\/portal\/wp-json\/wp\/v2\/posts\/72148\/revisions\/72159"}],"wp:featuredmedia":[{"embeddable":true,"href":"https:\/\/portalcatolico.net\/portal\/wp-json\/wp\/v2\/media\/72151"}],"wp:attachment":[{"href":"https:\/\/portalcatolico.net\/portal\/wp-json\/wp\/v2\/media?parent=72148"}],"wp:term":[{"taxonomy":"category","embeddable":true,"href":"https:\/\/portalcatolico.net\/portal\/wp-json\/wp\/v2\/categories?post=72148"},{"taxonomy":"post_tag","embeddable":true,"href":"https:\/\/portalcatolico.net\/portal\/wp-json\/wp\/v2\/tags?post=72148"}],"curies":[{"name":"wp","href":"https:\/\/api.w.org\/{rel}","templated":true}]}}