{"id":72131,"date":"2021-05-15T00:41:35","date_gmt":"2021-05-15T03:41:35","guid":{"rendered":"http:\/\/portalcatolico.net\/portal\/?p=72131"},"modified":"2021-05-14T06:41:49","modified_gmt":"2021-05-14T09:41:49","slug":"novena-de-pentecostes-sera-transmitida-diariamente-pela-tv-aparecida","status":"publish","type":"post","link":"https:\/\/portalcatolico.net\/portal\/novena-de-pentecostes-sera-transmitida-diariamente-pela-tv-aparecida\/","title":{"rendered":"\u201cNovena de Pentecostes\u201d ser\u00e1 transmitida diariamente pela TV Aparecida"},"content":{"rendered":"<p>A TV Aparecida vai exibir a \u201cNovena de Pentecostes\u201d, em prepara\u00e7\u00e3o \u00e0 solenidade crist\u00e3 que celebra a descida do Esp\u00edrito Santo sobre os ap\u00f3stolos de Jesus, 50 dias ap\u00f3s a P\u00e1scoa.&nbsp;&nbsp;Esses momentos de ora\u00e7\u00e3o acontecer\u00e3o durante duas semanas, entre os dias 11 e 14\/05, 17 e 21\/05, sempre \u00e0s 19h. A Bas\u00edlica Velha e o Santu\u00e1rio Nacional de Aparecida se revezar\u00e3o como cen\u00e1rio da novena.&nbsp;<br \/>\n&nbsp;<br \/>\nA transmiss\u00e3o pela TV Aparecida tem como objetivo ajudar os milh\u00f5es de brasileiros cat\u00f3licos que, em virtude da pandemia, est\u00e3o sendo afetados com rela\u00e7\u00e3o \u00e0 presen\u00e7a reduzida nas igrejas ou em grupos.&nbsp;&nbsp;A novena \u00e9 inspirada no tema da Semana de Ora\u00e7\u00e3o pela Unidade dos Crist\u00e3os de 2021: &#8220;Permanecei no meu amor e produzireis muitos frutos&#8221; (cf. Jo 15, 5-9). A Semana de Ora\u00e7\u00e3o \u00e9 celebrada no Brasil em prepara\u00e7\u00e3o a Pentecostes.<br \/>\n&nbsp;<br \/>\nO momento de ora\u00e7\u00e3o pela TV Aparecida ter\u00e1 a participa\u00e7\u00e3o da Fam\u00edlia dos Devotos, citando os seus nomes e cidades e a inten\u00e7\u00e3o pela qual desejam rezar.&nbsp;&nbsp;Pentecostes \u00e9 uma das datas importantes do calend\u00e1rio lit\u00fargico da Igreja, juntamente com a P\u00e1scoa e o Natal.<br \/>\n&nbsp;<br \/>\n<b>\u201cNovena de Pentecostes\u201d:<\/b><br \/>\n&nbsp;<br \/>\nTer\u00e7a a sexta-feira (11 a 14\/05), \u00e0s 19h<br \/>\n&nbsp;<br \/>\nSegunda a sexta-feira (17 a 21\/05), \u00e0s 19h<\/p>\n<p>Foto:Divulga\u00e7\u00e3o<\/p>\n<p>Por: TV Aparecida<\/p>\n","protected":false},"excerpt":{"rendered":"<p>A TV Aparecida vai exibir a \u201cNovena de Pentecostes\u201d, em prepara\u00e7\u00e3o \u00e0 solenidade crist\u00e3 que celebra a descida do Esp\u00edrito Santo sobre os ap\u00f3stolos de Jesus, 50 dias ap\u00f3s a P\u00e1scoa.&nbsp;&nbsp;Esses momentos de ora\u00e7\u00e3o acontecer\u00e3o durante duas semanas, entre os dias 11 e 14\/05, 17 e 21\/05, sempre \u00e0s 19h. A Bas\u00edlica Velha e o&nbsp;<\/p>\n<p><a class=\"btn btn-style\" href=\"https:\/\/portalcatolico.net\/portal\/novena-de-pentecostes-sera-transmitida-diariamente-pela-tv-aparecida\/\">Continue Reading<\/a><\/p>\n","protected":false},"author":2,"featured_media":72132,"comment_status":"open","ping_status":"open","sticky":false,"template":"","format":"standard","meta":{"footnotes":""},"categories":[4],"tags":[],"class_list":["post-72131","post","type-post","status-publish","format-standard","has-post-thumbnail","hentry","category-destaques"],"_links":{"self":[{"href":"https:\/\/portalcatolico.net\/portal\/wp-json\/wp\/v2\/posts\/72131","targetHints":{"allow":["GET"]}}],"collection":[{"href":"https:\/\/portalcatolico.net\/portal\/wp-json\/wp\/v2\/posts"}],"about":[{"href":"https:\/\/portalcatolico.net\/portal\/wp-json\/wp\/v2\/types\/post"}],"author":[{"embeddable":true,"href":"https:\/\/portalcatolico.net\/portal\/wp-json\/wp\/v2\/users\/2"}],"replies":[{"embeddable":true,"href":"https:\/\/portalcatolico.net\/portal\/wp-json\/wp\/v2\/comments?post=72131"}],"version-history":[{"count":1,"href":"https:\/\/portalcatolico.net\/portal\/wp-json\/wp\/v2\/posts\/72131\/revisions"}],"predecessor-version":[{"id":72133,"href":"https:\/\/portalcatolico.net\/portal\/wp-json\/wp\/v2\/posts\/72131\/revisions\/72133"}],"wp:featuredmedia":[{"embeddable":true,"href":"https:\/\/portalcatolico.net\/portal\/wp-json\/wp\/v2\/media\/72132"}],"wp:attachment":[{"href":"https:\/\/portalcatolico.net\/portal\/wp-json\/wp\/v2\/media?parent=72131"}],"wp:term":[{"taxonomy":"category","embeddable":true,"href":"https:\/\/portalcatolico.net\/portal\/wp-json\/wp\/v2\/categories?post=72131"},{"taxonomy":"post_tag","embeddable":true,"href":"https:\/\/portalcatolico.net\/portal\/wp-json\/wp\/v2\/tags?post=72131"}],"curies":[{"name":"wp","href":"https:\/\/api.w.org\/{rel}","templated":true}]}}