{"id":72122,"date":"2021-05-12T20:27:51","date_gmt":"2021-05-12T23:27:51","guid":{"rendered":"http:\/\/portalcatolico.net\/portal\/?p=72122"},"modified":"2021-05-12T20:27:51","modified_gmt":"2021-05-12T23:27:51","slug":"terceira-materia-da-serie-sao-jose-na-igreja-no-brasil-apresenta-a-devocao-ao-santo-no-regional-norte-1-da-cnbb","status":"publish","type":"post","link":"https:\/\/portalcatolico.net\/portal\/terceira-materia-da-serie-sao-jose-na-igreja-no-brasil-apresenta-a-devocao-ao-santo-no-regional-norte-1-da-cnbb\/","title":{"rendered":"TERCEIRA MAT\u00c9RIA DA S\u00c9RIE \u2018S\u00c3O JOS\u00c9 NA IGREJA NO BRASIL\u2019 APRESENTA A DEVO\u00c7\u00c3O AO SANTO NO REGIONAL NORTE 1 DA CNBB"},"content":{"rendered":"<p>A s\u00e9rie&nbsp;<strong>\u2018S\u00e3o Jos\u00e9 na Igreja no Brasil\u2019<\/strong>&nbsp;\u2013 convocado pelo Papa Francisco com a Carta apost\u00f3lica&nbsp;<em>\u201cPatris corde \u2013 Com cora\u00e7\u00e3o de Pai\u201d<\/em>, publicada por ocasi\u00e3o dos 150 anos da declara\u00e7\u00e3o do Esposo de Maria como Padroeiro da Igreja Cat\u00f3lica, chega a terceira edi\u00e7\u00e3o trazendo a devo\u00e7\u00e3o ao santo na regi\u00e3o Norte do Brasil.<\/p>\n<p>O Regional Norte 1 da Confer\u00eancia Nacional dos Bispos do Brasil (CNBB) compreende os estados do Norte do Amazonas e Roraima para trazer as curiosidades da devo\u00e7\u00e3o ao esposo de Maria na regi\u00e3o.<\/p>\n<figure id=\"attachment_263595\" class=\"wp-caption alignright\" aria-describedby=\"caption-attachment-263595\"><img loading=\"lazy\" decoding=\"async\" class=\"wp-image-263595 size-medium lazyloaded\" src=\"https:\/\/eadn-wc02-718006.nxedge.io\/cdn\/wp-content\/uploads\/2021\/05\/Santuario-Sao-Jose-Manaus-300x180.jpg\" sizes=\"auto, (max-width: 300px) 100vw, 300px\" srcset=\"https:\/\/eadn-wc02-718006.nxedge.io\/cdn\/wp-content\/uploads\/2021\/05\/Santuario-Sao-Jose-Manaus-300x180.jpg 300w, https:\/\/eadn-wc02-718006.nxedge.io\/cdn\/wp-content\/uploads\/2021\/05\/Santuario-Sao-Jose-Manaus.jpg 480w\" alt=\"\" width=\"300\" height=\"180\" data-ll-status=\"loaded\"><figcaption id=\"caption-attachment-263595\" class=\"wp-caption-text\"><em>Santu\u00e1rio S\u00e3o Jos\u00e9 (AM). Foto: Arquidiocese de Manaus<\/em><\/figcaption><\/figure>\n<p>Em Manaus, a arquidiocese possui 36 Comunidades dedicadas \u00e0 S\u00e3o Jos\u00e9, um Santu\u00e1rio que completou 173 anos de funda\u00e7\u00e3o e duas par\u00f3quias.<\/p>\n<p>Umas das maiores provas da devo\u00e7\u00e3o do povo amazonense ao glorioso S\u00e3o Jos\u00e9 pode ser constatada na tradicional Novena da B\u00ean\u00e7\u00e3o de S\u00e3o Jos\u00e9, que teve in\u00edcio em 1999 com o objetivo de convidar aos cat\u00f3licos a viver um renovado ardor mission\u00e1rio em toda a Igreja reavivando a f\u00e9 batismal de todos os fi\u00e9is, numa realidade urbana, onde muitas vezes o tempo \u00e9 ex\u00edguo, explica a arquidiocese.<\/p>\n<p>Foram tantos testemunhos, experi\u00eancias com a ora\u00e7\u00e3o, adora\u00e7\u00e3o e relatos de gra\u00e7as alcan\u00e7adas, que a Igreja ficou pequena para a quantidade de devotos que necess\u00e1rio a cria\u00e7\u00e3o de novos hor\u00e1rios devido \u00e0 expressividade de fi\u00e9is. Segundo a arquidiocese, em abril de 2015, foi criado o Santu\u00e1rio de S\u00e3o Jos\u00e9 Oper\u00e1rio e a celebra\u00e7\u00e3o tornou-se um momento muito forte de congregar e reafirmar a F\u00e9 crist\u00e3 e cat\u00f3lica do povo, conquistando espa\u00e7o nos meios de comunica\u00e7\u00e3o.<\/p>\n<blockquote><p><em>\u201cS\u00e3o 150 anos da declara\u00e7\u00e3o de S\u00e3o Jos\u00e9 como padroeiro da Igreja recordando essa figura excepcional da nossa igreja n\u00e3o apenas para pedir a sua prote\u00e7\u00e3o, mas tamb\u00e9m para nos inspirarmos no homem que \u00e9 exemplo de amor e pai\u201d,<\/em>&nbsp;comentou o arcebispo de Manaus, dom Leonardo Steiner durante a missa de s\u00e3o Jos\u00e9 em 19 de mar\u00e7o.<\/p><\/blockquote>\n<p>J\u00e1 na diocese de Alto Solim\u00f5es (AM) n\u00e3o existe nenhuma Par\u00f3quia cujo padroeiro seja S\u00e3o Jos\u00e9. Por\u00e9m, o pai adotivo de Jesus \u00e9 padroeiro de quatro comunidades urbanas da regi\u00e3o: Tabatinga, Benjamin Constant, S\u00e3o Paulo de Oliven\u00e7a e Santo Ant\u00f4nio do I\u00e7\u00e1. Al\u00e9m de seis comunidades rurais.<\/p>\n<p>De acordo com a diocese, a devo\u00e7\u00e3o popular a S\u00e3o Jos\u00e9 vem crescendo na cidade de Tabatinga e cada vez mais pessoas t\u00eam participado das duas celebra\u00e7\u00f5es de 19 de mar\u00e7o e 1 de maio. Segundo a diocese, este ano as celebra\u00e7\u00f5es e as novenas foram adaptadas devido a situa\u00e7\u00e3o da pandemia da covid-19.<\/p>\n<h3>Pr\u00e9dio centen\u00e1rio dedicado \u00e0 S\u00e3o Jos\u00e9<\/h3>\n<p><img loading=\"lazy\" decoding=\"async\" class=\"wp-image-263593 alignleft lazyloaded\" src=\"https:\/\/eadn-wc02-718006.nxedge.io\/cdn\/wp-content\/uploads\/2021\/05\/Seminario-Sec-turismo-tefe.jpg\" sizes=\"auto, (max-width: 388px) 100vw, 388px\" srcset=\"https:\/\/eadn-wc02-718006.nxedge.io\/cdn\/wp-content\/uploads\/2021\/05\/Seminario-Sec-turismo-tefe.jpg 600w, https:\/\/eadn-wc02-718006.nxedge.io\/cdn\/wp-content\/uploads\/2021\/05\/Seminario-Sec-turismo-tefe-300x197.jpg 300w, https:\/\/eadn-wc02-718006.nxedge.io\/cdn\/wp-content\/uploads\/2021\/05\/Seminario-Sec-turismo-tefe-500x328.jpg 500w\" alt=\"\" width=\"388\" height=\"254\" data-ll-status=\"loaded\">Na Prelazia de Tef\u00e9, munic\u00edpio do interior do Amazonas, a devo\u00e7\u00e3o ao santo padroeiro da Igreja Cat\u00f3lica tamb\u00e9m est\u00e1 muito presente nas comunidades. Em Juta\u00ed, S\u00e3o Jos\u00e9 \u00e9 padroeiro de uma par\u00f3quia que est\u00e1 completando 70 anos de funda\u00e7\u00e3o.<\/p>\n<p><img loading=\"lazy\" decoding=\"async\" class=\"wp-image-263592 alignright lazyloaded\" src=\"https:\/\/eadn-wc02-718006.nxedge.io\/cdn\/wp-content\/uploads\/2021\/05\/WhatsApp-Image-2021-05-12-at-16.15.02-1024x534.jpeg\" sizes=\"auto, (max-width: 392px) 100vw, 392px\" srcset=\"https:\/\/eadn-wc02-718006.nxedge.io\/cdn\/wp-content\/uploads\/2021\/05\/WhatsApp-Image-2021-05-12-at-16.15.02-1024x534.jpeg 1024w, https:\/\/eadn-wc02-718006.nxedge.io\/cdn\/wp-content\/uploads\/2021\/05\/WhatsApp-Image-2021-05-12-at-16.15.02-300x156.jpeg 300w, https:\/\/eadn-wc02-718006.nxedge.io\/cdn\/wp-content\/uploads\/2021\/05\/WhatsApp-Image-2021-05-12-at-16.15.02-768x401.jpeg 768w, https:\/\/eadn-wc02-718006.nxedge.io\/cdn\/wp-content\/uploads\/2021\/05\/WhatsApp-Image-2021-05-12-at-16.15.02-500x261.jpeg 500w, https:\/\/eadn-wc02-718006.nxedge.io\/cdn\/wp-content\/uploads\/2021\/05\/WhatsApp-Image-2021-05-12-at-16.15.02.jpeg 1181w\" alt=\"\" width=\"392\" height=\"205\" data-ll-status=\"loaded\">Apesar de ter apenas uma capela dedicada ao santo, a cidade de Tef\u00e9 guarda um patrim\u00f4nio hist\u00f3rico que \u00e9 o centen\u00e1rio pal\u00e1cio episcopal da cidade, que abriga o Semin\u00e1rio S\u00e3o Jos\u00e9. Segundo a prelazia, a constru\u00e7\u00e3o do Semin\u00e1rio projetada por arquiteto franc\u00eas teve in\u00edcio em 1913 com entrega da primeira parte em 1919 e a outra parte inaugurada em 1932.<\/p>\n<p>O pr\u00e9dio \u00e9 uma constru\u00e7\u00e3o de grande relev\u00e2ncia para a regi\u00e3o e \u00e9 um ponto tur\u00edstico da cidade. O Semin\u00e1rio atende n\u00e3o s\u00f3 da \u00e1rea da Prelazia de Tef\u00e9, mas de toda a regi\u00e3o.<\/p>\n<h3>Testemunho de uma cura da Covid-19<\/h3>\n<blockquote><p>H\u00e1 2 meses, aproximadamente, (janeiro\/2021), um amigo restaurador de imagens me ofereceu uma imagem de S\u00e3o Jos\u00e9 pra comprar ou para eu vender pra ele. Disse que&nbsp; ofereceria aos conhecidos e familiares. Logo compartilhei no grupo que tinha um S\u00e3o Jos\u00e9 para vender e que, caso algu\u00e9m se interessasse, me procurasse.&nbsp; Meu irm\u00e3o Z\u00e9 perguntou o pre\u00e7o e, tamb\u00e9m, falei sobre a altura: 80 cm. Mesmo interessado, no momento, ele disse que n\u00e3o poderia ficar com a imagem. N\u00e3o demorou e meu irm\u00e3o foi hospitalizado com Covid-19 e logo foi entubado. Foi um choque t\u00e3o r\u00e1pido esse acontecimento! Or\u00e1vamos e ped\u00edamos ora\u00e7\u00f5es por ele. Amigos e parentes unidos em ora\u00e7\u00f5es. Certa madrugada, como de costume, acordei e rezei, pensando no meu irm\u00e3o. Lembrei-me da imagem do S\u00e3o Jos\u00e9. Pensei \u201cvou falar com meus irm\u00e3os pra comprarmos e dar pro Z\u00e9 em a\u00e7\u00e3o de gra\u00e7a pela sa\u00fade dele e de anivers\u00e1rio\u201d. Todos concordaram. Peregrinando com a imagem de Nossa Senhora de Lourdes em visita \u00e0s fam\u00edlias, Giselle, a filha do Z\u00e9, disse que gostaria que Nossa Senhora fosse dia 24 \u00e0 casa deles e, assim, acertamos para levar tamb\u00e9m o presente: a imagem de S\u00e3o Jos\u00e9. Impressionante. No momento que est\u00e1vamos chegando com a imagem de S\u00e3o Jos\u00e9 e Nossa Senhora, o m\u00e9dico estava ligando pra Gisa dizendo que seu pai estava sendo extubado e estava bem. Acreditamos, verdadeiramente, que tudo isso \u00e9 o poder da ora\u00e7\u00e3o e da intercess\u00e3o de Maria e de S\u00e3o Jos\u00e9! A fam\u00edlia de Nazar\u00e9 visitando a casa do meu irm\u00e3o!\u201d.<\/p>\n<p>Maria de Lourdes Reis Vieira Nogueira,<br \/>\nIntegra a equipe de liturgia da na paroquia Nossa Senhora de Lourdes, na comunidade de Terra Preta \u2013 Barreirinha, em Manaus (AM)<\/p><\/blockquote>\n<pre><strong><em>Com informa\u00e7\u00f5es e fotos:<\/em><\/strong>\r\n<em>Arquidiocese de Manaus<\/em>\r\n<em>Diocese de Alto Solim\u00f5es<\/em>\r\n<em>Prelazia de Tef\u00e9<\/em>\r\n<em>Diocese de Divin\u00f3polis (MG)\r\nSecretaria Municipal de Turismo de Tef\u00e9<\/em><\/pre>\n","protected":false},"excerpt":{"rendered":"<p>A s\u00e9rie&nbsp;\u2018S\u00e3o Jos\u00e9 na Igreja no Brasil\u2019&nbsp;\u2013 convocado pelo Papa Francisco com a Carta apost\u00f3lica&nbsp;\u201cPatris corde \u2013 Com cora\u00e7\u00e3o de Pai\u201d, publicada por ocasi\u00e3o dos 150 anos da declara\u00e7\u00e3o do Esposo de Maria como Padroeiro da Igreja Cat\u00f3lica, chega a terceira edi\u00e7\u00e3o trazendo a devo\u00e7\u00e3o ao santo na regi\u00e3o Norte do Brasil. O Regional Norte&nbsp;<\/p>\n<p><a class=\"btn btn-style\" href=\"https:\/\/portalcatolico.net\/portal\/terceira-materia-da-serie-sao-jose-na-igreja-no-brasil-apresenta-a-devocao-ao-santo-no-regional-norte-1-da-cnbb\/\">Continue Reading<\/a><\/p>\n","protected":false},"author":2,"featured_media":72123,"comment_status":"open","ping_status":"open","sticky":false,"template":"","format":"standard","meta":{"footnotes":""},"categories":[4],"tags":[],"class_list":["post-72122","post","type-post","status-publish","format-standard","has-post-thumbnail","hentry","category-destaques"],"_links":{"self":[{"href":"https:\/\/portalcatolico.net\/portal\/wp-json\/wp\/v2\/posts\/72122","targetHints":{"allow":["GET"]}}],"collection":[{"href":"https:\/\/portalcatolico.net\/portal\/wp-json\/wp\/v2\/posts"}],"about":[{"href":"https:\/\/portalcatolico.net\/portal\/wp-json\/wp\/v2\/types\/post"}],"author":[{"embeddable":true,"href":"https:\/\/portalcatolico.net\/portal\/wp-json\/wp\/v2\/users\/2"}],"replies":[{"embeddable":true,"href":"https:\/\/portalcatolico.net\/portal\/wp-json\/wp\/v2\/comments?post=72122"}],"version-history":[{"count":1,"href":"https:\/\/portalcatolico.net\/portal\/wp-json\/wp\/v2\/posts\/72122\/revisions"}],"predecessor-version":[{"id":72124,"href":"https:\/\/portalcatolico.net\/portal\/wp-json\/wp\/v2\/posts\/72122\/revisions\/72124"}],"wp:featuredmedia":[{"embeddable":true,"href":"https:\/\/portalcatolico.net\/portal\/wp-json\/wp\/v2\/media\/72123"}],"wp:attachment":[{"href":"https:\/\/portalcatolico.net\/portal\/wp-json\/wp\/v2\/media?parent=72122"}],"wp:term":[{"taxonomy":"category","embeddable":true,"href":"https:\/\/portalcatolico.net\/portal\/wp-json\/wp\/v2\/categories?post=72122"},{"taxonomy":"post_tag","embeddable":true,"href":"https:\/\/portalcatolico.net\/portal\/wp-json\/wp\/v2\/tags?post=72122"}],"curies":[{"name":"wp","href":"https:\/\/api.w.org\/{rel}","templated":true}]}}