{"id":72119,"date":"2021-05-13T00:01:03","date_gmt":"2021-05-13T03:01:03","guid":{"rendered":"http:\/\/portalcatolico.net\/portal\/?p=72119"},"modified":"2021-05-12T20:02:34","modified_gmt":"2021-05-12T23:02:34","slug":"diocese-de-itabuna-recorda-1-ano-da-morte-do-bispo-emerito-dom-ceslau-stanula","status":"publish","type":"post","link":"https:\/\/portalcatolico.net\/portal\/diocese-de-itabuna-recorda-1-ano-da-morte-do-bispo-emerito-dom-ceslau-stanula\/","title":{"rendered":"Diocese de Itabuna recorda 1 ano da morte do Bispo em\u00e9rito, Dom Ceslau Stanula"},"content":{"rendered":"<div>Na pr\u00f3xima, sexta-feira, dia 14 de maio de 2021, a diocese de Itabuna&nbsp;est\u00e1 celebrando um ano que Dom Ceslau Stanula (que foi bispo da diocese de Itabuna), partiu para&nbsp;a eternidade do Pai.<br \/>\nDom Ceslau Stanula, CSsR, foi o quarto bispo da Diocese de Itabuna, no&nbsp;sul da Bahia, a qual governou de 1997 a 2017, (20 anos de evangeliza\u00e7\u00e3o). Ele foi uma pessoa muito amiga com todos os paroquianos&nbsp;e com quem trabalhou ou passou pela Diocese de Itabuna.<\/div>\n<div>&nbsp;<\/div>\n<div>Ele foi nomeado Bispo Diocesano da Floresta \u2013 Pernambuco, pelo Santo Padre o&nbsp;Papa Jo\u00e3o Paulo II, no dia 23 de Agosto de 1989, recebeu a Consagra\u00e7\u00e3o Episcopal na Par\u00f3quia de Ondina em Salvador, como bispo da Diocese de&nbsp;Floresta foi eleito bispo referencial da Pastoral Familiar, animador da Vida Consagrada na CNBB Regional NEII.<br \/>\nFoi transferido pelo Papa Jo\u00e3o Paulo II para a diocese de Itabuna (BA),&nbsp;tomou posse no dia 26 de outubro de 1997, onde exerceu seu minist\u00e9rio episcopal por 20 anos, at\u00e9 que se tornou bispo em\u00e9rito ano de 2017,&nbsp;quando se aposentou.<\/div>\n<div>Dom Ceslau Stanula notou-se como um grande defensor da Pastoral Familiar&nbsp;e do ECC-Encontro de casais com Cristo. Dom Ceslau faleceu aos&nbsp;80 anos em Salvador, na capital baiana, em 14 de maio de 2020.<br \/>\nQue Deus o tenha ao seu lado e, atrav\u00e9s dele, possa olhar por todo o&nbsp;povo de Itabuna, de modo especial, pelos mais sofridos desta regi\u00e3o, como tamb\u00e9m pelo povo que sofre com a pandemia em todo o continente.<\/div>\n<div>Cr\u00e9dito: Pascom\/Diocese de Itabuna&nbsp;<\/div>\n","protected":false},"excerpt":{"rendered":"<p>Na pr\u00f3xima, sexta-feira, dia 14 de maio de 2021, a diocese de Itabuna&nbsp;est\u00e1 celebrando um ano que Dom Ceslau Stanula (que foi bispo da diocese de Itabuna), partiu para&nbsp;a eternidade do Pai. Dom Ceslau Stanula, CSsR, foi o quarto bispo da Diocese de Itabuna, no&nbsp;sul da Bahia, a qual governou de 1997 a 2017, (20&nbsp;<\/p>\n<p><a class=\"btn btn-style\" href=\"https:\/\/portalcatolico.net\/portal\/diocese-de-itabuna-recorda-1-ano-da-morte-do-bispo-emerito-dom-ceslau-stanula\/\">Continue Reading<\/a><\/p>\n","protected":false},"author":2,"featured_media":69293,"comment_status":"open","ping_status":"open","sticky":false,"template":"","format":"standard","meta":{"footnotes":""},"categories":[4],"tags":[],"class_list":["post-72119","post","type-post","status-publish","format-standard","has-post-thumbnail","hentry","category-destaques"],"_links":{"self":[{"href":"https:\/\/portalcatolico.net\/portal\/wp-json\/wp\/v2\/posts\/72119","targetHints":{"allow":["GET"]}}],"collection":[{"href":"https:\/\/portalcatolico.net\/portal\/wp-json\/wp\/v2\/posts"}],"about":[{"href":"https:\/\/portalcatolico.net\/portal\/wp-json\/wp\/v2\/types\/post"}],"author":[{"embeddable":true,"href":"https:\/\/portalcatolico.net\/portal\/wp-json\/wp\/v2\/users\/2"}],"replies":[{"embeddable":true,"href":"https:\/\/portalcatolico.net\/portal\/wp-json\/wp\/v2\/comments?post=72119"}],"version-history":[{"count":2,"href":"https:\/\/portalcatolico.net\/portal\/wp-json\/wp\/v2\/posts\/72119\/revisions"}],"predecessor-version":[{"id":72121,"href":"https:\/\/portalcatolico.net\/portal\/wp-json\/wp\/v2\/posts\/72119\/revisions\/72121"}],"wp:featuredmedia":[{"embeddable":true,"href":"https:\/\/portalcatolico.net\/portal\/wp-json\/wp\/v2\/media\/69293"}],"wp:attachment":[{"href":"https:\/\/portalcatolico.net\/portal\/wp-json\/wp\/v2\/media?parent=72119"}],"wp:term":[{"taxonomy":"category","embeddable":true,"href":"https:\/\/portalcatolico.net\/portal\/wp-json\/wp\/v2\/categories?post=72119"},{"taxonomy":"post_tag","embeddable":true,"href":"https:\/\/portalcatolico.net\/portal\/wp-json\/wp\/v2\/tags?post=72119"}],"curies":[{"name":"wp","href":"https:\/\/api.w.org\/{rel}","templated":true}]}}