{"id":72111,"date":"2021-05-12T19:48:44","date_gmt":"2021-05-12T22:48:44","guid":{"rendered":"http:\/\/portalcatolico.net\/portal\/?p=72111"},"modified":"2021-05-12T19:48:44","modified_gmt":"2021-05-12T22:48:44","slug":"como-manter-uma-amizade-entre-grupos-de-amigos","status":"publish","type":"post","link":"https:\/\/portalcatolico.net\/portal\/como-manter-uma-amizade-entre-grupos-de-amigos\/","title":{"rendered":"Como manter uma amizade  entre grupos de amigos?"},"content":{"rendered":"<p>Uma pergunta _ no seu ciclo de amizades cai bem! _: como manter uma amizade entre grupos de amigos quando se quer manter a amizade com os membros que vivem se alfinetando? Todavia, o ciclo de amizade que os envolvem est\u00e1 te tirando a paz. E tr\u00e1s uma ang\u00fastia muito grande por estar entre duas ou mais pessoas que s\u00e3o amigas, mas devido o talento de cada uma, causa em um deles um ci\u00fame, o qual representa, por ora sofrimento em sua vida. Por outro lado, isso significa cultivar amizades, voc\u00ea est\u00e1 sendo uma ponte entre seus amigos, eles que tamb\u00e9m, como se pode perceber, tem grande estiva por cultivar com voc\u00ea uma amizade.<\/p>\n<p>Cada um \u201cusa\u201d voc\u00ea para se chegar ao outro ou aos outros. \u00c9 uma consequ\u00eancia da afinidade entre voc\u00eas. Voc\u00ea n\u00e3o precisa permanecer sendo ponte. Basta que tenha a firme decis\u00e3o de n\u00e3o ser este ve\u00edculo de ciz\u00e2nias para eles. Escute, se poss\u00edvel, por\u00e9m n\u00e3o d\u00ea vida ao que chegar em seus ouvidos. Seja voc\u00ea o ponto final para as ofensas deles. Quando voc\u00ea consegue mostrar para eles, sem precisar de usar palavra alguma, que o mais importante s\u00e3o eles, com suas dores e que os desatinos que venham ocorrer entre eles n\u00e3o tem mais relev\u00e2ncia que a sua amizade com cada um deles. N\u00e3o dar import\u00e2ncia ao problema, mas na pessoa que deseja ser enxergada pode fazer com que ela mesma abandone seu estado de vitimiza\u00e7\u00e3o e se perceba a partir daquilo que os uniu: a amizade.<\/p>\n<p>Para n\u00e3o ser ponte em uma rela\u00e7\u00e3o onde envolve mais de dois amigos, al\u00e9m de n\u00e3o dar \u201cfeedbacks\u201d entre eles teria a possibilidade dr\u00e1stica da cis\u00e3o para n\u00e3o escutar as partes. Contudo, quando a amizade entre todos foi se enraizando a partir de uma amizade entre um dos envolvidos do ciclo, fica dif\u00edcil querer romper, \u201cn\u00e3o querer escutar mais\u201d, uma das partes. Ali\u00e1s, a op\u00e7\u00e3o mais atraente \u00e9 escutar sem se obrigar em ter que comunicar uma das partes. N\u00e3o se pode apagar o desejo de continuar com as amizades. Deste modo, romper com o \u201cescutar\u201d poderia representar um estremecimento na rela\u00e7\u00e3o amig\u00e1vel de todos.<\/p>\n<p>Isso mesmo! N\u00e3o falar nada, quer dizer, n\u00e3o tomar a defesa de nenhum faz com que voc\u00ea continue cultivando a sua amizade com cada um deles. Destarte, o dia que eles se entenderem e superar as invejas que uns cultivam do talento dos outros, voc\u00ea continuar\u00e1 como sempre esteve: sendo amigo de todos. Por fim, sua amizade com cada um seguir\u00e1 no mesmo compasso de qualquer relacionamento amig\u00e1vel tendo com uma pessoa mais afinidade e confian\u00e7a do que com todos os outros.<\/p>\n<p>Por: Padre Joacir d\u2019Abadia, fil\u00f3sofo, autor de 15 livros \/ Contato: 61 9 9931-5433<\/p>\n","protected":false},"excerpt":{"rendered":"<p>Uma pergunta _ no seu ciclo de amizades cai bem! _: como manter uma amizade entre grupos de amigos quando se quer manter a amizade com os membros que vivem se alfinetando? Todavia, o ciclo de amizade que os envolvem est\u00e1 te tirando a paz. E tr\u00e1s uma ang\u00fastia muito grande por estar entre duas&nbsp;<\/p>\n<p><a class=\"btn btn-style\" href=\"https:\/\/portalcatolico.net\/portal\/como-manter-uma-amizade-entre-grupos-de-amigos\/\">Continue Reading<\/a><\/p>\n","protected":false},"author":2,"featured_media":71752,"comment_status":"open","ping_status":"open","sticky":false,"template":"","format":"standard","meta":{"footnotes":""},"categories":[69],"tags":[],"class_list":["post-72111","post","type-post","status-publish","format-standard","has-post-thumbnail","hentry","category-artigos"],"_links":{"self":[{"href":"https:\/\/portalcatolico.net\/portal\/wp-json\/wp\/v2\/posts\/72111","targetHints":{"allow":["GET"]}}],"collection":[{"href":"https:\/\/portalcatolico.net\/portal\/wp-json\/wp\/v2\/posts"}],"about":[{"href":"https:\/\/portalcatolico.net\/portal\/wp-json\/wp\/v2\/types\/post"}],"author":[{"embeddable":true,"href":"https:\/\/portalcatolico.net\/portal\/wp-json\/wp\/v2\/users\/2"}],"replies":[{"embeddable":true,"href":"https:\/\/portalcatolico.net\/portal\/wp-json\/wp\/v2\/comments?post=72111"}],"version-history":[{"count":1,"href":"https:\/\/portalcatolico.net\/portal\/wp-json\/wp\/v2\/posts\/72111\/revisions"}],"predecessor-version":[{"id":72112,"href":"https:\/\/portalcatolico.net\/portal\/wp-json\/wp\/v2\/posts\/72111\/revisions\/72112"}],"wp:featuredmedia":[{"embeddable":true,"href":"https:\/\/portalcatolico.net\/portal\/wp-json\/wp\/v2\/media\/71752"}],"wp:attachment":[{"href":"https:\/\/portalcatolico.net\/portal\/wp-json\/wp\/v2\/media?parent=72111"}],"wp:term":[{"taxonomy":"category","embeddable":true,"href":"https:\/\/portalcatolico.net\/portal\/wp-json\/wp\/v2\/categories?post=72111"},{"taxonomy":"post_tag","embeddable":true,"href":"https:\/\/portalcatolico.net\/portal\/wp-json\/wp\/v2\/tags?post=72111"}],"curies":[{"name":"wp","href":"https:\/\/api.w.org\/{rel}","templated":true}]}}