{"id":72108,"date":"2021-05-11T20:47:12","date_gmt":"2021-05-11T23:47:12","guid":{"rendered":"http:\/\/portalcatolico.net\/portal\/?p=72108"},"modified":"2021-05-11T20:47:12","modified_gmt":"2021-05-11T23:47:12","slug":"monsenhor-jonas-abib-sai-da-unidade-de-terapia-semi-intensiva","status":"publish","type":"post","link":"https:\/\/portalcatolico.net\/portal\/monsenhor-jonas-abib-sai-da-unidade-de-terapia-semi-intensiva\/","title":{"rendered":"Monsenhor Jonas Abib sai da Unidade de Terapia Semi-intensiva"},"content":{"rendered":"<p><em>O sacerdote prosseguir\u00e1 o tratamento no quarto, sem previs\u00e3o de alta<\/em><\/p>\n<p>Nesta segunda-feira (10\/05), o fundador da Comunidade Can\u00e7\u00e3o Nova, Monsenhor Jonas Abib, deixou a Unidade de Terapia Semi-intensiva. O encaminhamento para essa unidade se deu, preventivamente, para monitorar os efeitos colaterais do tratamento iniciado na semana passada, devido ao diagn\u00f3stico de um mieloma.<\/p>\n<p>As fun\u00e7\u00f5es card\u00edaca e renal foram estabilizadas. A equipe m\u00e9dica avalia que ele est\u00e1 com quadro cl\u00ednico bom. O sacerdote prosseguir\u00e1 o tratamento no quarto, sem previs\u00e3o de alta.<\/p>\n<p>Monsenhor Jonas Abib agradece a cada um pelas ora\u00e7\u00f5es e aos profissionais que o acompanham para a recupera\u00e7\u00e3o da sua sa\u00fade.<\/p>\n<p>Foto: Reprodu\u00e7\u00e3o \/ Can\u00e7\u00e3o Nova\/fonte:fecatolica<\/p>\n","protected":false},"excerpt":{"rendered":"<p>O sacerdote prosseguir\u00e1 o tratamento no quarto, sem previs\u00e3o de alta Nesta segunda-feira (10\/05), o fundador da Comunidade Can\u00e7\u00e3o Nova, Monsenhor Jonas Abib, deixou a Unidade de Terapia Semi-intensiva. O encaminhamento para essa unidade se deu, preventivamente, para monitorar os efeitos colaterais do tratamento iniciado na semana passada, devido ao diagn\u00f3stico de um mieloma. As&nbsp;<\/p>\n<p><a class=\"btn btn-style\" href=\"https:\/\/portalcatolico.net\/portal\/monsenhor-jonas-abib-sai-da-unidade-de-terapia-semi-intensiva\/\">Continue Reading<\/a><\/p>\n","protected":false},"author":2,"featured_media":72109,"comment_status":"open","ping_status":"open","sticky":false,"template":"","format":"standard","meta":{"footnotes":""},"categories":[4],"tags":[],"class_list":["post-72108","post","type-post","status-publish","format-standard","has-post-thumbnail","hentry","category-destaques"],"_links":{"self":[{"href":"https:\/\/portalcatolico.net\/portal\/wp-json\/wp\/v2\/posts\/72108","targetHints":{"allow":["GET"]}}],"collection":[{"href":"https:\/\/portalcatolico.net\/portal\/wp-json\/wp\/v2\/posts"}],"about":[{"href":"https:\/\/portalcatolico.net\/portal\/wp-json\/wp\/v2\/types\/post"}],"author":[{"embeddable":true,"href":"https:\/\/portalcatolico.net\/portal\/wp-json\/wp\/v2\/users\/2"}],"replies":[{"embeddable":true,"href":"https:\/\/portalcatolico.net\/portal\/wp-json\/wp\/v2\/comments?post=72108"}],"version-history":[{"count":1,"href":"https:\/\/portalcatolico.net\/portal\/wp-json\/wp\/v2\/posts\/72108\/revisions"}],"predecessor-version":[{"id":72110,"href":"https:\/\/portalcatolico.net\/portal\/wp-json\/wp\/v2\/posts\/72108\/revisions\/72110"}],"wp:featuredmedia":[{"embeddable":true,"href":"https:\/\/portalcatolico.net\/portal\/wp-json\/wp\/v2\/media\/72109"}],"wp:attachment":[{"href":"https:\/\/portalcatolico.net\/portal\/wp-json\/wp\/v2\/media?parent=72108"}],"wp:term":[{"taxonomy":"category","embeddable":true,"href":"https:\/\/portalcatolico.net\/portal\/wp-json\/wp\/v2\/categories?post=72108"},{"taxonomy":"post_tag","embeddable":true,"href":"https:\/\/portalcatolico.net\/portal\/wp-json\/wp\/v2\/tags?post=72108"}],"curies":[{"name":"wp","href":"https:\/\/api.w.org\/{rel}","templated":true}]}}