{"id":72069,"date":"2021-05-06T20:59:49","date_gmt":"2021-05-06T23:59:49","guid":{"rendered":"http:\/\/portalcatolico.net\/portal\/?p=72069"},"modified":"2021-05-06T21:00:16","modified_gmt":"2021-05-07T00:00:16","slug":"o-terco-pelo-fim-da-pandemia-no-santuario-de-aparecida","status":"publish","type":"post","link":"https:\/\/portalcatolico.net\/portal\/o-terco-pelo-fim-da-pandemia-no-santuario-de-aparecida\/","title":{"rendered":"O Ter\u00e7o pelo fim da pandemia no Santu\u00e1rio de Aparecida"},"content":{"rendered":"<div class=\"article__subTitle\">\u201cEstamos muito gratos ao Papa Francisco, pois seu gesto nos anima muito. \u00c9 uma demonstra\u00e7\u00e3o do amor que ele tem \u00e0 Aparecida. Este \u00e9 um gesto de muita f\u00e9 e que vamos fazer com profundo sentimento de gratid\u00e3o\u201d, afirma o Arcebispo de Aparecida Dom Orlando Brandes. O Ter\u00e7o ser\u00e1 rezado com inten\u00e7\u00e3o pelos jovens<\/div>\n<div>&nbsp;<\/div>\n<div class=\"title__separator\">\n<p>Trinta Santu\u00e1rios, representativos de todo o mundo, conduzem a recita\u00e7\u00e3o do Ter\u00e7o todos os dias durante o m\u00eas de maio em uma maratona de ora\u00e7\u00e3o com o tema: &#8220;De toda a Igreja subia incessantemente a ora\u00e7\u00e3o a Deus&#8221;, para invocar o fim da pandemia. Hoje dia 6 de maio, o Ter\u00e7o ser\u00e1 rezado no nosso querido Santu\u00e1rio de Aparecida, com inten\u00e7\u00e3o pelos jovens.<\/p>\n<p><b>O Santu\u00e1rio se prepara para o Ter\u00e7o<\/b><\/p>\n<p>O site do Santu\u00e1rio descreve as prepara\u00e7\u00f5es para a ora\u00e7\u00e3o de hoje (06\/05):<\/p>\n<p>\u201cA a\u00e7\u00e3o, convocada pelo Papa Francisco e iniciada por ele mesmo no \u00faltimo s\u00e1bado (1\u00ba), envolve 30 santu\u00e1rios em diversos pa\u00edses durante o m\u00eas de maio. A Bas\u00edlica que abriga a Padroeira vai representar o Brasil na \u201cmaratona\u201d de ora\u00e7\u00f5es. A celebra\u00e7\u00e3o acontece a partir das 11h, no Altar Central do templo\u201d. \u201cRezar com o Papa Francisco \u00e9 rezar com a Igreja. Num gesto de eclesialidade e comunh\u00e3o com o Santo Padre, o Santu\u00e1rio Nacional se une \u00e0s fam\u00edlias enlutadas. S\u00f3 existe luto onde houve amor. Com esperan\u00e7a e f\u00e9 recorremos \u00e0 prote\u00e7\u00e3o da Santa M\u00e3e de Deus, pelo fim da pandemia\u201d, afirma o reitor da Bas\u00edlica de Aparecida, padre Eduardo Catalfo.<\/p>\n<p><b>Participa\u00e7\u00e3o dos jovens<\/b><\/p>\n<p>Al\u00e9m do pedido pelo fim da pandemia, os jovens tamb\u00e9m ser\u00e3o recordados em uma inten\u00e7\u00e3o do Ter\u00e7o em Aparecida. Um grupo, constitu\u00eddo por adolescentes beneficiados pelas Obras Sociais do Santu\u00e1rio Nacional e jovens que trabalham em diversos setores da Bas\u00edlica, rezar\u00e1 50 \u201cAve-Marias\u201d ao longo da celebra\u00e7\u00e3o. Eles tamb\u00e9m v\u00e3o entronizar a imagem de Nossa Senhora Aparecida durante o rito e homenagear a Padroeira do Brasil depositando flores diante do altar preparado para a ocasi\u00e3o. As m\u00fasicas da celebra\u00e7\u00e3o ser\u00e3o entoadas pelo Projeto de Educa\u00e7\u00e3o Musical do Santu\u00e1rio de Aparecida (PEMSA), projeto social que atende adolescentes em situa\u00e7\u00e3o de vulnerabilidade social.<\/p>\n<p><b>Dom Orlando participa na condu\u00e7\u00e3o do Ter\u00e7o<\/b><\/p>\n<p>Junto deles, participa na condu\u00e7\u00e3o do Ter\u00e7o o arcebispo de Aparecida, Dom Orlando Brandes. Para ele, a escolha do Santu\u00e1rio de Aparecida como representante do Brasil na \u201cmaratona\u201d de ora\u00e7\u00f5es, demonstra a devo\u00e7\u00e3o do Santo Padre \u00e0 Padroeira. \u201cEstamos muito gratos ao Papa Francisco, pois seu gesto nos anima muito. \u00c9 uma demonstra\u00e7\u00e3o do amor que ele tem \u00e0 Aparecida. Este \u00e9 um gesto de muita f\u00e9 e que vamos fazer com profundo sentimento de gratid\u00e3o\u201d, afirma Dom Orlando.<\/p>\n<p><b>Santu\u00e1rio e o Papa Francisco<\/b><\/p>\n<p>A rela\u00e7\u00e3o entre Francisco e Aparecida nasceu antes mesmo do in\u00edcio de seu pontificado. Em 2007, o ent\u00e3o cardeal Bergoglio esteve durante quase um m\u00eas na \u201cCapital Brasileira da F\u00e9\u201d, durante os trabalhos da V Confer\u00eancia Geral do Episcopado Latino-Americano e do Caribe. O encontro dos bispos da Am\u00e9rica Latina aconteceu na Bas\u00edlica da Padroeira a pedido do pr\u00f3prio Papa Bento XVI, que fez quest\u00e3o de visitar o Santu\u00e1rio Nacional durante a abertura do encontro. Em 2013, j\u00e1 como chefe da Igreja Cat\u00f3lica, Francisco retornou \u00e0 Aparecida, onde celebrou sua primeira missa como Pont\u00edfice fora do territ\u00f3rio italiano. A partir da\u00ed, em diversas mensagens ao povo brasileiro, o Santo Padre sempre se recorda com carinho de sua visita e da devo\u00e7\u00e3o \u00e0 Padroeira do Brasil.<\/p>\n<p>\u201cO Papa gosta muito do Santu\u00e1rio de Aparecida, que \u00e9 um dos maiores santu\u00e1rios do mundo. \u00c9 um amor, um carinho e at\u00e9 um privil\u00e9gio de termos os papas, n\u00e3o somente o Papa Francisco, que admiram muito Aparecida e nutrem esta devo\u00e7\u00e3o especial por Nossa Senhora\u201d, comemora o arcebispo. A expectativa \u00e9 de que a jornada mundial de ora\u00e7\u00f5es pelo fim de pandemia leve conforto aos que sofrem com a doen\u00e7a e suas perdas. Ao mesmo tempo, ela aponta que f\u00e9 e ci\u00eancia podem e devem caminhar juntas. \u201cA ora\u00e7\u00e3o, junto com a ci\u00eancia humana s\u00e3o verdadeiros rem\u00e9dios. Unimos as duas m\u00e3os: da f\u00e9 e da ci\u00eancia. Pedimos que o Esp\u00edrito Santo continue iluminando sempre mais os cientistas, os m\u00e9dios e os poderes, para que juntos, na unidade, saiamos vitoriosos sobre este v\u00edrus\u201d, esclarece Dom Orlando.<\/p>\n<p>Para os brasileiros, a celebra\u00e7\u00e3o ser\u00e1 transmitida ao vivo, a partir das 11h, pelas redes sociais do Santu\u00e1rio Nacional (Facebook e YouTube), TV Aparecida, TV ao Vivo no A12 e Aplicativo Aparecida. \u00c0s 13h de Bras\u00edlia (18h de Roma), o&nbsp;<i>Vatican News<\/i>&nbsp;exibe a celebra\u00e7\u00e3o que deve ser acompanhada por fi\u00e9is de todo o mundo.&nbsp; &nbsp; &nbsp; &nbsp; &nbsp; &nbsp; &nbsp; &nbsp; &nbsp; &nbsp; &nbsp; &nbsp; &nbsp; &nbsp; &nbsp; &nbsp; &nbsp; &nbsp; &nbsp; &nbsp; &nbsp;Por:&nbsp;<b>Jane Nogara \/Vatican News<\/b><\/p>\n<p>(<i>Fonte: Santu\u00e1rio Nacional<\/i>)<\/p>\n<\/div>\n<div class=\"article__text \">\n<p>&nbsp;<\/p>\n<\/div>\n","protected":false},"excerpt":{"rendered":"<p>\u201cEstamos muito gratos ao Papa Francisco, pois seu gesto nos anima muito. \u00c9 uma demonstra\u00e7\u00e3o do amor que ele tem \u00e0 Aparecida. Este \u00e9 um gesto de muita f\u00e9 e que vamos fazer com profundo sentimento de gratid\u00e3o\u201d, afirma o Arcebispo de Aparecida Dom Orlando Brandes. O Ter\u00e7o ser\u00e1 rezado com inten\u00e7\u00e3o pelos jovens &nbsp;&nbsp;<\/p>\n<p><a class=\"btn btn-style\" href=\"https:\/\/portalcatolico.net\/portal\/o-terco-pelo-fim-da-pandemia-no-santuario-de-aparecida\/\">Continue Reading<\/a><\/p>\n","protected":false},"author":2,"featured_media":72070,"comment_status":"open","ping_status":"open","sticky":false,"template":"","format":"standard","meta":{"footnotes":""},"categories":[5],"tags":[],"class_list":["post-72069","post","type-post","status-publish","format-standard","has-post-thumbnail","hentry","category-igreja_no_mundo"],"_links":{"self":[{"href":"https:\/\/portalcatolico.net\/portal\/wp-json\/wp\/v2\/posts\/72069","targetHints":{"allow":["GET"]}}],"collection":[{"href":"https:\/\/portalcatolico.net\/portal\/wp-json\/wp\/v2\/posts"}],"about":[{"href":"https:\/\/portalcatolico.net\/portal\/wp-json\/wp\/v2\/types\/post"}],"author":[{"embeddable":true,"href":"https:\/\/portalcatolico.net\/portal\/wp-json\/wp\/v2\/users\/2"}],"replies":[{"embeddable":true,"href":"https:\/\/portalcatolico.net\/portal\/wp-json\/wp\/v2\/comments?post=72069"}],"version-history":[{"count":2,"href":"https:\/\/portalcatolico.net\/portal\/wp-json\/wp\/v2\/posts\/72069\/revisions"}],"predecessor-version":[{"id":72072,"href":"https:\/\/portalcatolico.net\/portal\/wp-json\/wp\/v2\/posts\/72069\/revisions\/72072"}],"wp:featuredmedia":[{"embeddable":true,"href":"https:\/\/portalcatolico.net\/portal\/wp-json\/wp\/v2\/media\/72070"}],"wp:attachment":[{"href":"https:\/\/portalcatolico.net\/portal\/wp-json\/wp\/v2\/media?parent=72069"}],"wp:term":[{"taxonomy":"category","embeddable":true,"href":"https:\/\/portalcatolico.net\/portal\/wp-json\/wp\/v2\/categories?post=72069"},{"taxonomy":"post_tag","embeddable":true,"href":"https:\/\/portalcatolico.net\/portal\/wp-json\/wp\/v2\/tags?post=72069"}],"curies":[{"name":"wp","href":"https:\/\/api.w.org\/{rel}","templated":true}]}}