{"id":72065,"date":"2021-05-05T21:28:32","date_gmt":"2021-05-06T00:28:32","guid":{"rendered":"http:\/\/portalcatolico.net\/portal\/?p=72065"},"modified":"2021-05-05T21:31:11","modified_gmt":"2021-05-06T00:31:11","slug":"nossa-senhora-de-fatima-e-celebrada-em-itabuna-2","status":"publish","type":"post","link":"https:\/\/portalcatolico.net\/portal\/nossa-senhora-de-fatima-e-celebrada-em-itabuna-2\/","title":{"rendered":"Nossa Senhora de F\u00e1tima \u00e9 celebrada em Itabuna!"},"content":{"rendered":"<div class=\"v1PlainText\" dir=\"auto\">Continua na cidade de Itabuna (BA), os preparativos e festa em homenagem a Nossa Senhora de F\u00e1tima, e em homenagem a padroeira do bairro de F\u00e1tima. E este ano, de modo especial, a par\u00f3quia est\u00e1 comemorando os 50 anos de exist\u00eancia. \u2800<br \/>\nO tema da festa deste ano \u00e9: &#8220;Maria, passa \u00e0 frente e protege os filhos teus.&#8221;\u2800<br \/>\nNeste link, voc\u00ea acompanha as transmiss\u00f5es, fotos e v\u00eddeos, disponibilizados pela Pascom:&nbsp;<a href=\"http:\/\/paroquiadefatimaitabuna.com.br\/\" target=\"_blank\" rel=\"noopener noreferrer\">http:\/\/paroquiadefatimaitabuna.com.br\/<\/a><br \/>\nPara participar presencialmente, ter\u00e1 que agendar na secretaria paroquial.<br \/>\nAs celebra\u00e7\u00f5es da novena acontecem \u00e0s 18h e ser\u00e3o transmitidas via o Youtube da Par\u00f3quia.\u2800<br \/>\nTodos os dias da novena, \u00e0s 7h (manh\u00e3), ter\u00e1&nbsp;a Santa Missa na Matriz&nbsp;presencial.<\/div>\n<div class=\"v1PlainText\" dir=\"auto\"><strong>De 04 a 12\/05<\/strong>, ser\u00e1 a novena com padres convidados da Diocese de Itabuna.<br \/>\n<strong>No dia 13\/05<\/strong>, acontece a grande festa da padroeira&nbsp; com a presen\u00e7a do Bispo diocesano, Dom Carlos Alberto dos Santos.\u2800<br \/>\n<strong>De 04 a 12\/05<\/strong> a quermesse ser\u00e1 em forma de drive thru, com card\u00e1pio variado,&nbsp;feito por agendamento.<\/div>\n","protected":false},"excerpt":{"rendered":"<p>Continua na cidade de Itabuna (BA), os preparativos e festa em homenagem a Nossa Senhora de F\u00e1tima, e em homenagem a padroeira do bairro de F\u00e1tima. E este ano, de modo especial, a par\u00f3quia est\u00e1 comemorando os 50 anos de exist\u00eancia. \u2800 O tema da festa deste ano \u00e9: &#8220;Maria, passa \u00e0 frente e protege&nbsp;<\/p>\n<p><a class=\"btn btn-style\" href=\"https:\/\/portalcatolico.net\/portal\/nossa-senhora-de-fatima-e-celebrada-em-itabuna-2\/\">Continue Reading<\/a><\/p>\n","protected":false},"author":2,"featured_media":71988,"comment_status":"open","ping_status":"open","sticky":false,"template":"","format":"standard","meta":{"footnotes":""},"categories":[4],"tags":[],"class_list":["post-72065","post","type-post","status-publish","format-standard","has-post-thumbnail","hentry","category-destaques"],"_links":{"self":[{"href":"https:\/\/portalcatolico.net\/portal\/wp-json\/wp\/v2\/posts\/72065","targetHints":{"allow":["GET"]}}],"collection":[{"href":"https:\/\/portalcatolico.net\/portal\/wp-json\/wp\/v2\/posts"}],"about":[{"href":"https:\/\/portalcatolico.net\/portal\/wp-json\/wp\/v2\/types\/post"}],"author":[{"embeddable":true,"href":"https:\/\/portalcatolico.net\/portal\/wp-json\/wp\/v2\/users\/2"}],"replies":[{"embeddable":true,"href":"https:\/\/portalcatolico.net\/portal\/wp-json\/wp\/v2\/comments?post=72065"}],"version-history":[{"count":3,"href":"https:\/\/portalcatolico.net\/portal\/wp-json\/wp\/v2\/posts\/72065\/revisions"}],"predecessor-version":[{"id":72068,"href":"https:\/\/portalcatolico.net\/portal\/wp-json\/wp\/v2\/posts\/72065\/revisions\/72068"}],"wp:featuredmedia":[{"embeddable":true,"href":"https:\/\/portalcatolico.net\/portal\/wp-json\/wp\/v2\/media\/71988"}],"wp:attachment":[{"href":"https:\/\/portalcatolico.net\/portal\/wp-json\/wp\/v2\/media?parent=72065"}],"wp:term":[{"taxonomy":"category","embeddable":true,"href":"https:\/\/portalcatolico.net\/portal\/wp-json\/wp\/v2\/categories?post=72065"},{"taxonomy":"post_tag","embeddable":true,"href":"https:\/\/portalcatolico.net\/portal\/wp-json\/wp\/v2\/tags?post=72065"}],"curies":[{"name":"wp","href":"https:\/\/api.w.org\/{rel}","templated":true}]}}