{"id":72040,"date":"2021-05-01T11:54:04","date_gmt":"2021-05-01T14:54:04","guid":{"rendered":"http:\/\/portalcatolico.net\/portal\/?p=72040"},"modified":"2021-05-01T18:54:31","modified_gmt":"2021-05-01T21:54:31","slug":"libertados-religiosos-sequestrados-no-haiti","status":"publish","type":"post","link":"https:\/\/portalcatolico.net\/portal\/libertados-religiosos-sequestrados-no-haiti\/","title":{"rendered":"Libertados religiosos sequestrados no Haiti"},"content":{"rendered":"<div class=\"article__subTitle\">Na noite entre quinta e sexta-feira (30\/04) foram libertados os \u00faltimos 4 religiosos sequestrados no dia 11 de abril no Haiti. Os outros foram colocados em liberdade h\u00e1 uma semana. A not\u00edcia foi dada pela fam\u00edlia mission\u00e1ria dos sacerdotes de Saint-Jacques<\/div>\n<div>&nbsp;<\/div>\n<div>A liberta\u00e7\u00e3o dos \u00faltimos religiosos sequestrados em 11 de abril passado no Haiti, ocorreu durante a noite entre quinta e sexta-feira (30\/04). A not\u00edcia, que j\u00e1 era esperada h\u00e1 algum tempo, foi dada pela Sociedade dos Sacerdotes de Saint-Jacques \u00e0 qual alguns deles pertencem. H\u00e1 apenas uma semana, tr\u00eas outras pessoas sequestradas foram libertadas.<\/div>\n<div class=\"title__separator\">\n<p><b>Gratid\u00e3o a Deus<\/b><\/p>\n<p>&#8220;Eles est\u00e3o em boa sa\u00fade&#8221;: informa a fam\u00edlia religiosa, que agradeceu aos embaixadores da Fran\u00e7a e dos Estados Unidos pelos seus esfor\u00e7os para resolver a quest\u00e3o, mas tamb\u00e9m \u00e0s autoridades locais pelo apoio. &#8220;Nossas primeiras palavras v\u00e3o para nossos irm\u00e3os e irm\u00e3s livres, para transmitir-lhes nossa alegria e nossa grande satisfa\u00e7\u00e3o em encontr\u00e1-los s\u00e3os e salvos&#8221;. Al\u00e9m disso, &#8220;somos habitados por um sentimento de imensa gratid\u00e3o a Deus e a todas as pessoas e institui\u00e7\u00f5es que estiveram envolvidas&#8221; para chegar \u00e0 liberta\u00e7\u00e3o &#8220;de nossos irm\u00e3os e amigos, pelos quais lutamos de corpo e alma&#8221;.<\/p>\n<p>O sequestro do grupo de 10 pessoas ocorreu em Croix-des-Bouquets, perto da capital Porto Pr\u00edncipe, a caminho da par\u00f3quia de Galette Chambon, em Ganthier. Eles estavam se dirigindo \u00e0 par\u00f3quia para a posse do p\u00e1roco Padre Jean Arnel Joseph, e o grupo era composto por cinco padres cat\u00f3licos, duas religiosas e tr\u00eas leigos. Foi pedido o resgate de um milh\u00e3o de d\u00f3lares para a liberta\u00e7\u00e3o.(<b>Vatican News)<\/b><\/p>\n<\/div>\n","protected":false},"excerpt":{"rendered":"<p>Na noite entre quinta e sexta-feira (30\/04) foram libertados os \u00faltimos 4 religiosos sequestrados no dia 11 de abril no Haiti. Os outros foram colocados em liberdade h\u00e1 uma semana. A not\u00edcia foi dada pela fam\u00edlia mission\u00e1ria dos sacerdotes de Saint-Jacques &nbsp; A liberta\u00e7\u00e3o dos \u00faltimos religiosos sequestrados em 11 de abril passado no Haiti,&nbsp;<\/p>\n<p><a class=\"btn btn-style\" href=\"https:\/\/portalcatolico.net\/portal\/libertados-religiosos-sequestrados-no-haiti\/\">Continue Reading<\/a><\/p>\n","protected":false},"author":2,"featured_media":72041,"comment_status":"open","ping_status":"open","sticky":false,"template":"","format":"standard","meta":{"footnotes":""},"categories":[5],"tags":[],"class_list":["post-72040","post","type-post","status-publish","format-standard","has-post-thumbnail","hentry","category-igreja_no_mundo"],"_links":{"self":[{"href":"https:\/\/portalcatolico.net\/portal\/wp-json\/wp\/v2\/posts\/72040","targetHints":{"allow":["GET"]}}],"collection":[{"href":"https:\/\/portalcatolico.net\/portal\/wp-json\/wp\/v2\/posts"}],"about":[{"href":"https:\/\/portalcatolico.net\/portal\/wp-json\/wp\/v2\/types\/post"}],"author":[{"embeddable":true,"href":"https:\/\/portalcatolico.net\/portal\/wp-json\/wp\/v2\/users\/2"}],"replies":[{"embeddable":true,"href":"https:\/\/portalcatolico.net\/portal\/wp-json\/wp\/v2\/comments?post=72040"}],"version-history":[{"count":2,"href":"https:\/\/portalcatolico.net\/portal\/wp-json\/wp\/v2\/posts\/72040\/revisions"}],"predecessor-version":[{"id":72043,"href":"https:\/\/portalcatolico.net\/portal\/wp-json\/wp\/v2\/posts\/72040\/revisions\/72043"}],"wp:featuredmedia":[{"embeddable":true,"href":"https:\/\/portalcatolico.net\/portal\/wp-json\/wp\/v2\/media\/72041"}],"wp:attachment":[{"href":"https:\/\/portalcatolico.net\/portal\/wp-json\/wp\/v2\/media?parent=72040"}],"wp:term":[{"taxonomy":"category","embeddable":true,"href":"https:\/\/portalcatolico.net\/portal\/wp-json\/wp\/v2\/categories?post=72040"},{"taxonomy":"post_tag","embeddable":true,"href":"https:\/\/portalcatolico.net\/portal\/wp-json\/wp\/v2\/tags?post=72040"}],"curies":[{"name":"wp","href":"https:\/\/api.w.org\/{rel}","templated":true}]}}