{"id":72034,"date":"2021-05-01T18:47:04","date_gmt":"2021-05-01T21:47:04","guid":{"rendered":"http:\/\/portalcatolico.net\/portal\/?p=72034"},"modified":"2021-05-01T18:47:04","modified_gmt":"2021-05-01T21:47:04","slug":"francisco-participa-da-oracao-do-terco-pelo-fim-da-pandemia","status":"publish","type":"post","link":"https:\/\/portalcatolico.net\/portal\/francisco-participa-da-oracao-do-terco-pelo-fim-da-pandemia\/","title":{"rendered":"Francisco participa da ora\u00e7\u00e3o do Ter\u00e7o pelo fim da pandemia"},"content":{"rendered":"<div class=\"article__subTitle\">Com a presen\u00e7a do Papa iniciou nesta tarde (01\/05) na Bas\u00edlica de S\u00e3o Pedro, no Vaticano o primeiro Ter\u00e7o invocando o fim da pandemia. Todos os dias do m\u00eas de maio ser\u00e3o rezados em 30 Santu\u00e1rios espalhados pelo mundo \u00e0s 18h (hor\u00e1rio de Roma)<\/div>\n<div>&nbsp;<\/div>\n<div>Na tarde deste s\u00e1bado, o&nbsp;<b>Papa Francisco<\/b>&nbsp;participou da ora\u00e7\u00e3o do Ter\u00e7o que d\u00e1 in\u00edcio a uma \u201cmaratona\u201d de ora\u00e7\u00e3o pelo fim da pandemia e para a retomada das atividades sociais e de trabalho. O Ter\u00e7o ser\u00e1 rezado diretamente de 30 Santu\u00e1rios em todo o mundo. A iniciativa est\u00e1 sendo realizada \u00e0 luz da express\u00e3o b\u00edblica: &#8220;De toda a Igreja subia incessantemente a ora\u00e7\u00e3o a Deus&#8221; (At 12,5).<\/div>\n<div class=\"title__separator\">\n<p>Neste primeiro dia o Ter\u00e7o foi rezado na Capela Gregoriana da Bas\u00edlica Vaticana e iniciou com a seguinte ora\u00e7\u00e3o:<\/p>\n<p>\u201cNo in\u00edcio do m\u00eas dedicado a Nossa Senhora, n\u00f3s nos unimos em ora\u00e7\u00e3o com todos os Santu\u00e1rios em todo o mundo, com os fi\u00e9is e com todas as pessoas de boa vontade, para confiar \u00e0s m\u00e3os de nossa M\u00e3e Sant\u00edssima toda a humanidade, duramente provada por este per\u00edodo de pandemia. A cada dia deste m\u00eas de maio, confiaremos a V\u00f3s, M\u00e3e de Miseric\u00f3rdia, as muitas pessoas que foram tocadas pelo v\u00edrus e que continuam a sofrer as consequ\u00eancias: dos nossos irm\u00e3os e irm\u00e3s falecidos, \u00e0s fam\u00edlias que vivem a dor e a incerteza do amanh\u00e3; dos doentes aos m\u00e9dicos, aos cientistas e enfermeiros que est\u00e3o na linha de frente nesta batalha; dos volunt\u00e1rios at\u00e9 todos os profissionais que prestaram seu precioso servi\u00e7o em favor dos outros; das pessoas em luto e dor, at\u00e9 aquelas que, com um simples sorriso e uma boa palavra, levaram conforto aos necessitados. daqueles que, especialmente mulheres, sofreram viol\u00eancia dentro das paredes de seus lares devido ao fechamento for\u00e7ado a quantos desejam os ritmos de vida cotidianos.&nbsp;M\u00e3e do Socorro, acolhei-nos sob o vosso manto e protegei-nos, sustentai-nos na hora da prova\u00e7\u00e3o e acendei em nossos cora\u00e7\u00f5es a luz da esperan\u00e7a pelo futuro\u201d.<\/p>\n<p><strong>No final do Ter\u00e7o o Santo Padre proferiu a seguinte ora\u00e7\u00e3o<\/strong>:<\/p>\n<p>\u201cSob vossa prote\u00e7\u00e3o buscamos ref\u00fagio, Santa M\u00e3e de Deus\u201d<\/p>\n<p><i>Na dram\u00e1tica situa\u00e7\u00e3o atual, carregada de sofrimentos e ang\u00fastias que oprimem o mundo inteiro, recorremos a V\u00f3s, M\u00e3e de Deus e nossa M\u00e3e, refugiando-nos sob a vossa prote\u00e7\u00e3o.<br \/>\n<\/i><\/p>\n<p><i>\u00d3 Virgem Maria, volvei para n\u00f3s os vossos olhos misericordiosos nesta pandemia do coronav\u00edrus e confortai a quantos se sentem perdidos e choram pelos seus familiares mortos e, por vezes, sepultados de uma maneira que fere a alma.<\/i><\/p>\n<p><i>Sustentai aqueles que est\u00e3o angustiados por terem pessoas enfermas de quem n\u00e3o se podem aproximar, para impedir o cont\u00e1gio. Infundi confian\u00e7a em quem vive ansioso com o futuro incerto e com as consequ\u00eancias sobre a economia e o trabalho.<\/i><\/p>\n<p><i>M\u00e3e de Deus e nossa M\u00e3e, alcan\u00e7ai-nos de Deus, Pai de miseric\u00f3rdia, que esta dura prova termine e que volte um horizonte de esperan\u00e7a e de paz. Como em Can\u00e1, intervinde junto do vosso Divino Filho, pedindo-Lhe que conforte as fam\u00edlias dos doentes e das v\u00edtimas e abra os seus cora\u00e7\u00f5es \u00e0 confian\u00e7a.<\/i><\/p>\n<p><i>Protegei os m\u00e9dicos, os enfermeiros, os agentes de sa\u00fade, os volunt\u00e1rios que, neste per\u00edodo de emerg\u00eancia, est\u00e3o na vanguarda arriscando a pr\u00f3pria vida para salvar outras vidas. Acompanhai a sua fadiga heroica e dai-lhes for\u00e7a, bondade e sa\u00fade.<\/i><\/p>\n<p><i>Permanecei junto daqueles que assistem noite e dia os doentes, e dos sacerdotes que procuram ajudar e apoiar a todos, com solicitude pastoral e dedica\u00e7\u00e3o evang\u00e9lica.<\/i><\/p>\n<p><i>Virgem Santa, iluminai as mentes dos homens e mulheres da ci\u00eancia, a fim de que possam encontrar as solu\u00e7\u00f5es justas para vencer este v\u00edrus.<\/i><\/p>\n<p><i>Assisti os Respons\u00e1veis das na\u00e7\u00f5es, para que atuem com sabedoria, solicitude e generosidade, socorrendo aqueles que n\u00e3o t\u00eam o necess\u00e1rio para viver, programando solu\u00e7\u00f5es sociais e econ\u00f4micas com clarivid\u00eancia e esp\u00edrito de solidariedade<\/i><\/p>\n<p><i>Maria Sant\u00edssima, tocai as consci\u00eancias para que as somas enormes usadas para aumentar e aperfei\u00e7oar os armamentos sejam, antes, destinadas a promover estudos adequados para prevenir cat\u00e1strofes do g\u00eanero no futuro.<\/i><\/p>\n<p><i>M\u00e3e amad\u00edssima, fazei crescer no mundo o sentido de perten\u00e7a a uma \u00fanica grande fam\u00edlia, na certeza do v\u00ednculo que une a todos, para acudirmos, com esp\u00edrito fraterno e solid\u00e1rio, \u00e0 tanta pobreza e \u00e0s in\u00fameras situa\u00e7\u00f5es de mis\u00e9ria. Encorajai a firmeza na f\u00e9, a perseveran\u00e7a no servi\u00e7o, a const\u00e2ncia na ora\u00e7\u00e3o.<\/i><\/p>\n<p><i>\u00d3 Maria, consoladora dos aflitos, abra\u00e7ai todos os vossos filhos atribulados e alcan\u00e7ai-nos a gra\u00e7a de que Deus intervenha com a Sua m\u00e3o onipotente para nos libertar desta terr\u00edvel pandemia, de modo que a vida possa retomar com serenidade ao seu curso normal.<\/i><\/p>\n<p><i>Confiamo-nos a V\u00f3s, que resplandeceis sobre o nosso caminho como sinal de salva\u00e7\u00e3o e de esperan\u00e7a, \u00f3 clemente, \u00f3 piedosa, \u00f3 doce Virgem Maria.&nbsp;Am\u00e9m.<\/i><\/p>\n<p>Conduzi os passos de vossos peregrinos que desejam rezar o amar-vos nos Santu\u00e1rios dedicados a V\u00f3s em todo o mundo sob os mais variados t\u00edtulos que pedem a vossa intercess\u00e3o, sede para cada um deles uma guia segura. Am\u00e9m.<\/p>\n<p>Em seguida o Papa Francisco aben\u00e7oou os Ter\u00e7os que ser\u00e3o enviados aos 30 Santu\u00e1rios que participam da &#8220;maratona&#8221; de ora\u00e7\u00e3o deste m\u00eas mariano e aben\u00e7oou os fi\u00e9is invocando com confian\u00e7a a intercess\u00e3o da Bem-aventurada Virgem Maria.(<b>Vatican News)<\/b><\/div>\n","protected":false},"excerpt":{"rendered":"<p>Com a presen\u00e7a do Papa iniciou nesta tarde (01\/05) na Bas\u00edlica de S\u00e3o Pedro, no Vaticano o primeiro Ter\u00e7o invocando o fim da pandemia. Todos os dias do m\u00eas de maio ser\u00e3o rezados em 30 Santu\u00e1rios espalhados pelo mundo \u00e0s 18h (hor\u00e1rio de Roma) &nbsp; Na tarde deste s\u00e1bado, o&nbsp;Papa Francisco&nbsp;participou da ora\u00e7\u00e3o do Ter\u00e7o&nbsp;<\/p>\n<p><a class=\"btn btn-style\" href=\"https:\/\/portalcatolico.net\/portal\/francisco-participa-da-oracao-do-terco-pelo-fim-da-pandemia\/\">Continue Reading<\/a><\/p>\n","protected":false},"author":2,"featured_media":72035,"comment_status":"open","ping_status":"open","sticky":false,"template":"","format":"standard","meta":{"footnotes":""},"categories":[5],"tags":[],"class_list":["post-72034","post","type-post","status-publish","format-standard","has-post-thumbnail","hentry","category-igreja_no_mundo"],"_links":{"self":[{"href":"https:\/\/portalcatolico.net\/portal\/wp-json\/wp\/v2\/posts\/72034","targetHints":{"allow":["GET"]}}],"collection":[{"href":"https:\/\/portalcatolico.net\/portal\/wp-json\/wp\/v2\/posts"}],"about":[{"href":"https:\/\/portalcatolico.net\/portal\/wp-json\/wp\/v2\/types\/post"}],"author":[{"embeddable":true,"href":"https:\/\/portalcatolico.net\/portal\/wp-json\/wp\/v2\/users\/2"}],"replies":[{"embeddable":true,"href":"https:\/\/portalcatolico.net\/portal\/wp-json\/wp\/v2\/comments?post=72034"}],"version-history":[{"count":1,"href":"https:\/\/portalcatolico.net\/portal\/wp-json\/wp\/v2\/posts\/72034\/revisions"}],"predecessor-version":[{"id":72036,"href":"https:\/\/portalcatolico.net\/portal\/wp-json\/wp\/v2\/posts\/72034\/revisions\/72036"}],"wp:featuredmedia":[{"embeddable":true,"href":"https:\/\/portalcatolico.net\/portal\/wp-json\/wp\/v2\/media\/72035"}],"wp:attachment":[{"href":"https:\/\/portalcatolico.net\/portal\/wp-json\/wp\/v2\/media?parent=72034"}],"wp:term":[{"taxonomy":"category","embeddable":true,"href":"https:\/\/portalcatolico.net\/portal\/wp-json\/wp\/v2\/categories?post=72034"},{"taxonomy":"post_tag","embeddable":true,"href":"https:\/\/portalcatolico.net\/portal\/wp-json\/wp\/v2\/tags?post=72034"}],"curies":[{"name":"wp","href":"https:\/\/api.w.org\/{rel}","templated":true}]}}