{"id":72031,"date":"2021-05-01T18:43:33","date_gmt":"2021-05-01T21:43:33","guid":{"rendered":"http:\/\/portalcatolico.net\/portal\/?p=72031"},"modified":"2021-05-01T18:43:33","modified_gmt":"2021-05-01T21:43:33","slug":"novena-e-homenagens-a-sao-francisco-xavier-padroeiro-de-salvador-iniciam-hoje","status":"publish","type":"post","link":"https:\/\/portalcatolico.net\/portal\/novena-e-homenagens-a-sao-francisco-xavier-padroeiro-de-salvador-iniciam-hoje\/","title":{"rendered":"Novena e homenagens a S\u00e3o Francisco Xavier, padroeiro de Salvador iniciam hoje"},"content":{"rendered":"<p><strong><em>A programa\u00e7\u00e3o envolve a realiza\u00e7\u00e3o de uma novena online, recita\u00e7\u00e3o do Ter\u00e7o mission\u00e1rio e at\u00e9 o lan\u00e7amento de um cordel<\/em><\/strong><\/p>\n<p dir=\"ltr\">Os 335 anos de consagra\u00e7\u00e3o de Salvador a S\u00e3o Francisco Xavier &#8211; comemorados no dia 10 de maio &#8211; ser\u00e3o tema de uma intensa programa\u00e7\u00e3o que envolve a realiza\u00e7\u00e3o de uma novena online, recita\u00e7\u00e3o do Ter\u00e7o mission\u00e1rio e at\u00e9 o lan\u00e7amento de um cordel, que ser\u00e1 distribu\u00eddo gratuitamente em meio eletr\u00f4nico (formato PDF). Em virtude da pandemia ocasionada pelo novo coronav\u00edrus, o noven\u00e1rio, que acontece de 1\u00ba a 9 de maio, ser\u00e1 realizado pela internet e transmitido, ao vivo, sempre \u00e0s 20h30, pelo Instagram&nbsp;<strong><a href=\"https:\/\/www.instagram.com\/xavierpadroeirodesalvador\/\">@xavierpadroeirodesalvador<\/a><\/strong><\/p>\n<p dir=\"ltr\">J\u00e1 no dia festivo, 10 de maio, data que marca a consagra\u00e7\u00e3o de Salvador a S\u00e3o Francisco Xavier, o Arcebispo de Salvador e Primaz do Brasil, Cardeal Dom Sergio da Rocha, presidir\u00e1 a Santa Missa, \u00e0s 11h, na Catedral Bas\u00edlica de Salvador (Terreiro de Jesus). Quem desejar participar, presencialmente, deve entrar em contato com a secretaria da Catedral, atrav\u00e9s do telefone (71) 3321-4573.<\/p>\n<p dir=\"ltr\">De acordo com o coordenador da Devo\u00e7\u00e3o a S\u00e3o Francisco Xavier, padre \u00c2ngelo Magno Carmo Lopes, o santo foi escolhido como padroeiro da capital baiana em um momento de enfrentamento a uma epidemia de febre amarela, em 1686. &#8220;S\u00e3o Francisco Xavier \u00e9 um santo mission\u00e1rio. Ele \u00e9 considerado at\u00e9 hoje o maior respons\u00e1vel pela expans\u00e3o do catolicismo pelo mundo e toda a Igreja o reconhece como Padroeiro das Miss\u00f5es, ao lado de Santa Teresinha do Menino Jesus. Este ano, agradecemos a S\u00e3o Francisco Xavier pelas gra\u00e7as alcan\u00e7adas e clamamos por sua poderosa intercess\u00e3o pelo fim desta pandemia&#8221;, afirma.<\/p>\n<p dir=\"ltr\"><strong>Confira, abaixo, a programa\u00e7\u00e3o completa das homenagens a S\u00e3o Francisco Xavier:<\/strong><\/p>\n<p dir=\"ltr\"><strong>1\u00ba dia da novena &#8211; 1\u00ba de maio (s\u00e1bado), \u00e0s 20h30<\/strong><br \/>\nTema: &#8220;Os 335 Anos de consagra\u00e7\u00e3o de Salvador a S\u00e3o Francisco Xavier&#8221;, conduzido pelo padre \u00c2ngelo Magno Carmo Lopes<\/p>\n<p dir=\"ltr\"><strong>2\u00ba dia da novena &#8211; 2 de maio (domingo), \u00e0s 20h30<\/strong><br \/>\nTema: &#8220;A vida de S\u00e3o Francisco Xavier&#8221;, conduzido pelo padre Gabriel Guarnieri, sx.<\/p>\n<p><strong>3\u00ba dia da novena &#8211; 3 de maio (segunda-feira), \u00e0s 20h30<\/strong><br \/>\nTema: &#8220;Os milagres de S\u00e3o Francisco Xavier&#8221;, conduzido por Andr\u00e9a Bulc\u00e3o<br \/>\nAp\u00f3s a novena haver\u00e1 a recita\u00e7\u00e3o do Ter\u00e7o Mission\u00e1rio Online, conduzido por Alan Almeida.<\/p>\n<p dir=\"ltr\"><strong>4\u00ba dia da novena &#8211; 4 de maio (ter\u00e7a-feira), \u00e0s 20h30<\/strong><br \/>\nTema: &#8220;Datas festivas e Novenas de S\u00e3o Francisco Xavier&#8221;, conduzido por Jos\u00e9 Lopes<\/p>\n<p dir=\"ltr\"><strong>5\u00ba dia da novena &#8211; 5 de maio (quarta-feira), \u00e0s 20h30<\/strong><br \/>\nTema: &#8220;A catequese de S\u00e3o Francisco Xavier&#8221;, conduzido por Francisco Maria Lessa Ribeiro<\/p>\n<p dir=\"ltr\"><strong>6\u00ba dia da novena \u2013 6 de maio (quinta-feira), \u00e0s 20h30<\/strong><br \/>\nTema: &#8220;O carisma de S\u00e3o Francisco Xavier&#8221;, conduzido por J\u00falio Paulino<\/p>\n<p><strong>7\u00ba dia da novena &#8211; 7 de maio (sexta-feira), \u00e0s 20h30<\/strong><br \/>\nTema: &#8220;S\u00e3o Francisco Xavier e o Apostolado da Ora\u00e7\u00e3o&#8221;, conduzido pelo padre Valson Sandes<\/p>\n<p dir=\"ltr\"><strong>8\u00ba dia da novena &#8211; 8 de maio (s\u00e1bado), \u00e0s 20h30<\/strong><br \/>\nTema: &#8220;A espiritualidade mission\u00e1ria de S\u00e3o Francisco Xavier&#8221;, conduzido pelo padre \u00c2ngelo Magno Carmo Lopes<\/p>\n<p dir=\"ltr\"><strong>9\u00ba dia da novena &#8211; 9 de maio (domingo), \u00e0s 20h30<\/strong><br \/>\nTema: \u201cSantu\u00e1rios e peregrina\u00e7\u00f5es de S\u00e3o Francisco Xavier\u201d, conduzido pelo padre Manoel Oliveira Filho<\/p>\n<p dir=\"ltr\"><strong>DIA FESTIVO \u2013 10 de maio (segunda-feira)<\/strong><\/p>\n<p dir=\"ltr\">11h &#8211; Missa na Catedral Bas\u00edlica de Salvador, presidida pelo Arcebispo de Salvador e Primaz do Brasil, Cardeal Dom Sergio da Rocha<\/p>\n<p dir=\"ltr\">20h30 \u2013 Recita\u00e7\u00e3o do Ter\u00e7o Mission\u00e1rio Online, conduzido por Alan Almeida, o Instagram&nbsp;<strong><a href=\"https:\/\/www.instagram.com\/xavierpadroeirodesalvador\/\">@xavierpadroeirodesalvador<\/a><\/strong><\/p>\n<p><strong>11 de maio (ter\u00e7a-feira)<\/strong><br \/>\n20h30 &#8211; Lan\u00e7amento do cordel &#8220;S\u00e3o Francisco Xavier, Padroeiro da Liberdade&#8221;, com os autores Jos\u00e9 Falc\u00f3n Lopes e padre Gabriel Guarnieri, sx, pelo Instagram&nbsp;<strong><a href=\"https:\/\/www.instagram.com\/xavierpadroeirodesalvador\/\">@xavierpadroeirodesalvador<\/a><\/strong><\/p>\n<p dir=\"ltr\"><strong>17 de maio (segunda-feira)<\/strong><br \/>\n20h30 \u2013 Recita\u00e7\u00e3o do Ter\u00e7o Mission\u00e1rio Online, conduzido por Alan Almeida, no Instagram&nbsp;<strong><a href=\"https:\/\/www.instagram.com\/xavierpadroeirodesalvador\/\">@xavierpadroeirodesalvador<\/a><\/strong><\/p>\n<p dir=\"ltr\"><strong>24 de maio (segunda-feira)<\/strong><br \/>\n20h30 \u2013 Recita\u00e7\u00e3o do Ter\u00e7o Mission\u00e1rio Online, conduzida por Alan Almeida, no Instagram&nbsp;<strong><a href=\"https:\/\/www.instagram.com\/xavierpadroeirodesalvador\/\">@xavierpadroeirodesalvador<\/a><\/strong><\/p>\n<p dir=\"ltr\"><strong>31 de maio (segunda-feira)<\/strong><br \/>\n20h30 \u2013 Recita\u00e7\u00e3o do Ter\u00e7o Mission\u00e1rio Online, conduzida por Alan Almeida, no Instagram&nbsp;<strong><a href=\"https:\/\/www.instagram.com\/xavierpadroeirodesalvador\/\">@xavierpadroeirodesalvador<\/a><\/strong><\/p>\n<p dir=\"ltr\">Foto: Divulga\u00e7\u00e3o\/Devo\u00e7\u00e3o a S\u00e3o Francisco Xavier<\/p>\n","protected":false},"excerpt":{"rendered":"<p>A programa\u00e7\u00e3o envolve a realiza\u00e7\u00e3o de uma novena online, recita\u00e7\u00e3o do Ter\u00e7o mission\u00e1rio e at\u00e9 o lan\u00e7amento de um cordel Os 335 anos de consagra\u00e7\u00e3o de Salvador a S\u00e3o Francisco Xavier &#8211; comemorados no dia 10 de maio &#8211; ser\u00e3o tema de uma intensa programa\u00e7\u00e3o que envolve a realiza\u00e7\u00e3o de uma novena online, recita\u00e7\u00e3o do&nbsp;<\/p>\n<p><a class=\"btn btn-style\" href=\"https:\/\/portalcatolico.net\/portal\/novena-e-homenagens-a-sao-francisco-xavier-padroeiro-de-salvador-iniciam-hoje\/\">Continue Reading<\/a><\/p>\n","protected":false},"author":2,"featured_media":72032,"comment_status":"open","ping_status":"open","sticky":false,"template":"","format":"standard","meta":{"footnotes":""},"categories":[3],"tags":[],"class_list":["post-72031","post","type-post","status-publish","format-standard","has-post-thumbnail","hentry","category-noticias_regionais"],"_links":{"self":[{"href":"https:\/\/portalcatolico.net\/portal\/wp-json\/wp\/v2\/posts\/72031","targetHints":{"allow":["GET"]}}],"collection":[{"href":"https:\/\/portalcatolico.net\/portal\/wp-json\/wp\/v2\/posts"}],"about":[{"href":"https:\/\/portalcatolico.net\/portal\/wp-json\/wp\/v2\/types\/post"}],"author":[{"embeddable":true,"href":"https:\/\/portalcatolico.net\/portal\/wp-json\/wp\/v2\/users\/2"}],"replies":[{"embeddable":true,"href":"https:\/\/portalcatolico.net\/portal\/wp-json\/wp\/v2\/comments?post=72031"}],"version-history":[{"count":1,"href":"https:\/\/portalcatolico.net\/portal\/wp-json\/wp\/v2\/posts\/72031\/revisions"}],"predecessor-version":[{"id":72033,"href":"https:\/\/portalcatolico.net\/portal\/wp-json\/wp\/v2\/posts\/72031\/revisions\/72033"}],"wp:featuredmedia":[{"embeddable":true,"href":"https:\/\/portalcatolico.net\/portal\/wp-json\/wp\/v2\/media\/72032"}],"wp:attachment":[{"href":"https:\/\/portalcatolico.net\/portal\/wp-json\/wp\/v2\/media?parent=72031"}],"wp:term":[{"taxonomy":"category","embeddable":true,"href":"https:\/\/portalcatolico.net\/portal\/wp-json\/wp\/v2\/categories?post=72031"},{"taxonomy":"post_tag","embeddable":true,"href":"https:\/\/portalcatolico.net\/portal\/wp-json\/wp\/v2\/tags?post=72031"}],"curies":[{"name":"wp","href":"https:\/\/api.w.org\/{rel}","templated":true}]}}