{"id":72019,"date":"2021-04-29T21:18:48","date_gmt":"2021-04-30T00:18:48","guid":{"rendered":"http:\/\/portalcatolico.net\/portal\/?p=72019"},"modified":"2021-04-29T21:19:43","modified_gmt":"2021-04-30T00:19:43","slug":"incenso-na-igreja-o-que-significa-e-por-que-e-usado","status":"publish","type":"post","link":"https:\/\/portalcatolico.net\/portal\/incenso-na-igreja-o-que-significa-e-por-que-e-usado\/","title":{"rendered":"Incenso na Igreja: o que significa e por que \u00e9 usado?"},"content":{"rendered":"<p class=\"subtitle\">Entre seus v\u00e1rios simbolismos, ele representa a realidade celestial da Missa, que \u00e9 um encontro entre o C\u00e9u e a terra<\/p>\n<p>Oincenso na Igreja: o que significa e por que \u00e9 usado? Em sua&nbsp;rede social, o pe. Gabriel Vila Verde resumiu:<\/p>\n<blockquote class=\"wp-block-quote\"><p>\u201cO incenso usado na liturgia vem de uma tradi\u00e7\u00e3o vetero-testament\u00e1ria, pois, j\u00e1 no in\u00edcio da forma\u00e7\u00e3o do povo hebreu, o Senhor pediu que o incenso fosse queimado diante da Arca da Alian\u00e7a. O incenso tamb\u00e9m aparece no Apocalipse, quando o Ap\u00f3stolo Jo\u00e3o v\u00ea a liturgia celeste onde os anjos seguram tur\u00edbulos de ouro nas m\u00e3os, e a fuma\u00e7a sobe at\u00e9 o trono de Deus junto com as ora\u00e7\u00f5es dos santos.<\/p>\n<p>Por isso a Igreja incensa o altar, o evangeli\u00e1rio, as oferendas, o Sant\u00edssimo Sacramento, o sacerdote, o povo, as cruzes e imagens dos santos: para manifestar a gl\u00f3ria de Deus na terra atrav\u00e9s do sinal da fuma\u00e7a\u201d.<\/p><\/blockquote>\n<p id=\"h-elementos-sens-veis-na-liturgia\"><strong>Elementos sens\u00edveis na liturgia<\/strong><\/p>\n<div class=\"block-image-copyrigth-wrap\">\n<figure class=\"wp-block-image size-large\"><img loading=\"lazy\" decoding=\"async\" class=\"wp-image-382705\" src=\"https:\/\/wp.pt.aleteia.org\/wp-content\/uploads\/sites\/5\/2021\/03\/000_94G83G.jpg?w=720\" sizes=\"auto, (max-width: 3333px) 100vw, 3333px\" srcset=\"https:\/\/wp.pt.aleteia.org\/wp-content\/uploads\/sites\/5\/2021\/03\/000_94G83G.jpg 3333w, https:\/\/wp.pt.aleteia.org\/wp-content\/uploads\/sites\/5\/2021\/03\/000_94G83G.jpg?resize=150,104 150w, https:\/\/wp.pt.aleteia.org\/wp-content\/uploads\/sites\/5\/2021\/03\/000_94G83G.jpg?resize=300,208 300w, https:\/\/wp.pt.aleteia.org\/wp-content\/uploads\/sites\/5\/2021\/03\/000_94G83G.jpg?resize=768,533 768w, https:\/\/wp.pt.aleteia.org\/wp-content\/uploads\/sites\/5\/2021\/03\/000_94G83G.jpg?resize=1024,711 1024w, https:\/\/wp.pt.aleteia.org\/wp-content\/uploads\/sites\/5\/2021\/03\/000_94G83G.jpg?resize=1536,1066 1536w, https:\/\/wp.pt.aleteia.org\/wp-content\/uploads\/sites\/5\/2021\/03\/000_94G83G.jpg?resize=2048,1422 2048w, https:\/\/wp.pt.aleteia.org\/wp-content\/uploads\/sites\/5\/2021\/03\/000_94G83G.jpg?resize=620,430 620w, https:\/\/wp.pt.aleteia.org\/wp-content\/uploads\/sites\/5\/2021\/03\/000_94G83G.jpg?resize=1140,791 1140w, https:\/\/wp.pt.aleteia.org\/wp-content\/uploads\/sites\/5\/2021\/03\/000_94G83G.jpg?resize=375,260 375w, https:\/\/wp.pt.aleteia.org\/wp-content\/uploads\/sites\/5\/2021\/03\/000_94G83G.jpg?resize=1095,760 1095w, https:\/\/wp.pt.aleteia.org\/wp-content\/uploads\/sites\/5\/2021\/03\/000_94G83G.jpg?resize=630,437 630w\" alt=\"\" width=\"3333\" height=\"2314\"><\/figure>\n<div class=\"copyright-text\">Photo by Vincenzo PINTO \/ AFP<\/div>\n<\/div>\n<p>De fato, o culto p\u00fablico da Igreja cont\u00e9m v\u00e1rios elementos sens\u00edveis, isto \u00e9, que envolvem os nossos sentidos f\u00edsicos.<\/p>\n<ul>\n<li>Os mais \u00f3bvios s\u00e3o a vis\u00e3o e a audi\u00e7\u00e3o, vinculados aos s\u00edmbolos lit\u00fargicos e ao canto, por exemplo.<\/li>\n<li>Mas o pr\u00f3prio n\u00facleo da nossa f\u00e9, que \u00e9 a Presen\u00e7a Real de Jesus Cristo vivo na Eucaristia, envolve o nosso paladar.<\/li>\n<li>O tato \u00e9 impactado pelas posturas na ora\u00e7\u00e3o particular e comunit\u00e1ria e por ritos lit\u00fargicos que envolvem elementos tang\u00edveis como a \u00e1gua no batismo ou os santos \u00f3leos na confirma\u00e7\u00e3o, na ordem e na un\u00e7\u00e3o dos enfermos, al\u00e9m da m\u00fatua entrega f\u00edsica dos c\u00f4njuges na viv\u00eancia do matrim\u00f4nio.<\/li>\n<\/ul>\n<h4 id=\"h-e-quanto-ao-olfato\">E quanto ao olfato?<\/h4>\n<p>Pois bem, o incenso \u00e9 o elemento sens\u00edvel que mais diretamente o envolve, embora a fun\u00e7\u00e3o principal do incenso n\u00e3o seja a de gerar \u201csensa\u00e7\u00f5es olfativas\u201d nos fi\u00e9is e sim a de simbolizar a sacralidade do que \u00e9 incensado. Ainda assim, \u00e9 fato que o aroma do incenso \u00e9 profundamente marcante e ajuda a envolver todos os nossos sentidos durante a celebra\u00e7\u00e3o da liturgia, elevando a nossa mente a Deus.<\/p>\n<h3 id=\"h-sinais-e-s-mbolos\">Sinais e s\u00edmbolos<\/h3>\n<p>A respeito do papel dos sentidos na liturgia, o Catecismo da Igreja Cat\u00f3lica ensina em seu n\u00famero 1146:<\/p>\n<blockquote class=\"wp-block-quote\"><p>\u201cOs sinais e os s\u00edmbolos ocupam um lugar importante na vida humana. Sendo o homem um ser ao mesmo tempo corporal e espiritual, exprime e percebe as realidades espirituais atrav\u00e9s de sinais e s\u00edmbolos materiais. Como ser social, o homem tem necessidade de sinais e de s\u00edmbolos para comunicar com o seu semelhante atrav\u00e9s da linguagem, dos gestos e de a\u00e7\u00f5es. O mesmo acontece nas suas rela\u00e7\u00f5es com Deus\u201d.<\/p><\/blockquote>\n<p id=\"h-o-incenso-na-igreja\"><strong>O incenso na Igreja<\/strong><\/p>\n<div class=\"block-image-copyrigth-wrap\">\n<figure class=\"wp-block-image size-large\"><img loading=\"lazy\" decoding=\"async\" class=\"wp-image-146719\" src=\"https:\/\/wp.pt.aleteia.org\/wp-content\/uploads\/sites\/5\/2017\/12\/web3-russia-catholic-mass-christmas-2017-altar-server-incense-033_3265975-ramil-sitdikov-sputnik-afp.jpg?w=720\" sizes=\"auto, (max-width: 1200px) 100vw, 1200px\" srcset=\"https:\/\/wp.pt.aleteia.org\/wp-content\/uploads\/sites\/5\/2017\/12\/web3-russia-catholic-mass-christmas-2017-altar-server-incense-033_3265975-ramil-sitdikov-sputnik-afp.jpg 1200w, https:\/\/wp.pt.aleteia.org\/wp-content\/uploads\/sites\/5\/2017\/12\/web3-russia-catholic-mass-christmas-2017-altar-server-incense-033_3265975-ramil-sitdikov-sputnik-afp.jpg?resize=150,75 150w, https:\/\/wp.pt.aleteia.org\/wp-content\/uploads\/sites\/5\/2017\/12\/web3-russia-catholic-mass-christmas-2017-altar-server-incense-033_3265975-ramil-sitdikov-sputnik-afp.jpg?resize=300,150 300w, https:\/\/wp.pt.aleteia.org\/wp-content\/uploads\/sites\/5\/2017\/12\/web3-russia-catholic-mass-christmas-2017-altar-server-incense-033_3265975-ramil-sitdikov-sputnik-afp.jpg?resize=768,384 768w, https:\/\/wp.pt.aleteia.org\/wp-content\/uploads\/sites\/5\/2017\/12\/web3-russia-catholic-mass-christmas-2017-altar-server-incense-033_3265975-ramil-sitdikov-sputnik-afp.jpg?resize=1024,512 1024w, https:\/\/wp.pt.aleteia.org\/wp-content\/uploads\/sites\/5\/2017\/12\/web3-russia-catholic-mass-christmas-2017-altar-server-incense-033_3265975-ramil-sitdikov-sputnik-afp.jpg?resize=620,310 620w, https:\/\/wp.pt.aleteia.org\/wp-content\/uploads\/sites\/5\/2017\/12\/web3-russia-catholic-mass-christmas-2017-altar-server-incense-033_3265975-ramil-sitdikov-sputnik-afp.jpg?resize=460,230 460w, https:\/\/wp.pt.aleteia.org\/wp-content\/uploads\/sites\/5\/2017\/12\/web3-russia-catholic-mass-christmas-2017-altar-server-incense-033_3265975-ramil-sitdikov-sputnik-afp.jpg?resize=220,110 220w, https:\/\/wp.pt.aleteia.org\/wp-content\/uploads\/sites\/5\/2017\/12\/web3-russia-catholic-mass-christmas-2017-altar-server-incense-033_3265975-ramil-sitdikov-sputnik-afp.jpg?resize=236,118 236w, https:\/\/wp.pt.aleteia.org\/wp-content\/uploads\/sites\/5\/2017\/12\/web3-russia-catholic-mass-christmas-2017-altar-server-incense-033_3265975-ramil-sitdikov-sputnik-afp.jpg?resize=940,470 940w, https:\/\/wp.pt.aleteia.org\/wp-content\/uploads\/sites\/5\/2017\/12\/web3-russia-catholic-mass-christmas-2017-altar-server-incense-033_3265975-ramil-sitdikov-sputnik-afp.jpg?resize=1140,570 1140w, https:\/\/wp.pt.aleteia.org\/wp-content\/uploads\/sites\/5\/2017\/12\/web3-russia-catholic-mass-christmas-2017-altar-server-incense-033_3265975-ramil-sitdikov-sputnik-afp.jpg?resize=375,188 375w, https:\/\/wp.pt.aleteia.org\/wp-content\/uploads\/sites\/5\/2017\/12\/web3-russia-catholic-mass-christmas-2017-altar-server-incense-033_3265975-ramil-sitdikov-sputnik-afp.jpg?resize=630,315 630w\" alt=\"RUSSIA,CATHOLIC\" width=\"1200\" height=\"600\"><\/figure>\n<div class=\"copyright-text\">Ramil Sitdikov | Sputnik | AFP<\/div>\n<\/div>\n<p>Em artigo para a edi\u00e7\u00e3o de&nbsp;<em>Aleteia<\/em>&nbsp;em ingl\u00eas, Philip Kosloski informa que o incenso j\u00e1 era um elemento importante dos cultos religiosos da antiguidade, incluindo o culto judeu ao Deus \u00danico. No Tabern\u00e1culo e no Templo, de fato, o pr\u00f3prio Deus ordenou que fosse constru\u00eddo um \u201caltar de incenso\u201d. De acordo com \u00caxodo 30,8, Ele mandou o sumo sacerdote Aar\u00e3o queimar \u201cincenso perp\u00e9tuo perante o Senhor ao longo de suas gera\u00e7\u00f5es\u201d.<\/p>\n<p>Uma c\u00e9lebre frase dos Salmos (141,2) tamb\u00e9m destaca essa tradi\u00e7\u00e3o: \u201cSuba a minha ora\u00e7\u00e3o perante a tua face como o incenso, e as minhas m\u00e3os sejam levantadas como o sacrif\u00edcio da tarde\u201d. O Novo Testamento registra claramente a ado\u00e7\u00e3o do incenso pelos crist\u00e3os: no Apocalipse (8,4), S\u00e3o Jo\u00e3o descreve que \u201ca fuma\u00e7a dos perfumes subiu da m\u00e3o do anjo com as ora\u00e7\u00f5es dos santos, diante de Deus\u201d.<\/p>\n<p>A Igreja Cat\u00f3lica, em resumo, preserva a tradi\u00e7\u00e3o do incenso como elemento de profundas ra\u00edzes espirituais que simboliza h\u00e1 milhares de anos a adora\u00e7\u00e3o a Deus. Al\u00e9m disso, ele representa a eleva\u00e7\u00e3o das nossas ora\u00e7\u00f5es a Deus e, principalmente, a realidade celestial da Santa Missa, que \u00e9 um encontro entre o C\u00e9u e a terra.(Aleteia)<\/p>\n","protected":false},"excerpt":{"rendered":"<p>Entre seus v\u00e1rios simbolismos, ele representa a realidade celestial da Missa, que \u00e9 um encontro entre o C\u00e9u e a terra Oincenso na Igreja: o que significa e por que \u00e9 usado? Em sua&nbsp;rede social, o pe. Gabriel Vila Verde resumiu: \u201cO incenso usado na liturgia vem de uma tradi\u00e7\u00e3o vetero-testament\u00e1ria, pois, j\u00e1 no in\u00edcio&nbsp;<\/p>\n<p><a class=\"btn btn-style\" href=\"https:\/\/portalcatolico.net\/portal\/incenso-na-igreja-o-que-significa-e-por-que-e-usado\/\">Continue Reading<\/a><\/p>\n","protected":false},"author":2,"featured_media":72022,"comment_status":"open","ping_status":"open","sticky":false,"template":"","format":"standard","meta":{"footnotes":""},"categories":[4],"tags":[],"class_list":["post-72019","post","type-post","status-publish","format-standard","has-post-thumbnail","hentry","category-destaques"],"_links":{"self":[{"href":"https:\/\/portalcatolico.net\/portal\/wp-json\/wp\/v2\/posts\/72019","targetHints":{"allow":["GET"]}}],"collection":[{"href":"https:\/\/portalcatolico.net\/portal\/wp-json\/wp\/v2\/posts"}],"about":[{"href":"https:\/\/portalcatolico.net\/portal\/wp-json\/wp\/v2\/types\/post"}],"author":[{"embeddable":true,"href":"https:\/\/portalcatolico.net\/portal\/wp-json\/wp\/v2\/users\/2"}],"replies":[{"embeddable":true,"href":"https:\/\/portalcatolico.net\/portal\/wp-json\/wp\/v2\/comments?post=72019"}],"version-history":[{"count":1,"href":"https:\/\/portalcatolico.net\/portal\/wp-json\/wp\/v2\/posts\/72019\/revisions"}],"predecessor-version":[{"id":72021,"href":"https:\/\/portalcatolico.net\/portal\/wp-json\/wp\/v2\/posts\/72019\/revisions\/72021"}],"wp:featuredmedia":[{"embeddable":true,"href":"https:\/\/portalcatolico.net\/portal\/wp-json\/wp\/v2\/media\/72022"}],"wp:attachment":[{"href":"https:\/\/portalcatolico.net\/portal\/wp-json\/wp\/v2\/media?parent=72019"}],"wp:term":[{"taxonomy":"category","embeddable":true,"href":"https:\/\/portalcatolico.net\/portal\/wp-json\/wp\/v2\/categories?post=72019"},{"taxonomy":"post_tag","embeddable":true,"href":"https:\/\/portalcatolico.net\/portal\/wp-json\/wp\/v2\/tags?post=72019"}],"curies":[{"name":"wp","href":"https:\/\/api.w.org\/{rel}","templated":true}]}}