{"id":72016,"date":"2021-04-29T14:12:06","date_gmt":"2021-04-29T17:12:06","guid":{"rendered":"http:\/\/portalcatolico.net\/portal\/?p=72016"},"modified":"2021-04-29T21:12:27","modified_gmt":"2021-04-30T00:12:27","slug":"nuncio-na-venezuela-a-presidir-beatificacao-do-medico-dos-pobres","status":"publish","type":"post","link":"https:\/\/portalcatolico.net\/portal\/nuncio-na-venezuela-a-presidir-beatificacao-do-medico-dos-pobres\/","title":{"rendered":"N\u00fancio na Venezuela a presidir beatifica\u00e7\u00e3o do &#8220;M\u00e9dico dos Pobres&#8221;"},"content":{"rendered":"<p><em>Era esperada a presen\u00e7a do cardeal Pietro Parolin para presidir a celebra\u00e7\u00e3o, visto ter sido n\u00fancio na Venezuela antes de assumir o cargo de secret\u00e1rio de Estado do Vaticano. A viagem foi cancelada devido \u00e0 pandemia de Covid-19.<\/em><\/p>\n<p>A Sala de Imprensa da Santa S\u00e9 informou nesta quarta-feira, 28, que o cardeal secret\u00e1rio de Estado, Pietro Parolin, n\u00e3o ir\u00e1 \u00e0 Venezuela, como estava previsto, para a beatifica\u00e7\u00e3o do \u201cM\u00e9dico dos Pobres\u201d na pr\u00f3xima sexta-feira. A Missa ser\u00e1 celebrada pelo n\u00fancio apost\u00f3lico no pa\u00eds, Dom Aldo Giordano.<\/p>\n<p>\u201cPor motivos de for\u00e7a maior, principalmente ligados \u00e0 pandemia de Covid-19 \u2013 diz a nota da Sala de Imprensa &#8211; o secret\u00e1rio de Estado n\u00e3o poder\u00e1 mais viajar \u00e0 Venezuela, como era seu desejo, por ocasi\u00e3o da beatifica\u00e7\u00e3o do Vener\u00e1vel Servo de Deus Jos\u00e9 Gregorio Hern\u00e1ndez, que ter\u00e1 lugar em Caracas no dia 30 deste m\u00eas\u201d.<\/p>\n<p>\u201cO cardeal Parolin \u2013 acrescenta o comunicado &#8211; assegura a sua participa\u00e7\u00e3o espiritual neste momento t\u00e3o importante para a Igreja e para todo o pa\u00eds e faz votos que ele contribua para aprofundar a f\u00e9 dos venezuelanos e a sua vida crist\u00e3, \u00e0 imita\u00e7\u00e3o do novo Beato, para enfrentar juntos a crise humanit\u00e1ria e promover uma conviv\u00eancia plural e pac\u00edfica.\u201d<\/p>\n<p>H\u00e1 muito \u00e9 aguardada a beatifica\u00e7\u00e3o deste m\u00e9dico muito estimado pelos venezuelanos pelo seu trabalho e dedica\u00e7\u00e3o aos mais pobres e a todos aqueles que dele precisavam. Foi um grande profissional m\u00e9dico, um cientista, um pensador e, sobretudo, uma fervorosa pessoa que acreditava em Deus, em quem colocou toda a sua sabedoria e sua atua\u00e7\u00e3o profissional e humana.<\/p>\n<p>Formador de v\u00e1rias gera\u00e7\u00f5es de m\u00e9dicos que seguiram seu caminho, conhecedor l\u00facido da realidade venezuelana, nunca parou diante dos desafios, por mais dif\u00edceis que fossem, mas sempre os uniu \u00e0 sua voca\u00e7\u00e3o de servi\u00e7o a Deus.<\/p>\n<p>Neste momento marcado pela pandemia de coronav\u00edrus, o an\u00fancio de sua beatifica\u00e7\u00e3o \u00e9 um instrumento para \u201cfortalecer a esperan\u00e7a\u201d que ajudar\u00e1 a Venezuela a \u201csuperar este estado de priva\u00e7\u00e3o e dificuldade que a popula\u00e7\u00e3o est\u00e1 vivendo, especialmente os mais pobres e marginalizados\u201d, afirma a Confer\u00eancia Episcopal da Venezuela.<\/p>\n<p>Somente 150 pessoas poder\u00e3o assistir \u00e0 cerim\u00f4nia de beatifica\u00e7\u00e3o do m\u00e9dico venezuelano e n\u00e3o ser\u00e1 na grandiosidade do Est\u00e1dio Ol\u00edmpico da Universidade Central da Venezuela, sua&nbsp;<em>Alma Mater<\/em>, mas na igreja do col\u00e9gio La Salle, em Caracas, local que, segundo comentou a coordenadora da Comiss\u00e3o Nacional para a Beatifica\u00e7\u00e3o, Albe P\u00e9rez, se encontra na zona da cidade onde Jos\u00e9 Gregorio Hern\u00e1ndez desenvolveu grande parte do seu trabalho como m\u00e9dico, com especial aten\u00e7\u00e3o aos mais desfavorecidos.(fecatolica)<\/p>\n","protected":false},"excerpt":{"rendered":"<p>Era esperada a presen\u00e7a do cardeal Pietro Parolin para presidir a celebra\u00e7\u00e3o, visto ter sido n\u00fancio na Venezuela antes de assumir o cargo de secret\u00e1rio de Estado do Vaticano. A viagem foi cancelada devido \u00e0 pandemia de Covid-19. A Sala de Imprensa da Santa S\u00e9 informou nesta quarta-feira, 28, que o cardeal secret\u00e1rio de Estado,&nbsp;<\/p>\n<p><a class=\"btn btn-style\" href=\"https:\/\/portalcatolico.net\/portal\/nuncio-na-venezuela-a-presidir-beatificacao-do-medico-dos-pobres\/\">Continue Reading<\/a><\/p>\n","protected":false},"author":2,"featured_media":72017,"comment_status":"open","ping_status":"open","sticky":false,"template":"","format":"standard","meta":{"footnotes":""},"categories":[4],"tags":[],"class_list":["post-72016","post","type-post","status-publish","format-standard","has-post-thumbnail","hentry","category-destaques"],"_links":{"self":[{"href":"https:\/\/portalcatolico.net\/portal\/wp-json\/wp\/v2\/posts\/72016","targetHints":{"allow":["GET"]}}],"collection":[{"href":"https:\/\/portalcatolico.net\/portal\/wp-json\/wp\/v2\/posts"}],"about":[{"href":"https:\/\/portalcatolico.net\/portal\/wp-json\/wp\/v2\/types\/post"}],"author":[{"embeddable":true,"href":"https:\/\/portalcatolico.net\/portal\/wp-json\/wp\/v2\/users\/2"}],"replies":[{"embeddable":true,"href":"https:\/\/portalcatolico.net\/portal\/wp-json\/wp\/v2\/comments?post=72016"}],"version-history":[{"count":1,"href":"https:\/\/portalcatolico.net\/portal\/wp-json\/wp\/v2\/posts\/72016\/revisions"}],"predecessor-version":[{"id":72018,"href":"https:\/\/portalcatolico.net\/portal\/wp-json\/wp\/v2\/posts\/72016\/revisions\/72018"}],"wp:featuredmedia":[{"embeddable":true,"href":"https:\/\/portalcatolico.net\/portal\/wp-json\/wp\/v2\/media\/72017"}],"wp:attachment":[{"href":"https:\/\/portalcatolico.net\/portal\/wp-json\/wp\/v2\/media?parent=72016"}],"wp:term":[{"taxonomy":"category","embeddable":true,"href":"https:\/\/portalcatolico.net\/portal\/wp-json\/wp\/v2\/categories?post=72016"},{"taxonomy":"post_tag","embeddable":true,"href":"https:\/\/portalcatolico.net\/portal\/wp-json\/wp\/v2\/tags?post=72016"}],"curies":[{"name":"wp","href":"https:\/\/api.w.org\/{rel}","templated":true}]}}