{"id":72013,"date":"2021-04-30T00:09:30","date_gmt":"2021-04-30T03:09:30","guid":{"rendered":"http:\/\/portalcatolico.net\/portal\/?p=72013"},"modified":"2021-04-29T21:09:51","modified_gmt":"2021-04-30T00:09:51","slug":"edicoes-cnbb-lanca-o-texto-base-e-os-encontros-biblicos-para-o-mes-da-biblia-2021","status":"publish","type":"post","link":"https:\/\/portalcatolico.net\/portal\/edicoes-cnbb-lanca-o-texto-base-e-os-encontros-biblicos-para-o-mes-da-biblia-2021\/","title":{"rendered":"EDI\u00c7\u00d5ES CNBB LAN\u00c7A O TEXTO-BASE E OS ENCONTROS B\u00cdBLICOS PARA O M\u00caS DA B\u00cdBLIA 2021"},"content":{"rendered":"<p>A Edi\u00e7\u00f5es CNBB acaba de publicar o texto-base e os encontros b\u00edblicos para o M\u00eas da B\u00edblia deste ano, cujo tema \u00e9 a Carta de S\u00e3o Paulo Ap\u00f3stolo aos G\u00e1latas e o lema: \u201cpois todos v\u00f3s sois um s\u00f3 em Cristo Jesus\u201d (Gl 3,28d).&nbsp;Encaminhados pela Comiss\u00e3o Episcopal Pastoral para a Anima\u00e7\u00e3o B\u00edblico-Catequ\u00e9tica da Confer\u00eancia Nacional dos Bispos do Brasil (CNBB), os dois subs\u00eddios t\u00eam o objetivo de auxiliar as comunidades e par\u00f3quias no aprofundamento b\u00edblico, na prepara\u00e7\u00e3o e viv\u00eancia do M\u00eas da B\u00edblia 2021.<\/p>\n<p>Na apresenta\u00e7\u00e3o do texto-base, o arcebispo de Curitiba (PR), presidente da Comiss\u00e3o Episcopal Pastoral para a Anima\u00e7\u00e3o B\u00edblico-Catequ\u00e9tica da Confer\u00eancia Nacional dos Bispos do Brasil,&nbsp; dom Jos\u00e9 Ant\u00f4nio Peruzzo, diz que se \u201co leitor ou leitora se mantiver atento, ser-lhe-\u00e1 poss\u00edvel encantar-se com a sua Igreja. Ver\u00e1 que problemas nunca faltaram. E que belas experi\u00eancias de f\u00e9 sempre se multiplicaram\u201d.<\/p>\n<h3>Conhe\u00e7a o autor e o caminho percorrido no texto-base<\/h3>\n<figure id=\"attachment_261266\" class=\"wp-caption alignright\" aria-describedby=\"caption-attachment-261266\"><img loading=\"lazy\" decoding=\"async\" class=\"wp-image-261266 size-medium lazyloaded\" src=\"https:\/\/eadn-wc02-718006.nxedge.io\/cdn\/wp-content\/uploads\/2021\/03\/Especialista-em-Sagrada-Escritura-227x300.jpg\" sizes=\"auto, (max-width: 227px) 100vw, 227px\" srcset=\"https:\/\/eadn-wc02-718006.nxedge.io\/cdn\/wp-content\/uploads\/2021\/03\/Especialista-em-Sagrada-Escritura-227x300.jpg 227w, https:\/\/eadn-wc02-718006.nxedge.io\/cdn\/wp-content\/uploads\/2021\/03\/Especialista-em-Sagrada-Escritura-500x661.jpg 500w, https:\/\/eadn-wc02-718006.nxedge.io\/cdn\/wp-content\/uploads\/2021\/03\/Especialista-em-Sagrada-Escritura.jpg 556w\" alt=\"\" width=\"227\" height=\"300\" data-ll-status=\"loaded\"><figcaption id=\"caption-attachment-261266\" class=\"wp-caption-text\">Professor da PUC Goi\u00e1s, Joel Ferreira, autor do texto-base do M\u00eas da B\u00edblia 2021.<\/figcaption><\/figure>\n<p>O professor titular de Ci\u00eancias da Religi\u00e3o na Pontif\u00edcia Universidade Cat\u00f3lica de Goi\u00e1s (PUC),&nbsp; autor do texto-base, Joel Ferreira, falou com o portal da CNBB sobre a publica\u00e7\u00e3o.<\/p>\n<p>Segundo ele, a Carta aos G\u00e1latas, al\u00e9m dos fortes tra\u00e7os teol\u00f3gicos e doutrinais, \u00e9 uma das melhores reflex\u00f5es b\u00edblicas sobre a liberdade humana e a for\u00e7a libertadora da f\u00e9 em Jesus Cristo. A partir do Batismo e do revestimento de Cristo, todos somos \u201cfilhos de Deus\u201d em unidade.<\/p>\n<p>Ele explica que a Carta aos G\u00e1latas aborda especialmente dois temas. O primeiro \u00e9 o&nbsp; conflito no in\u00edcio do cristianismo que envolvia judeu-crist\u00e3os e gentio-crist\u00e3os.&nbsp;\u201cOs judeus convertidos ao cristianismo queriam que os gentios guardassem duas leis: a da circuncis\u00e3o e a do puro\/impuro\u201d, explica.&nbsp;<\/p>\n<h3>Uma s\u00f3 unidade em Jesus Cristo<\/h3>\n<p>De acordo com o especialista em Sagrada Escritura, essas leis vinham da cultura e dos costumes judaicos. Ele conta que o ap\u00f3stolo Paulo ficou do lado dos gentios e enfrentou as lideran\u00e7as da Igreja para que os gentios fossem crist\u00e3os livres das amarras judaicas.<\/p>\n<blockquote><p>\u201cIsso foi resolvido num encontro em Jerusal\u00e9m, onde Pedro, Tiago e Jo\u00e3o ouviram a Paulo, Barnab\u00e9 e Tito e entraram num acordo para que os dois grupos se respeitassem e entendessem a liberdade em Cristo. O importante era terem a unidade\u201d, disse.<\/p><\/blockquote>\n<p>O segundo tema refere-se a um \u201cHino Batismal\u201d transcrito por Paulo, conhecido por outros grupos dos cristianismos origin\u00e1rios. \u201cNesse Hino se diz que todos os crist\u00e3os s\u00e3o filhos de Deus pela f\u00e9 em Jesus Cristo, porque todos foram batizados e se vestiram de Cristo. Ent\u00e3o, s\u00e3o colocadas tr\u00eas assertivas: a) n\u00e3o h\u00e1 judeu nem grego; b) n\u00e3o h\u00e1 escravo nem livre; c) n\u00e3o h\u00e1 homem e mulher; pois todos s\u00e3o UM s\u00f3 em Cristo Jesus (Gl 3,26-28)\u201d, explica.<\/p>\n<p>De acordo com o professor, essas tr\u00eas afirmativas ser\u00e3o o foco mais forte do m\u00eas da B\u00edblia porque abordam, dentro das comunidades, as quest\u00f5es de etnias (ra\u00e7as) e religi\u00f5es, o problema das contradi\u00e7\u00f5es sociais e, por fim, a quest\u00f5es relacionadas \u00e0s mulheres.&nbsp;\u201cA proposta do m\u00eas da B\u00edblia \u00e9 que as comunidades possam superar as contradi\u00e7\u00f5es porque todos formam uma s\u00f3 (unidade) em Jesus Cristo\u201d, apontou.<\/p>\n<p><strong>Edi\u00e7\u00f5es CNBB:<\/strong><\/p>\n<p>O texto-base e os encontros b\u00edblicos sobre a Carta aos G\u00e1latas, subs\u00eddios preparat\u00f3rios ao M\u00eas da B\u00edblia 2021, podem ser encontrados no site da Edi\u00e7\u00f5es CNBB&nbsp; no link que segue:&nbsp;<a href=\"https:\/\/www.edicoescnbb.com.br\/\" target=\"_blank\" rel=\"noopener\">www.edicoescnbb.org.br<\/a><\/p>\n","protected":false},"excerpt":{"rendered":"<p>A Edi\u00e7\u00f5es CNBB acaba de publicar o texto-base e os encontros b\u00edblicos para o M\u00eas da B\u00edblia deste ano, cujo tema \u00e9 a Carta de S\u00e3o Paulo Ap\u00f3stolo aos G\u00e1latas e o lema: \u201cpois todos v\u00f3s sois um s\u00f3 em Cristo Jesus\u201d (Gl 3,28d).&nbsp;Encaminhados pela Comiss\u00e3o Episcopal Pastoral para a Anima\u00e7\u00e3o B\u00edblico-Catequ\u00e9tica da Confer\u00eancia Nacional&nbsp;<\/p>\n<p><a class=\"btn btn-style\" href=\"https:\/\/portalcatolico.net\/portal\/edicoes-cnbb-lanca-o-texto-base-e-os-encontros-biblicos-para-o-mes-da-biblia-2021\/\">Continue Reading<\/a><\/p>\n","protected":false},"author":2,"featured_media":72014,"comment_status":"open","ping_status":"open","sticky":false,"template":"","format":"standard","meta":{"footnotes":""},"categories":[4],"tags":[],"class_list":["post-72013","post","type-post","status-publish","format-standard","has-post-thumbnail","hentry","category-destaques"],"_links":{"self":[{"href":"https:\/\/portalcatolico.net\/portal\/wp-json\/wp\/v2\/posts\/72013","targetHints":{"allow":["GET"]}}],"collection":[{"href":"https:\/\/portalcatolico.net\/portal\/wp-json\/wp\/v2\/posts"}],"about":[{"href":"https:\/\/portalcatolico.net\/portal\/wp-json\/wp\/v2\/types\/post"}],"author":[{"embeddable":true,"href":"https:\/\/portalcatolico.net\/portal\/wp-json\/wp\/v2\/users\/2"}],"replies":[{"embeddable":true,"href":"https:\/\/portalcatolico.net\/portal\/wp-json\/wp\/v2\/comments?post=72013"}],"version-history":[{"count":1,"href":"https:\/\/portalcatolico.net\/portal\/wp-json\/wp\/v2\/posts\/72013\/revisions"}],"predecessor-version":[{"id":72015,"href":"https:\/\/portalcatolico.net\/portal\/wp-json\/wp\/v2\/posts\/72013\/revisions\/72015"}],"wp:featuredmedia":[{"embeddable":true,"href":"https:\/\/portalcatolico.net\/portal\/wp-json\/wp\/v2\/media\/72014"}],"wp:attachment":[{"href":"https:\/\/portalcatolico.net\/portal\/wp-json\/wp\/v2\/media?parent=72013"}],"wp:term":[{"taxonomy":"category","embeddable":true,"href":"https:\/\/portalcatolico.net\/portal\/wp-json\/wp\/v2\/categories?post=72013"},{"taxonomy":"post_tag","embeddable":true,"href":"https:\/\/portalcatolico.net\/portal\/wp-json\/wp\/v2\/tags?post=72013"}],"curies":[{"name":"wp","href":"https:\/\/api.w.org\/{rel}","templated":true}]}}