{"id":72010,"date":"2021-04-29T12:05:30","date_gmt":"2021-04-29T15:05:30","guid":{"rendered":"http:\/\/portalcatolico.net\/portal\/?p=72010"},"modified":"2021-04-29T21:05:45","modified_gmt":"2021-04-30T00:05:45","slug":"comissao-para-a-liturgia-disponibiliza-roteiro-para-o-dia-de-sao-jose-operario","status":"publish","type":"post","link":"https:\/\/portalcatolico.net\/portal\/comissao-para-a-liturgia-disponibiliza-roteiro-para-o-dia-de-sao-jose-operario\/","title":{"rendered":"COMISS\u00c3O PARA A LITURGIA DISPONIBILIZA ROTEIRO PARA O DIA DE S\u00c3O JOS\u00c9 OPER\u00c1RIO"},"content":{"rendered":"<p>Por ocasi\u00e3o do Ano de S\u00e3o Jos\u00e9, convocado pelo Papa Francisco, a Comiss\u00e3o Episcopal Pastoral para a Liturgia da Confer\u00eancia Nacional dos Bispos do Brasil (CNBB) disponibilizou o roteiro Celebrar em Fam\u00edlia para a Mem\u00f3ria Facultativa de S\u00e3o Jos\u00e9 Oper\u00e1rio, celebrada no Dia dos Trabalhadores, 1\u00ba de maio.<\/p>\n<blockquote><p>\u201cVivendo o Ano de S\u00e3o Jos\u00e9, com alegria e entusiasmo, temos a oportunidade de celebr\u00e1-lo neste dia especial, com o t\u00edtulo de Oper\u00e1rio. \u2018S\u00e3o Jos\u00e9 era um carpinteiro que trabalhou honestamente para garantir o sustento da sua fam\u00edlia. Com ele, Jesus aprendeu o valor, a dignidade e a alegria do que significa comer o p\u00e3o fruto do pr\u00f3prio trabalho\u2019, nos afirma o Papa Francisco na Patris Corde. Recordamos hoje, tantas pessoas que necessitam de uma oportunidade de trabalho, bem como, daqueles que nem sempre tem sua dignidade e direitos respeitados\u201d, motiva a comiss\u00e3o.(CNBB)<\/p><\/blockquote>\n<p><a href=\"https:\/\/www.cnbb.org.br\/wp-content\/uploads\/2021\/04\/30-Celebrar-em-Fami%CC%81lia-Sa%CC%83o-Jose%CC%81-Operario-1.pdf\">BAIXE O ROTEIRO E CELEBRE EM FAM\u00cdLIA O DIA DE S\u00c3O JOS\u00c9 OPER\u00c1RIO<\/a><\/p>\n","protected":false},"excerpt":{"rendered":"<p>Por ocasi\u00e3o do Ano de S\u00e3o Jos\u00e9, convocado pelo Papa Francisco, a Comiss\u00e3o Episcopal Pastoral para a Liturgia da Confer\u00eancia Nacional dos Bispos do Brasil (CNBB) disponibilizou o roteiro Celebrar em Fam\u00edlia para a Mem\u00f3ria Facultativa de S\u00e3o Jos\u00e9 Oper\u00e1rio, celebrada no Dia dos Trabalhadores, 1\u00ba de maio. \u201cVivendo o Ano de S\u00e3o Jos\u00e9, com&nbsp;<\/p>\n<p><a class=\"btn btn-style\" href=\"https:\/\/portalcatolico.net\/portal\/comissao-para-a-liturgia-disponibiliza-roteiro-para-o-dia-de-sao-jose-operario\/\">Continue Reading<\/a><\/p>\n","protected":false},"author":2,"featured_media":72011,"comment_status":"open","ping_status":"open","sticky":false,"template":"","format":"standard","meta":{"footnotes":""},"categories":[3],"tags":[],"class_list":["post-72010","post","type-post","status-publish","format-standard","has-post-thumbnail","hentry","category-noticias_regionais"],"_links":{"self":[{"href":"https:\/\/portalcatolico.net\/portal\/wp-json\/wp\/v2\/posts\/72010","targetHints":{"allow":["GET"]}}],"collection":[{"href":"https:\/\/portalcatolico.net\/portal\/wp-json\/wp\/v2\/posts"}],"about":[{"href":"https:\/\/portalcatolico.net\/portal\/wp-json\/wp\/v2\/types\/post"}],"author":[{"embeddable":true,"href":"https:\/\/portalcatolico.net\/portal\/wp-json\/wp\/v2\/users\/2"}],"replies":[{"embeddable":true,"href":"https:\/\/portalcatolico.net\/portal\/wp-json\/wp\/v2\/comments?post=72010"}],"version-history":[{"count":1,"href":"https:\/\/portalcatolico.net\/portal\/wp-json\/wp\/v2\/posts\/72010\/revisions"}],"predecessor-version":[{"id":72012,"href":"https:\/\/portalcatolico.net\/portal\/wp-json\/wp\/v2\/posts\/72010\/revisions\/72012"}],"wp:featuredmedia":[{"embeddable":true,"href":"https:\/\/portalcatolico.net\/portal\/wp-json\/wp\/v2\/media\/72011"}],"wp:attachment":[{"href":"https:\/\/portalcatolico.net\/portal\/wp-json\/wp\/v2\/media?parent=72010"}],"wp:term":[{"taxonomy":"category","embeddable":true,"href":"https:\/\/portalcatolico.net\/portal\/wp-json\/wp\/v2\/categories?post=72010"},{"taxonomy":"post_tag","embeddable":true,"href":"https:\/\/portalcatolico.net\/portal\/wp-json\/wp\/v2\/tags?post=72010"}],"curies":[{"name":"wp","href":"https:\/\/api.w.org\/{rel}","templated":true}]}}