{"id":72007,"date":"2021-04-29T21:01:49","date_gmt":"2021-04-30T00:01:49","guid":{"rendered":"http:\/\/portalcatolico.net\/portal\/?p=72007"},"modified":"2021-04-29T21:03:49","modified_gmt":"2021-04-30T00:03:49","slug":"os-30-santuarios-que-participam-das-oracoes-de-maio-pelo-fim-da-pandemia","status":"publish","type":"post","link":"https:\/\/portalcatolico.net\/portal\/os-30-santuarios-que-participam-das-oracoes-de-maio-pelo-fim-da-pandemia\/","title":{"rendered":"Os 30 Santu\u00e1rios que participam das ora\u00e7\u00f5es de maio pelo fim da pandemia"},"content":{"rendered":"<div class=\"article__subTitle\">O Papa Francisco participar\u00e1 da ora\u00e7\u00e3o do Ter\u00e7o no primeiro e no \u00faltimo dia do m\u00eas de maio em 30 Santu\u00e1rios de todo o mundo. O Ter\u00e7o com os fi\u00e9is ser\u00e1 para invocar o fim da pandemia e pela retomada das atividades sociais e de trabalho. No dia 6 de maio as ora\u00e7\u00f5es ser\u00e3o no Santu\u00e1rio de Aparecida com as inten\u00e7\u00f5es dedicadas aos jovens.<\/div>\n<div>&nbsp;<\/div>\n<div>Segundo o forte desejo do Santo Padre, o m\u00eas de maio ser\u00e1 dedicado a uma &#8220;maratona&#8221; de ora\u00e7\u00e3o para invocar o fim da pandemia, que aflige o mundo h\u00e1 mais de um ano, e para a retomada das atividades sociais e de trabalho. O Papa Francisco quis envolver todos os Santu\u00e1rios do mundo nesta iniciativa, para que se tornassem instrumentos para uma ora\u00e7\u00e3o de toda a Igreja. A iniciativa est\u00e1 sendo realizada \u00e0 luz da express\u00e3o b\u00edblica: &#8220;De toda a Igreja subia incessantemente a ora\u00e7\u00e3o a Deus&#8221; (At 12,5).<\/div>\n<div class=\"title__separator\">\n<p>O Pontif\u00edcio Conselho para a Promo\u00e7\u00e3o da Nova Evangeliza\u00e7\u00e3o, encarregado pelo Papa de organizar o evento, estendeu o convite a todos os Santu\u00e1rios do mundo, a fim de promover a difus\u00e3o da iniciativa nas respectivas Regi\u00f5es, de modo a chegar aos sacerdotes, \u00e0s fam\u00edlias e a todos os fi\u00e9is, convidando-os a unir-se a esta ora\u00e7\u00e3o de intercess\u00e3o e esperan\u00e7a \u00e0 Sant\u00edssima Virgem. Com a ora\u00e7\u00e3o do Ter\u00e7o, cada dia do m\u00eas \u00e9 marcado por uma inten\u00e7\u00e3o de ora\u00e7\u00e3o pelas diversas categorias de pessoas mais afetadas pelo drama da pandemia: por aqueles que n\u00e3o puderam se despedir de seus entes queridos, pelos profissionais da sa\u00fade, pelos pobres, pelos sem-teto e pelas pessoas com dificuldades econ\u00f4micas e por todos os falecidos&#8230; estas s\u00e3o algumas das inten\u00e7\u00f5es que marcar\u00e3o a ora\u00e7\u00e3o a Nossa Senhora.<\/p>\n<p><b>Pelo fim da pandemia e retomada da vida<\/b><\/p>\n<p>Cada Santu\u00e1rio do mundo \u00e9 convidado a rezar na maneira e na linguagem em que a tradi\u00e7\u00e3o local se expressa, a invocar a retomada da vida social, do trabalho e das muitas atividades humanas que foram suspensas durante a pandemia. Este chamado comunit\u00e1rio procura realizar uma ora\u00e7\u00e3o cont\u00ednua, distribu\u00edda pelos meridianos do mundo, que se eleva incessantemente de toda a Igreja ao Pai atrav\u00e9s da intercess\u00e3o da Virgem Maria. Por esta raz\u00e3o, os Santu\u00e1rios s\u00e3o chamados a promover e solicitar o m\u00e1ximo poss\u00edvel a participa\u00e7\u00e3o do povo, para que todos possam dedicar um momento \u00e0 ora\u00e7\u00e3o di\u00e1ria, no carro, na rua, com o smartphone e gra\u00e7as \u00e0s tecnologias de comunica\u00e7\u00e3o, pelo fim da pandemia e a retomada das atividades sociais e de trabalho.<\/p>\n<p><b>Abertura na Capela Gregoriana da Bas\u00edlica Vaticana<\/b><\/p>\n<p>O Santo Padre abrir\u00e1 e concluir\u00e1 a ora\u00e7\u00e3o, juntamente com os fi\u00e9is de todo o mundo, a partir de dois locais significativos dentro do Estado da Cidade do Vaticano. Em 1\u00ba de maio, o Papa Francisco rezar\u00e1 junto ao \u00edcone de Nossa Senhora do Socorro, j\u00e1 venerado no s\u00e9culo VII, retratado em um afresco acima do altar de S\u00e3o Le\u00e3o, perto do transepto sul da primitiva Bas\u00edlica do Vaticano, colocado mais tarde, onde se encontra at\u00e9 hoje, dentro da nova Bas\u00edlica de S\u00e3o Pedro em constru\u00e7\u00e3o, pelo Papa Greg\u00f3rio XIII em 1578, na Capela Gregoriana, onde, al\u00e9m disso, s\u00e3o guardadas as rel\u00edquias de S\u00e3o Greg\u00f3rio de Nazianzo, Doutor e Pai da Igreja. Em 2013, durante o Ano da F\u00e9, o \u00edcone foi submetido a uma nova restaura\u00e7\u00e3o. Como foi a primeira restaura\u00e7\u00e3o realizada no pontificado do Papa Francisco, na \u00e9poca rec\u00e9m-eleito, foram gravadas as palavras SVCCVRRE NOS e FRANCISCVS PP. A. I., confiando assim o Papa \u00e0 Virgem do Socorro.<\/p>\n<p><b>Conclus\u00e3o nos Jardins do Vaticano<\/b><\/p>\n<p>Na ocasi\u00e3o, o Santo Padre aben\u00e7oar\u00e1 os Ter\u00e7os especiais utilizados especificamente para este evento, que ser\u00e3o ent\u00e3o enviados aos trinta Santu\u00e1rios diretamente envolvidos. V\u00e1rias fam\u00edlias das par\u00f3quias de Roma e regi\u00e3o participar\u00e3o da ora\u00e7\u00e3o e da leitura, juntamente com jovens representantes dos Novos Movimentos de Evangeliza\u00e7\u00e3o. Enquanto que em 31 de maio o Papa Francisco concluir\u00e1 a ora\u00e7\u00e3o a partir de um lugar significativo no Jardim do Vaticano, do qual ser\u00e3o dadas mais informa\u00e7\u00f5es. Ambos os momentos ser\u00e3o acess\u00edveis \u00e0s pessoas surdas e com dificuldade de audi\u00e7\u00e3o atrav\u00e9s da tradu\u00e7\u00e3o para a l\u00edngua dos sinais.<\/p>\n<p><b>Os 30 Santu\u00e1rios<\/b><\/p>\n<p>Estes s\u00e3o os trinta Santu\u00e1rios representativos, espalhados pelo mundo, que foram escolhidos para dirigir a ora\u00e7\u00e3o mariana em um dia do m\u00eas. S\u00e3o os seguintes: &nbsp;Nossa Senhora de Walsingham na Inglaterra; Jesus o Salvador e M\u00e3e Maria na Nig\u00e9ria; Nossa Senhora de Cz\u0119stochowa na Pol\u00f4nia; Bas\u00edlica da Anuncia\u00e7\u00e3o em Nazar\u00e9; Nossa Senhora do Ros\u00e1rio na Cor\u00e9ia do Sul; Nossa Senhora Aparecida no Brasil; Nossa Senhora da Paz e Boa Viagem nas Filipinas; Nossa Senhora de Lujan na Argentina; Santa Casa di Loreto na It\u00e1lia; Nossa Senhora de Knock na Irlanda; Virgem dos Pobres em Banneux na B\u00e9lgica; Mary&#8217;s Cathedral na Austr\u00e1lia; Imaculada Concei\u00e7\u00e3o nos Estados Unidos; Nossa Senhora de Lourdes na Fran\u00e7a; Meryem Ana na Turquia; Nuestra Se\u00f1ora de la Caridad del Cobre em Cuba; Nossa Senhora de Nagasaki no Jap\u00e3o; Nuestra Se\u00f1ora de Montserrat na Espanha; Notre Dame du Cap no Canad\u00e1; Santu\u00e1rio Nacional Nossa Senhora Ta&#8217; Pinu em Malta; Nuestra Se\u00f1ora de Guadalupe no M\u00e9xico; M\u00e3e de Deus em Zarvantysia na Ucr\u00e2nia; Virgem Negra de Alt\u00f6tting na Alemanha; Nossa Senhora do L\u00edbano; Nossa Senhora do Santo Ros\u00e1rio de Pompeia na It\u00e1lia.<\/p>\n<p>A ora\u00e7\u00e3o em cada um desses Santu\u00e1rios ser\u00e1 transmitida pelos canais oficiais da Santa S\u00e9, seguindo o hor\u00e1rio de Roma, \u00e0s 18:00 horas. Foi preparado um breve subs\u00eddio lit\u00fargico para fornecer algumas indica\u00e7\u00f5es \u00fateis para compartilhar este momento com a pr\u00f3pria comunidade. O subs\u00eddio em italiano, ingl\u00eas e espanhol pode ser baixado do site do Conselho Pontif\u00edcio para a Promo\u00e7\u00e3o da Nova Evangeliza\u00e7\u00e3o (pcpne.va).<\/p>\n<p><a href=\"http:\/\/www.pcpne.va\/content\/dam\/pcpne\/pdf\/Eventi\/rosario2021\/Lista%20Santuarios%20Espa%C3%B1ol.pdf\" target=\"_blank\" rel=\"external noopener\">Lista dos Santu\u00e1rios, data e inten\u00e7\u00e3o de Ora\u00e7\u00e3o<\/a><\/p>\n<\/div>\n<div class=\"article__text \">\n<p><b>Fonte:Vatican News<\/b><\/p>\n<\/div>\n","protected":false},"excerpt":{"rendered":"<p>O Papa Francisco participar\u00e1 da ora\u00e7\u00e3o do Ter\u00e7o no primeiro e no \u00faltimo dia do m\u00eas de maio em 30 Santu\u00e1rios de todo o mundo. O Ter\u00e7o com os fi\u00e9is ser\u00e1 para invocar o fim da pandemia e pela retomada das atividades sociais e de trabalho. No dia 6 de maio as ora\u00e7\u00f5es ser\u00e3o no&nbsp;<\/p>\n<p><a class=\"btn btn-style\" href=\"https:\/\/portalcatolico.net\/portal\/os-30-santuarios-que-participam-das-oracoes-de-maio-pelo-fim-da-pandemia\/\">Continue Reading<\/a><\/p>\n","protected":false},"author":2,"featured_media":72008,"comment_status":"open","ping_status":"open","sticky":false,"template":"","format":"standard","meta":{"footnotes":""},"categories":[5],"tags":[],"class_list":["post-72007","post","type-post","status-publish","format-standard","has-post-thumbnail","hentry","category-igreja_no_mundo"],"_links":{"self":[{"href":"https:\/\/portalcatolico.net\/portal\/wp-json\/wp\/v2\/posts\/72007","targetHints":{"allow":["GET"]}}],"collection":[{"href":"https:\/\/portalcatolico.net\/portal\/wp-json\/wp\/v2\/posts"}],"about":[{"href":"https:\/\/portalcatolico.net\/portal\/wp-json\/wp\/v2\/types\/post"}],"author":[{"embeddable":true,"href":"https:\/\/portalcatolico.net\/portal\/wp-json\/wp\/v2\/users\/2"}],"replies":[{"embeddable":true,"href":"https:\/\/portalcatolico.net\/portal\/wp-json\/wp\/v2\/comments?post=72007"}],"version-history":[{"count":1,"href":"https:\/\/portalcatolico.net\/portal\/wp-json\/wp\/v2\/posts\/72007\/revisions"}],"predecessor-version":[{"id":72009,"href":"https:\/\/portalcatolico.net\/portal\/wp-json\/wp\/v2\/posts\/72007\/revisions\/72009"}],"wp:featuredmedia":[{"embeddable":true,"href":"https:\/\/portalcatolico.net\/portal\/wp-json\/wp\/v2\/media\/72008"}],"wp:attachment":[{"href":"https:\/\/portalcatolico.net\/portal\/wp-json\/wp\/v2\/media?parent=72007"}],"wp:term":[{"taxonomy":"category","embeddable":true,"href":"https:\/\/portalcatolico.net\/portal\/wp-json\/wp\/v2\/categories?post=72007"},{"taxonomy":"post_tag","embeddable":true,"href":"https:\/\/portalcatolico.net\/portal\/wp-json\/wp\/v2\/tags?post=72007"}],"curies":[{"name":"wp","href":"https:\/\/api.w.org\/{rel}","templated":true}]}}