{"id":72004,"date":"2021-04-27T20:34:36","date_gmt":"2021-04-27T23:34:36","guid":{"rendered":"http:\/\/portalcatolico.net\/portal\/?p=72004"},"modified":"2021-04-27T20:34:36","modified_gmt":"2021-04-27T23:34:36","slug":"paroquia-em-itabuna-comemora-40-anos-de-existencia","status":"publish","type":"post","link":"https:\/\/portalcatolico.net\/portal\/paroquia-em-itabuna-comemora-40-anos-de-existencia\/","title":{"rendered":"Par\u00f3quia em Itabuna comemora 40 anos de exist\u00eancia"},"content":{"rendered":"<p class=\"page-header-title clr\"><strong>PAR\u00d3QUIA NOSSA SENHORA DA CONCEI\u00c7\u00c3O \u2013 FERRADAS COMPLETA 40 ANOS DE CRIA\u00c7\u00c3O CAN\u00d4NICA<\/strong><\/p>\n<p>comemorados no dia 21 de abril de 2021. O texto a seguir mostra um pouco dessa linda hist\u00f3ria de f\u00e9 e devo\u00e7\u00e3o.<\/p>\n<p>\u2013 Em 21 de abril de 1981 foi criada canonicamente a Par\u00f3quia Nossa Senhora da Concei\u00e7\u00e3o, situada no bairro Ferradas, pelo ent\u00e3o Bispo Diocesano Dom Eliseu Maria Gomes.<br \/>\nAo longo destes quarenta anos, a Par\u00f3quia vivenciou muitos fatos marcantes, muitos por aqui passaram e deixaram sua marca, materialmente e principalmente de modo espiritual no cora\u00e7\u00e3o de cada paroquiano.<\/p>\n<p>Rendemos gra\u00e7as a Deus pelos padres passionistas, que muito contribu\u00edram com a nossa Par\u00f3quia, entre eles Padre Pedro, Padre M\u00e1rio, Padre Luide, Padre Carmo e o ent\u00e3o Pe. Tommaso, hoje, Bispo da Igreja.<br \/>\nDa mesma forma aos padres diocesanos que por aqui passaram: Padre Andrade, Monsenhor Moiz\u00e9s, Padre Manoel Carlos, Monsenhor Osmar, Padre Roque, Padre Jos\u00e9, Padre Hugo e tantos outros sacerdotes que por aqui passaram.<br \/>\nNosso atual p\u00e1roco Jos\u00e9 Roberto, que demonstra em palavras e atitudes todo o amor por nossa comunidade.<\/p>\n<p>N\u00e3o podemos nos esquecer dos nossos queridos leigos, imensamente importantes para a nossa par\u00f3quia, os quais sintam-se representados aqui por duas pessoas especiais, como Dona Yeda Sodr\u00e9 e Dona Dulce Cardoso (in memorian), atrav\u00e9s das quais pedimos a prote\u00e7\u00e3o da Sant\u00edssima Virgem a todos os nossos irm\u00e3os e irm\u00e3s, que todos os dias mostraram e mostram sua dedica\u00e7\u00e3o, amor e cuidado por nossa Par\u00f3quia.<\/p>\n<p>Durante este longo do tempo, crescemos, nos desenvolvemos, e demos frutos, e hoje somos compostos por sete comunidades: S\u00e3o Jos\u00e9 Oper\u00e1rio no Condom\u00ednio S\u00e3o Jos\u00e9, S\u00e3o Miguel Arcanjo nos Condom\u00ednios Jubiab\u00e1 e Gabriela, Santo Ant\u00f4nio em Itamarac\u00e1, S\u00e3o Paulo da Cruz em Nova Ferradas, Nossa Senhora Aparecida em Ro\u00e7a do Povo, Bom Jesus na Rua de Palha e Senhora Santana na Fazenda Boa Senten\u00e7a, cumprindo desta forma, a vontade do Senhor para nossa comunidade, \u201cIde e pregai o evangelho a toda criatura\u201d.<\/p>\n<p>Gostar\u00edamos de poder citar cada etapa, cada evolu\u00e7\u00e3o, nossa constru\u00e7\u00e3o, nossas reformas, nossas pastorais reformuladas e fundadas. Mas, mais do que n\u00f3s, O Senhor Jesus Cristo sabe dos desejos do nosso cora\u00e7\u00e3o para esta amada Par\u00f3quia, nossos agradecimentos a Ele por ter nos dado for\u00e7a e coragem at\u00e9 aqui.<br \/>\nE pedimos, chuva de gra\u00e7as a Deus, para que conserve em nosso cora\u00e7\u00e3o esta garra, para sermos cada vez mais Igreja, em unidade.<\/p>\n<p>Rogamos tamb\u00e9m, a Nossa Imaculada Concei\u00e7\u00e3o, que estes anos possam se tornar muitos outros, espalhando a paz de Deus e principalmente o seu espelho de serva fiel ao Senhor.<\/p>\n<p>Que hoje e sempre tenhamos a mente e o cora\u00e7\u00e3o abertos para aquilo que Deus nos chama e possamos responder a cada dia: \u201cAonde mandar eu irei\u201d. Que o zelo por tua casa sempre possa nos consumir.<br \/>\nDeus nos aben\u00e7oe.<\/p>\n<p>Viva Nossa Igreja!<br \/>\nViva Nossa Par\u00f3quia!<br \/>\nViva a Imaculada Concei\u00e7\u00e3o!<br \/>\nViva Jesus Cristo!! \u2013<\/p>\n<p>(Texto e v\u00eddeo produzidos pela Pascom \u2013 Pastoral da Comunica\u00e7\u00e3o da Par\u00f3quia Nossa Senhora da Concei\u00e7\u00e3o de Ferradas). Diocese de Itabuna(BA)<\/p>\n<p><iframe loading=\"lazy\"  id=\"_ytid_42868\"  width=\"480\" height=\"270\"  data-origwidth=\"480\" data-origheight=\"270\" src=\"https:\/\/www.youtube.com\/embed\/lUXmnJQAErc?enablejsapi=1&#038;autoplay=0&#038;cc_load_policy=0&#038;cc_lang_pref=&#038;iv_load_policy=1&#038;loop=0&#038;rel=1&#038;fs=1&#038;playsinline=0&#038;autohide=2&#038;theme=dark&#038;color=red&#038;controls=1&#038;disablekb=0&#038;\" class=\"__youtube_prefs__  epyt-is-override  no-lazyload\" title=\"YouTube player\"  allow=\"fullscreen; accelerometer; autoplay; clipboard-write; encrypted-media; gyroscope; picture-in-picture; web-share\" referrerpolicy=\"strict-origin-when-cross-origin\" allowfullscreen data-no-lazy=\"1\" data-skipgform_ajax_framebjll=\"\"><\/iframe><\/p>\n","protected":false},"excerpt":{"rendered":"<p>PAR\u00d3QUIA NOSSA SENHORA DA CONCEI\u00c7\u00c3O \u2013 FERRADAS COMPLETA 40 ANOS DE CRIA\u00c7\u00c3O CAN\u00d4NICA comemorados no dia 21 de abril de 2021. O texto a seguir mostra um pouco dessa linda hist\u00f3ria de f\u00e9 e devo\u00e7\u00e3o. \u2013 Em 21 de abril de 1981 foi criada canonicamente a Par\u00f3quia Nossa Senhora da Concei\u00e7\u00e3o, situada no bairro Ferradas,&nbsp;<\/p>\n<p><a class=\"btn btn-style\" href=\"https:\/\/portalcatolico.net\/portal\/paroquia-em-itabuna-comemora-40-anos-de-existencia\/\">Continue Reading<\/a><\/p>\n","protected":false},"author":2,"featured_media":72005,"comment_status":"open","ping_status":"open","sticky":false,"template":"","format":"standard","meta":{"footnotes":""},"categories":[4],"tags":[],"class_list":["post-72004","post","type-post","status-publish","format-standard","has-post-thumbnail","hentry","category-destaques"],"_links":{"self":[{"href":"https:\/\/portalcatolico.net\/portal\/wp-json\/wp\/v2\/posts\/72004","targetHints":{"allow":["GET"]}}],"collection":[{"href":"https:\/\/portalcatolico.net\/portal\/wp-json\/wp\/v2\/posts"}],"about":[{"href":"https:\/\/portalcatolico.net\/portal\/wp-json\/wp\/v2\/types\/post"}],"author":[{"embeddable":true,"href":"https:\/\/portalcatolico.net\/portal\/wp-json\/wp\/v2\/users\/2"}],"replies":[{"embeddable":true,"href":"https:\/\/portalcatolico.net\/portal\/wp-json\/wp\/v2\/comments?post=72004"}],"version-history":[{"count":1,"href":"https:\/\/portalcatolico.net\/portal\/wp-json\/wp\/v2\/posts\/72004\/revisions"}],"predecessor-version":[{"id":72006,"href":"https:\/\/portalcatolico.net\/portal\/wp-json\/wp\/v2\/posts\/72004\/revisions\/72006"}],"wp:featuredmedia":[{"embeddable":true,"href":"https:\/\/portalcatolico.net\/portal\/wp-json\/wp\/v2\/media\/72005"}],"wp:attachment":[{"href":"https:\/\/portalcatolico.net\/portal\/wp-json\/wp\/v2\/media?parent=72004"}],"wp:term":[{"taxonomy":"category","embeddable":true,"href":"https:\/\/portalcatolico.net\/portal\/wp-json\/wp\/v2\/categories?post=72004"},{"taxonomy":"post_tag","embeddable":true,"href":"https:\/\/portalcatolico.net\/portal\/wp-json\/wp\/v2\/tags?post=72004"}],"curies":[{"name":"wp","href":"https:\/\/api.w.org\/{rel}","templated":true}]}}