{"id":72000,"date":"2021-04-26T20:12:31","date_gmt":"2021-04-26T23:12:31","guid":{"rendered":"http:\/\/portalcatolico.net\/portal\/?p=72000"},"modified":"2021-04-26T20:12:53","modified_gmt":"2021-04-26T23:12:53","slug":"papa-francisco-sacerdocio-nao-e-carreira-e-servico","status":"publish","type":"post","link":"https:\/\/portalcatolico.net\/portal\/papa-francisco-sacerdocio-nao-e-carreira-e-servico\/","title":{"rendered":"Papa Francisco: sacerd\u00f3cio n\u00e3o \u00e9 carreira, \u00e9 servi\u00e7o"},"content":{"rendered":"<div class=\"article__subTitle\">No 58\u00ba Dia Mundial de Ora\u00e7\u00e3o pelas Voca\u00e7\u00f5es, Francisco presidiu a Missa com a ordena\u00e7\u00e3o sacerdotal de nove di\u00e1conos na Bas\u00edlica de S\u00e3o Pedro. Ele recomendou aos novos sacerdotes viver o estilo de Deus de proximidade, compaix\u00e3o e ternura, recordando que o sacerd\u00f3cio &#8220;n\u00e3o \u00e9 uma carreira, mas um servi\u00e7o&#8221;.<\/div>\n<div>&nbsp;<\/div>\n<div>No Altar da Confiss\u00e3o da Bas\u00edlica de S\u00e3o Pedro, o Papa Francisco conferiu o minist\u00e9rio sacerdotal a nove di\u00e1conos, na presen\u00e7a de v\u00e1rias centenas de fi\u00e9is, todos usando m\u00e1scaras, incluindo os novos ordenandos. Concelebraram o cardeal Angelo De Donatis, vig\u00e1rio geral do Papa para a Diocese de Roma, Dom Gianpiero Palmieri, vice-regente de Roma, alguns cardeais, bispos auxiliares, superiores dos semin\u00e1rios onde os novos sacerdotes foram formados \u200b\u200be os p\u00e1rocos dos ordenandos.<\/div>\n<div class=\"title__separator\">\n<p><strong>Sacerd\u00f3cio n\u00e3o \u00e9 uma carreira, \u00e9 um servi\u00e7o<\/strong><\/p>\n<p>O Papa, em uma homilia proferida de forma espont\u00e2nea, convidou os novos sacerdotes a serem pastores, como o Senhor, \u201c\u00e9 isso o que ele quer de voc\u00eas: pastores. Pastores do Santo povo fiel de Deus. Pastores que v\u00e3o com o povo de Deus: \u00e0s vezes na frente, no meio, atr\u00e1s do rebanho, mas sempre ali, com o povo de Deus&#8221;, repetiu Francisco, que convidou a superar a linguagem de um tempo que fala de \u201ccarreira eclesi\u00e1stica\u201d. \u201cIsto n\u00e3o \u00e9 uma carreira: \u00e9 um servi\u00e7o, um servi\u00e7o como o mesmo que Deus fez ao seu povo\u201d, afirmou.<\/p>\n<p><strong>Proximidade, compaix\u00e3o, ternura<\/strong><\/p>\n<p>Estas s\u00e3o as tr\u00eas palavras que distinguem o estilo de Deus e que o Papa as examina detalhadamente, entregando aos novos sacerdotes a imita\u00e7\u00e3o desse estilo. Ele se det\u00e9m em particular nas quatro declina\u00e7\u00f5es de proximidade: com Deus, na ora\u00e7\u00e3o, nos Sacramentos, na Missa.<\/p>\n<p>\u201cFalar com o Senhor, estar pr\u00f3ximo do Senhor\u201d, esta \u00e9 a preocupa\u00e7\u00e3o do Papa, que recorda que o Senhor se fez pr\u00f3ximo de n\u00f3s em seu Filho. E que esteve pr\u00f3ximo no caminho de discernimento vocacional dos ordenandos, \u201cmesmo nos maus momentos do pecado: ele estava l\u00e1. Proximidade. Estejam pr\u00f3ximos do santo povo fiel de Deus, mas antes de tudo perto de Deus, com a ora\u00e7\u00e3o\u201d. E diz: \u201cUm sacerdote que n\u00e3o reza lentamente apaga o fogo do Esp\u00edrito em seu interior\u201d.<\/p>\n<p><strong>Sejam colaboradores do bispo<\/strong><\/p>\n<p>\u201cNo bispo tereis a unidade\u201d, esta \u00e9 a principal raz\u00e3o pela qual \u00e9 importante permanecer firme com o seu bispo. \u201cV\u00f3s sois colaboradores do bispo\u201d, diz o Papa, que recorda um epis\u00f3dio de muito tempo atr\u00e1s: \u201cUm sacerdote teve a infelicidade &#8211; digamos assim &#8211; de me fazer escorregar. A primeira coisa que tive em mente foi chamar o bispo. Mesmo nos momentos dif\u00edceis, chama o bispo para estar perto dele\u201d. O Papa sublinha a paternidade espiritual do bispo, a quem se confiar com humildade.<\/p>\n<p><strong>N\u00e3o cair na fofoca<\/strong><\/p>\n<p>O Papa sugeriu um prop\u00f3sito para este dia: nunca falar pelas costas de um irm\u00e3o sacerdote. \u201cSe voc\u00eas tiverem alguma coisa contra o outro &#8211; disse Francisco &#8211; sejam homens (&#8230;), v\u00e3o l\u00e1 e digam na frente\u201d. E&nbsp;enfatizou mais uma vez a nunca falar pelas costas. \u201cN\u00e3o sejam fofoqueiros. N\u00e3o caiam na fofoca\u201d e recomendou a unidade: no Conselho Episcopal, nas comiss\u00f5es, no trabalho.<\/p>\n<p><strong>Sacerdotes de povo, n\u00e3o cl\u00e9rigos de Estado<\/strong><\/p>\n<p>\u201cNenhum de voc\u00eas estudou para se tornar sacerdote. Voc\u00eas estudaram ci\u00eancias eclesi\u00e1sticas\u201d, continou Francisco, dirigindo-se novamente aos ordenandos. \u201cVoc\u00eas foram eleitos, tirados do povo de Deus\u201d. E cita as palavras do Senhor a Davi: &#8220;Eu te tirei de tr\u00e1s do rebanho&#8221;. Ent\u00e3o, convida a n\u00e3o se esquecerem de onde vieram: \u201cde sua fam\u00edlia, de seu povo. N\u00e3o percam o faro do povo de Deus\u201d.<\/p>\n<p>O Santo Padre tamb\u00e9m cita o ap\u00f3stolo Paulo que disse a Tim\u00f3teo para se lembrar de sua m\u00e3e, sua av\u00f3, das pr\u00f3prias origens. &nbsp;O autor da Carta aos Hebreus diz: \u00abLembrai-vos daqueles que vos introduziram na f\u00e9\u00bb. Francisco deixa com clareza este convite: \u201cSejam sacerdotes de povo, n\u00e3o cl\u00e9rigos de Estado!\u201d.<\/p>\n<p><strong>N\u00e3o fechar o cora\u00e7\u00e3o aos problemas das pessoas<\/strong><\/p>\n<p>O Papa exorta os sacerdotes a &#8220;perderem tempo ouvindo e consolando&#8221;, e a serem dispensadores do perd\u00e3o de Deus, que nunca se cansa de perdoar. Usar a \u201cterna compaix\u00e3o, de fam\u00edlia, de pai, que faz sentir que tu est\u00e1s na casa de Deus\u201d: \u00e9 o estilo que o Papa deseja aos padres, na recomenda\u00e7\u00e3o de n\u00e3o serem \u201cgalgadores\u201d, perseguindo o orgulho do dinheiro. \u201cSacerdotes, n\u00e3o empres\u00e1rios\u201d, repete o Pont\u00edfice, convidando-os a n\u00e3o terem medo: \u201cSe tiverem o estilo de Deus, tudo ir\u00e1 bem\u201d.<\/p>\n<\/div>\n<div class=\"article__text \">\n<p><b>Por Antonella Palermo \/Vatican News<\/b><\/p>\n<\/div>\n","protected":false},"excerpt":{"rendered":"<p>No 58\u00ba Dia Mundial de Ora\u00e7\u00e3o pelas Voca\u00e7\u00f5es, Francisco presidiu a Missa com a ordena\u00e7\u00e3o sacerdotal de nove di\u00e1conos na Bas\u00edlica de S\u00e3o Pedro. Ele recomendou aos novos sacerdotes viver o estilo de Deus de proximidade, compaix\u00e3o e ternura, recordando que o sacerd\u00f3cio &#8220;n\u00e3o \u00e9 uma carreira, mas um servi\u00e7o&#8221;. &nbsp; No Altar da Confiss\u00e3o&nbsp;<\/p>\n<p><a class=\"btn btn-style\" href=\"https:\/\/portalcatolico.net\/portal\/papa-francisco-sacerdocio-nao-e-carreira-e-servico\/\">Continue Reading<\/a><\/p>\n","protected":false},"author":2,"featured_media":72001,"comment_status":"open","ping_status":"open","sticky":false,"template":"","format":"standard","meta":{"footnotes":""},"categories":[5],"tags":[],"class_list":["post-72000","post","type-post","status-publish","format-standard","has-post-thumbnail","hentry","category-igreja_no_mundo"],"_links":{"self":[{"href":"https:\/\/portalcatolico.net\/portal\/wp-json\/wp\/v2\/posts\/72000","targetHints":{"allow":["GET"]}}],"collection":[{"href":"https:\/\/portalcatolico.net\/portal\/wp-json\/wp\/v2\/posts"}],"about":[{"href":"https:\/\/portalcatolico.net\/portal\/wp-json\/wp\/v2\/types\/post"}],"author":[{"embeddable":true,"href":"https:\/\/portalcatolico.net\/portal\/wp-json\/wp\/v2\/users\/2"}],"replies":[{"embeddable":true,"href":"https:\/\/portalcatolico.net\/portal\/wp-json\/wp\/v2\/comments?post=72000"}],"version-history":[{"count":2,"href":"https:\/\/portalcatolico.net\/portal\/wp-json\/wp\/v2\/posts\/72000\/revisions"}],"predecessor-version":[{"id":72003,"href":"https:\/\/portalcatolico.net\/portal\/wp-json\/wp\/v2\/posts\/72000\/revisions\/72003"}],"wp:featuredmedia":[{"embeddable":true,"href":"https:\/\/portalcatolico.net\/portal\/wp-json\/wp\/v2\/media\/72001"}],"wp:attachment":[{"href":"https:\/\/portalcatolico.net\/portal\/wp-json\/wp\/v2\/media?parent=72000"}],"wp:term":[{"taxonomy":"category","embeddable":true,"href":"https:\/\/portalcatolico.net\/portal\/wp-json\/wp\/v2\/categories?post=72000"},{"taxonomy":"post_tag","embeddable":true,"href":"https:\/\/portalcatolico.net\/portal\/wp-json\/wp\/v2\/tags?post=72000"}],"curies":[{"name":"wp","href":"https:\/\/api.w.org\/{rel}","templated":true}]}}