{"id":71997,"date":"2021-04-25T23:40:05","date_gmt":"2021-04-26T02:40:05","guid":{"rendered":"http:\/\/portalcatolico.net\/portal\/?p=71997"},"modified":"2021-04-26T20:00:38","modified_gmt":"2021-04-26T23:00:38","slug":"terco-dos-homens-celebra-11-anos-de-evangelizacao-em-itabuna","status":"publish","type":"post","link":"https:\/\/portalcatolico.net\/portal\/terco-dos-homens-celebra-11-anos-de-evangelizacao-em-itabuna\/","title":{"rendered":"Ter\u00e7o dos Homens celebra 11 anos de evangeliza\u00e7\u00e3o em Itabuna"},"content":{"rendered":"<p>O movimento do Ter\u00e7o dos Homens da Par\u00f3quia Santa Rita de C\u00e1ssia na cidade e diocese de Itabuna, no sul da Bahia, completou neste s\u00e1bado, 24 de abril, 11 anos de evangeliza\u00e7\u00e3o.&nbsp; O movimento cat\u00f3lico foi criado em 1914, na Alemanha e chegou ao Brasil em 1950.<br \/>\nConhe\u00e7a um pouca a hist\u00f3ria do Ter\u00e7o dos Homens tudo quando come\u00e7ou no exterior e no Brasil:<br \/>\n<a href=\"https:\/\/blog.cancaonova.com\/tododemaria\/o-terco-dos-homens-e-a-devocao-a-nossa-senhora\/\" target=\"_blank\" rel=\"noopener noreferrer\">https:\/\/blog.cancaonova.com\/tododemaria\/o-terco-dos-homens-e-a-devocao-a-nossa-senhora\/<\/a><br \/>\nOs Homens do Ter\u00e7o da par\u00f3quia Santa Rita de Cassia se re\u00fane todos os s\u00e1bados sempre, \u00e0s 17h e, em seguida, participam da Santa Missa, que teve in\u00edcio \u00e0s 18h, com a presid\u00eancia do Pe. Frei Fernando. Neste s\u00e1bado, os Homens do Ter\u00e7o da Igreja Matriz e de outras par\u00f3quias de Itabuna, participaram dos onze anos com a reza do Santo Ter\u00e7o e da Santa Missa.<br \/>\nNo final da Celebra\u00e7\u00e3o, um dos membros convidou os Homens da Par\u00f3quia e de outras pastorais para fazer parte&nbsp; do movimento do ter\u00e7o dos Homens.<br \/>\nNossa Senhora se alegra quando um homem reza o ter\u00e7o. Confira neste link, no final da santa Missa a mensagem a Ter\u00e7o dos Homens.<br \/>\n<a href=\"https:\/\/www.youtube.com\/watch?v=d1C6enKAzik\" target=\"_blank\" rel=\"noopener noreferrer\">https:\/\/www.youtube.com\/watch?v=d1C6enKAzik<\/a><\/p>\n","protected":false},"excerpt":{"rendered":"<p>O movimento do Ter\u00e7o dos Homens da Par\u00f3quia Santa Rita de C\u00e1ssia na cidade e diocese de Itabuna, no sul da Bahia, completou neste s\u00e1bado, 24 de abril, 11 anos de evangeliza\u00e7\u00e3o.&nbsp; O movimento cat\u00f3lico foi criado em 1914, na Alemanha e chegou ao Brasil em 1950. Conhe\u00e7a um pouca a hist\u00f3ria do Ter\u00e7o dos&nbsp;<\/p>\n<p><a class=\"btn btn-style\" href=\"https:\/\/portalcatolico.net\/portal\/terco-dos-homens-celebra-11-anos-de-evangelizacao-em-itabuna\/\">Continue Reading<\/a><\/p>\n","protected":false},"author":2,"featured_media":71998,"comment_status":"open","ping_status":"open","sticky":false,"template":"","format":"standard","meta":{"footnotes":""},"categories":[4],"tags":[],"class_list":["post-71997","post","type-post","status-publish","format-standard","has-post-thumbnail","hentry","category-destaques"],"_links":{"self":[{"href":"https:\/\/portalcatolico.net\/portal\/wp-json\/wp\/v2\/posts\/71997","targetHints":{"allow":["GET"]}}],"collection":[{"href":"https:\/\/portalcatolico.net\/portal\/wp-json\/wp\/v2\/posts"}],"about":[{"href":"https:\/\/portalcatolico.net\/portal\/wp-json\/wp\/v2\/types\/post"}],"author":[{"embeddable":true,"href":"https:\/\/portalcatolico.net\/portal\/wp-json\/wp\/v2\/users\/2"}],"replies":[{"embeddable":true,"href":"https:\/\/portalcatolico.net\/portal\/wp-json\/wp\/v2\/comments?post=71997"}],"version-history":[{"count":1,"href":"https:\/\/portalcatolico.net\/portal\/wp-json\/wp\/v2\/posts\/71997\/revisions"}],"predecessor-version":[{"id":71999,"href":"https:\/\/portalcatolico.net\/portal\/wp-json\/wp\/v2\/posts\/71997\/revisions\/71999"}],"wp:featuredmedia":[{"embeddable":true,"href":"https:\/\/portalcatolico.net\/portal\/wp-json\/wp\/v2\/media\/71998"}],"wp:attachment":[{"href":"https:\/\/portalcatolico.net\/portal\/wp-json\/wp\/v2\/media?parent=71997"}],"wp:term":[{"taxonomy":"category","embeddable":true,"href":"https:\/\/portalcatolico.net\/portal\/wp-json\/wp\/v2\/categories?post=71997"},{"taxonomy":"post_tag","embeddable":true,"href":"https:\/\/portalcatolico.net\/portal\/wp-json\/wp\/v2\/tags?post=71997"}],"curies":[{"name":"wp","href":"https:\/\/api.w.org\/{rel}","templated":true}]}}