{"id":71991,"date":"2021-04-25T14:25:12","date_gmt":"2021-04-25T17:25:12","guid":{"rendered":"http:\/\/portalcatolico.net\/portal\/?p=71991"},"modified":"2021-04-25T14:30:05","modified_gmt":"2021-04-25T17:30:05","slug":"acompanhe-o-bate-papo-virtual-sobre-familia-e-saude-mental","status":"publish","type":"post","link":"https:\/\/portalcatolico.net\/portal\/acompanhe-o-bate-papo-virtual-sobre-familia-e-saude-mental\/","title":{"rendered":"Acompanhe o bate-papo virtual sobre fam\u00edlia e sa\u00fade mental"},"content":{"rendered":"<div>A Pastoral Familiar e o Encontro de Casais com Cristo da Diocese de Itabuna convidam para um bate-papo com a psic\u00f3loga cl\u00ednica M\u00e1rcia Caliman Margotto.<\/div>\n<div>O Encontro vai ser transmitido no canal do <strong><a href=\"https:\/\/www.youtube.com\/watch?v=TbaOblvsnGo\">Youtube<\/a>,<\/strong> no dia 26, \u00e0s 19h30.<\/div>\n<p>O tema a ser debatido \u00e9: &#8221; Fam\u00edlia e sa\u00fade mental&#8221;.<\/p>\n","protected":false},"excerpt":{"rendered":"<p>A Pastoral Familiar e o Encontro de Casais com Cristo da Diocese de Itabuna convidam para um bate-papo com a psic\u00f3loga cl\u00ednica M\u00e1rcia Caliman Margotto. O Encontro vai ser transmitido no canal do Youtube, no dia 26, \u00e0s 19h30. O tema a ser debatido \u00e9: &#8221; Fam\u00edlia e sa\u00fade mental&#8221;.<\/p>\n","protected":false},"author":2,"featured_media":71992,"comment_status":"open","ping_status":"open","sticky":false,"template":"","format":"standard","meta":{"footnotes":""},"categories":[4],"tags":[],"class_list":["post-71991","post","type-post","status-publish","format-standard","has-post-thumbnail","hentry","category-destaques"],"_links":{"self":[{"href":"https:\/\/portalcatolico.net\/portal\/wp-json\/wp\/v2\/posts\/71991","targetHints":{"allow":["GET"]}}],"collection":[{"href":"https:\/\/portalcatolico.net\/portal\/wp-json\/wp\/v2\/posts"}],"about":[{"href":"https:\/\/portalcatolico.net\/portal\/wp-json\/wp\/v2\/types\/post"}],"author":[{"embeddable":true,"href":"https:\/\/portalcatolico.net\/portal\/wp-json\/wp\/v2\/users\/2"}],"replies":[{"embeddable":true,"href":"https:\/\/portalcatolico.net\/portal\/wp-json\/wp\/v2\/comments?post=71991"}],"version-history":[{"count":4,"href":"https:\/\/portalcatolico.net\/portal\/wp-json\/wp\/v2\/posts\/71991\/revisions"}],"predecessor-version":[{"id":71996,"href":"https:\/\/portalcatolico.net\/portal\/wp-json\/wp\/v2\/posts\/71991\/revisions\/71996"}],"wp:featuredmedia":[{"embeddable":true,"href":"https:\/\/portalcatolico.net\/portal\/wp-json\/wp\/v2\/media\/71992"}],"wp:attachment":[{"href":"https:\/\/portalcatolico.net\/portal\/wp-json\/wp\/v2\/media?parent=71991"}],"wp:term":[{"taxonomy":"category","embeddable":true,"href":"https:\/\/portalcatolico.net\/portal\/wp-json\/wp\/v2\/categories?post=71991"},{"taxonomy":"post_tag","embeddable":true,"href":"https:\/\/portalcatolico.net\/portal\/wp-json\/wp\/v2\/tags?post=71991"}],"curies":[{"name":"wp","href":"https:\/\/api.w.org\/{rel}","templated":true}]}}