{"id":71987,"date":"2021-04-27T10:30:23","date_gmt":"2021-04-27T13:30:23","guid":{"rendered":"http:\/\/portalcatolico.net\/portal\/?p=71987"},"modified":"2021-04-26T20:01:47","modified_gmt":"2021-04-26T23:01:47","slug":"fieis-de-itabuna-aguardam-festa-de-nossa-senhora-de-fatima","status":"publish","type":"post","link":"https:\/\/portalcatolico.net\/portal\/fieis-de-itabuna-aguardam-festa-de-nossa-senhora-de-fatima\/","title":{"rendered":"Fieis de Itabuna aguardam festa de Nossa Senhora de F\u00e1tima"},"content":{"rendered":"<p>Nossa Senhora de F\u00e1tima, padroeira do bairro de Fatima na cidade e diocese de Itabuna, no sul da Bahia, dar\u00e1 n\u00edcio a sua festa, no dia 03 de maio, e a programa\u00e7\u00e3o ser\u00e1 finalizada dia 13, dia festivo em homenagem \u00e0 Santa.<br \/>\nA par\u00f3quia Nossa Senhora de F\u00e1tima, fica situada na Avenida Juracy Magalh\u00e3es, no bairro que tem nome em homenagem a Santa (Nossa Senhora F\u00e1tima).<br \/>\n&nbsp;A festa da padroeira este ano ser\u00e1 muito especial, pois a par\u00f3quia est\u00e1 comemorando os 50 anos de evangeliza\u00e7\u00e3o.<\/p>\n<p><strong>O tema da festa \u00e9: &#8220;Maria, passa \u00e0 frente e protege os filhos teus.&#8221; <\/strong><\/p>\n<p>Devido as restri\u00e7\u00f5es dos \u00d3rg\u00e3os de Sa\u00fade de combate ao coronav\u00edrus, a par\u00f3quia em suas redes socias, chama aten\u00e7\u00e3o dos paroquianos e devotos da santa, para a programa\u00e7\u00e3o:<br \/>\n&nbsp;Para participar presencialmente, ter\u00e1 que agendar na secretaria paroquial em hor\u00e1rio comercial;<br \/>\nTodas as celebra\u00e7\u00f5es da novena come\u00e7ar\u00e3o \u00e0s 18h e ser\u00e3o transmitidas via youtube da Par\u00f3quia;<\/p>\n<p><strong>Todos os dias da novena, \u00e0s 7h, haver\u00e1 Santa Missa presencial na Matriz;<\/strong><br \/>\nNo dia 03\/05, ser\u00e1 o louvorz\u00e3o pelas ruas do bairro;<br \/>\nDe 04 a 12\/05 ser\u00e1 a novena com padres convidados da Diocese de Itabuna;<br \/>\nNo dia 13\/05 acontece a grande festa da padroeira com a presen\u00e7a do Bispo diocesano, Dom Carlos Alberto dos Santos.<br \/>\nDe 04 a 12\/05, acontece a quermesse, que ser\u00e1 em forma de drive thru, com card\u00e1pio variado, feito por agendamento.<br \/>\nFiquem atento \u00e0s redes sociais e site da par\u00f3quia para acompanhamento do evento.<br \/>\nFacebook: <a href=\"http:\/\/paroquiadefatimaitabuna\">paroquiadefatimaitabuna<\/a><br \/>\nSite: <a href=\"http:\/\/paroquiadefatimaitabuna.com.br\">paroquiadefatimaitabuna.com.br<\/a><\/p>\n","protected":false},"excerpt":{"rendered":"<p>Nossa Senhora de F\u00e1tima, padroeira do bairro de Fatima na cidade e diocese de Itabuna, no sul da Bahia, dar\u00e1 n\u00edcio a sua festa, no dia 03 de maio, e a programa\u00e7\u00e3o ser\u00e1 finalizada dia 13, dia festivo em homenagem \u00e0 Santa. A par\u00f3quia Nossa Senhora de F\u00e1tima, fica situada na Avenida Juracy Magalh\u00e3es, no&nbsp;<\/p>\n<p><a class=\"btn btn-style\" href=\"https:\/\/portalcatolico.net\/portal\/fieis-de-itabuna-aguardam-festa-de-nossa-senhora-de-fatima\/\">Continue Reading<\/a><\/p>\n","protected":false},"author":2,"featured_media":71988,"comment_status":"open","ping_status":"open","sticky":false,"template":"","format":"standard","meta":{"footnotes":""},"categories":[1],"tags":[],"class_list":["post-71987","post","type-post","status-publish","format-standard","has-post-thumbnail","hentry","category-agenda"],"_links":{"self":[{"href":"https:\/\/portalcatolico.net\/portal\/wp-json\/wp\/v2\/posts\/71987","targetHints":{"allow":["GET"]}}],"collection":[{"href":"https:\/\/portalcatolico.net\/portal\/wp-json\/wp\/v2\/posts"}],"about":[{"href":"https:\/\/portalcatolico.net\/portal\/wp-json\/wp\/v2\/types\/post"}],"author":[{"embeddable":true,"href":"https:\/\/portalcatolico.net\/portal\/wp-json\/wp\/v2\/users\/2"}],"replies":[{"embeddable":true,"href":"https:\/\/portalcatolico.net\/portal\/wp-json\/wp\/v2\/comments?post=71987"}],"version-history":[{"count":2,"href":"https:\/\/portalcatolico.net\/portal\/wp-json\/wp\/v2\/posts\/71987\/revisions"}],"predecessor-version":[{"id":71990,"href":"https:\/\/portalcatolico.net\/portal\/wp-json\/wp\/v2\/posts\/71987\/revisions\/71990"}],"wp:featuredmedia":[{"embeddable":true,"href":"https:\/\/portalcatolico.net\/portal\/wp-json\/wp\/v2\/media\/71988"}],"wp:attachment":[{"href":"https:\/\/portalcatolico.net\/portal\/wp-json\/wp\/v2\/media?parent=71987"}],"wp:term":[{"taxonomy":"category","embeddable":true,"href":"https:\/\/portalcatolico.net\/portal\/wp-json\/wp\/v2\/categories?post=71987"},{"taxonomy":"post_tag","embeddable":true,"href":"https:\/\/portalcatolico.net\/portal\/wp-json\/wp\/v2\/tags?post=71987"}],"curies":[{"name":"wp","href":"https:\/\/api.w.org\/{rel}","templated":true}]}}