{"id":71984,"date":"2021-04-24T20:43:50","date_gmt":"2021-04-24T23:43:50","guid":{"rendered":"http:\/\/portalcatolico.net\/portal\/?p=71984"},"modified":"2021-04-24T20:43:50","modified_gmt":"2021-04-24T23:43:50","slug":"devocao-a-nossa-senhora-aparecida-inspira-vocacoes-sacerdotais-e-religiosas","status":"publish","type":"post","link":"https:\/\/portalcatolico.net\/portal\/devocao-a-nossa-senhora-aparecida-inspira-vocacoes-sacerdotais-e-religiosas\/","title":{"rendered":"Devo\u00e7\u00e3o a Nossa Senhora Aparecida inspira voca\u00e7\u00f5es sacerdotais e religiosas"},"content":{"rendered":"<p><em>Amor \u00e0 Padroeira motiva voca\u00e7\u00f5es de padres e irm\u00e3s. Entre eles, de tr\u00eas poss\u00edveis santos brasileiros<\/em><\/p>\n<p>A Igreja Cat\u00f3lica celebra, no pr\u00f3ximo domingo (25), o 58\u00ba Dia Mundial de Ora\u00e7\u00e3o pelas Voca\u00e7\u00f5es. A data, que coincide com o Domingo do Bom Pastor, como \u00e9 chamado o quarto domingo ap\u00f3s a P\u00e1scoa, \u00e9 dedicada \u00e0 reflex\u00e3o e s\u00faplica a Deus em favor das voca\u00e7\u00f5es sacerdotais e religiosas.<\/p>\n<p>Na hist\u00f3ria da devo\u00e7\u00e3o \u00e0 Nossa Senhora Aparecida, diversas s\u00e3o as pessoas que descobriram sua voca\u00e7\u00e3o visitando a Padroeira do Brasil ou acompanhando as celebra\u00e7\u00f5es da Bas\u00edlica pelos meios de comunica\u00e7\u00e3o. Entre os Mission\u00e1rios Redentoristas, respons\u00e1veis pelo atendimento aos peregrinos no Santu\u00e1rio Nacional, n\u00e3o \u00e9 dif\u00edcil encontrar testemunhos vocacionais motivados pela a\u00e7\u00e3o evangelizadora do Santu\u00e1rio.<\/p>\n<p>Foi ainda crian\u00e7a que o mission\u00e1rio redentorista, padre Domingos S\u00e1vio da Silva, sentiu o chamado sacerdotal. \u201cMinha voca\u00e7\u00e3o nasce pela R\u00e1dio Aparecida. O que me chamava muita aten\u00e7\u00e3o era o programa do padre Galv\u00e3o, chamado de Marreta na Bigorna. Era muito pol\u00eamico, porque quando algu\u00e9m falava mal da Igreja ele vinha marretar com uma catequese correta\u201d, recorda o sacerdote.<\/p>\n<p>Inspirado pelas prega\u00e7\u00f5es que ouvia pela r\u00e1dio, padre Domingos entrou no Semin\u00e1rio Redentorista em 1960, sendo ordenado sacerdote em 1975. O religioso exerceu seu minist\u00e9rio presbiteral em diversas localidades do Brasil e fora dele.<\/p>\n<p>Trabalhando hoje na pastoral do Santu\u00e1rio Nacional, ele se recorda do despertar de sua voca\u00e7\u00e3o e aconselha: \u201cN\u00e3o tenham medo de alimentar uma voca\u00e7\u00e3o para a vida religiosa ou para o sacerd\u00f3cio\u201d.<\/p>\n<p>Desde crian\u00e7a, a presen\u00e7a da Virgem Aparecida marcou a vida do mission\u00e1rio redentorista, padre Reinaldo Benjamin. \u201cEu tinha uma Nossa Senhora pequeninha e rezava fazendo pequenos altares e colocando flores para ela, cantando \u2018M\u00e3ezinha do C\u00e9u\u2019\u201d, recorda o sacerdote.<\/p>\n<p>Auxiliando na Comunidade Nossa Senhora Aparecida, em sua cidade natal, Bom Repouso (MG), teve sua voca\u00e7\u00e3o ainda mais despertada. A decis\u00e3o se fortaleceu quando lia uma das publica\u00e7\u00f5es do Santu\u00e1rio Nacional.<\/p>\n<p>\u201cLendo a Revista de Aparecida, encontrei o convite para ser Mission\u00e1rio Redentorista. A partir da\u00ed, resolvi dar este passo a mais para n\u00e3o ser mission\u00e1rio na minha Comunidade, mas ir al\u00e9m\u201d, afirma o sacerdote, ordenado em julho de 2017.<\/p>\n<p>Santas Voca\u00e7\u00f5es &#8211; A devo\u00e7\u00e3o \u00e0 Padroeira tamb\u00e9m inspirou a vida e a voca\u00e7\u00e3o de brasileiros que se encontram a caminho dos altares. Em Aparecida (SP), o Servo de Deus padre Vitor Coelho de Almeida, \u00e9 exemplo da a\u00e7\u00e3o de Nossa Senhora na voca\u00e7\u00e3o.<\/p>\n<p>Enviado ao Semin\u00e1rio contra sua vontade, o jovem Vitor Coelho, de personalidade forte e desobediente, estava prestes a voltar para sua casa quando sentiu que deveria ficar e ser sacerdote. Foi ele mesmo quem contou esta narrativa, atribuindo a Nossa Senhora Aparecida seu processo de convers\u00e3o e sua escolha vocacional naquele momento decisivo. \u201cSou filho da Miseric\u00f3rdia de Deus. Ele me tirou do lodo, de l\u00e1 de baixo, para me colocar em alto na voca\u00e7\u00e3o sacerdotal\u201d, afirmava.<\/p>\n<p>Seu minist\u00e9rio foi marcado pelas transmiss\u00f5es de grande audi\u00eancia na R\u00e1dio Aparecida, pela dissemina\u00e7\u00e3o da devo\u00e7\u00e3o a Nossa Senhora Aparecida e profundo zelo \u00e0s voca\u00e7\u00f5es por meio da catequese. Com fama de santidade, morreu em 21 de julho de 1987. Dez anos depois, em 1997, o sacerdote redentorista teve sua Causa de Beatifica\u00e7\u00e3o aberta, recebendo o t\u00edtulo de Servo de Deus.<\/p>\n<p>Outro sacerdote que tamb\u00e9m deve sua voca\u00e7\u00e3o \u00e0 Padroeira do Brasil \u00e9 o Beato padre Donizetti Tavares de Lima. Famoso por sua devo\u00e7\u00e3o \u00e0 Nossa Senhora Aparecida, o religioso de Tamba\u00fa (SP), beatificado em 2019, devia a ela sua voca\u00e7\u00e3o.<\/p>\n<p>\u201cEu tinha a voca\u00e7\u00e3o gra\u00e7as \u00e0 ora\u00e7\u00e3o a Nossa Senhora, porque tive um encontro esclarecedor com o Bispo e, no entanto, foi precisamente a\u00ed que Nossa Senhora me ajudou a ver claramente qual devia ser a minha miss\u00e3o\u201d, afirmava.<\/p>\n<p>Tamb\u00e9m a caminho dos altares, Madre Tereza Margarida, iniciou sua caminhada vocacional rezando na Capela do Sant\u00edssimo da Bas\u00edlica Velha. Foi ali que a religiosa sentiu no seu cora\u00e7\u00e3o o chamado de Deus.<\/p>\n<p>\u201cA voca\u00e7\u00e3o da Serva de Deus nasceu na Casa de Nossa Senhora Aparecida, quando ela veio visitar a Imagem com sua fam\u00edlia. Ela nutria uma devo\u00e7\u00e3o muito grande e esta devo\u00e7\u00e3o foi passada para n\u00f3s, suas filhas espirituais\u201d, ressalta a irm\u00e3 Maria Elisabeth da Trindade, que vive no Convento Carmelita de Tr\u00eas Pontas (MG), fundado por Madre Tereza.<\/p>\n<p>A religiosa nutriu a devo\u00e7\u00e3o \u00e0 Virgem Aparecida at\u00e9 o dia 14 de novembro de 2005, quando morreu em fama de santidade no Carmelo mineiro. Em mar\u00e7o de 2012, seu processo de beatifica\u00e7\u00e3o foi aberto, e encontra-se em andamento.<\/p>\n<p>O milagre da voca\u00e7\u00e3o \u2013 Na Sala das Promessas da Bas\u00edlica, ex-votos testemunham a intercess\u00e3o mariana na voca\u00e7\u00e3o de sacerdotes, bispos e religiosas. No espa\u00e7o, uma vitrine apresenta paramentos religiosos, convites de ordena\u00e7\u00e3o, cartas e outros objetos que demonstram, de forma vis\u00edvel, o agradecimento pelo milagre da voca\u00e7\u00e3o, frutificado no servi\u00e7o a Deus e \u00e0 Igreja.<\/p>\n<p><em>Fonte: Santu\u00e1rio Nacional de Aparecida(SP)<br \/>\n(Foto: Thiago Leon \/ A12)<\/em><\/p>\n","protected":false},"excerpt":{"rendered":"<p>Amor \u00e0 Padroeira motiva voca\u00e7\u00f5es de padres e irm\u00e3s. Entre eles, de tr\u00eas poss\u00edveis santos brasileiros A Igreja Cat\u00f3lica celebra, no pr\u00f3ximo domingo (25), o 58\u00ba Dia Mundial de Ora\u00e7\u00e3o pelas Voca\u00e7\u00f5es. A data, que coincide com o Domingo do Bom Pastor, como \u00e9 chamado o quarto domingo ap\u00f3s a P\u00e1scoa, \u00e9 dedicada \u00e0 reflex\u00e3o&nbsp;<\/p>\n<p><a class=\"btn btn-style\" href=\"https:\/\/portalcatolico.net\/portal\/devocao-a-nossa-senhora-aparecida-inspira-vocacoes-sacerdotais-e-religiosas\/\">Continue Reading<\/a><\/p>\n","protected":false},"author":2,"featured_media":71985,"comment_status":"open","ping_status":"open","sticky":false,"template":"","format":"standard","meta":{"footnotes":""},"categories":[3],"tags":[],"class_list":["post-71984","post","type-post","status-publish","format-standard","has-post-thumbnail","hentry","category-noticias_regionais"],"_links":{"self":[{"href":"https:\/\/portalcatolico.net\/portal\/wp-json\/wp\/v2\/posts\/71984","targetHints":{"allow":["GET"]}}],"collection":[{"href":"https:\/\/portalcatolico.net\/portal\/wp-json\/wp\/v2\/posts"}],"about":[{"href":"https:\/\/portalcatolico.net\/portal\/wp-json\/wp\/v2\/types\/post"}],"author":[{"embeddable":true,"href":"https:\/\/portalcatolico.net\/portal\/wp-json\/wp\/v2\/users\/2"}],"replies":[{"embeddable":true,"href":"https:\/\/portalcatolico.net\/portal\/wp-json\/wp\/v2\/comments?post=71984"}],"version-history":[{"count":1,"href":"https:\/\/portalcatolico.net\/portal\/wp-json\/wp\/v2\/posts\/71984\/revisions"}],"predecessor-version":[{"id":71986,"href":"https:\/\/portalcatolico.net\/portal\/wp-json\/wp\/v2\/posts\/71984\/revisions\/71986"}],"wp:featuredmedia":[{"embeddable":true,"href":"https:\/\/portalcatolico.net\/portal\/wp-json\/wp\/v2\/media\/71985"}],"wp:attachment":[{"href":"https:\/\/portalcatolico.net\/portal\/wp-json\/wp\/v2\/media?parent=71984"}],"wp:term":[{"taxonomy":"category","embeddable":true,"href":"https:\/\/portalcatolico.net\/portal\/wp-json\/wp\/v2\/categories?post=71984"},{"taxonomy":"post_tag","embeddable":true,"href":"https:\/\/portalcatolico.net\/portal\/wp-json\/wp\/v2\/tags?post=71984"}],"curies":[{"name":"wp","href":"https:\/\/api.w.org\/{rel}","templated":true}]}}