{"id":71981,"date":"2021-04-24T20:41:03","date_gmt":"2021-04-24T23:41:03","guid":{"rendered":"http:\/\/portalcatolico.net\/portal\/?p=71981"},"modified":"2021-04-24T20:42:04","modified_gmt":"2021-04-24T23:42:04","slug":"dom-estevam-dos-santos-celebra-missa-de-criacao-da-quase-paroquia-bom-pastor-na-diocese-de-ruy-barbosa-ba","status":"publish","type":"post","link":"https:\/\/portalcatolico.net\/portal\/dom-estevam-dos-santos-celebra-missa-de-criacao-da-quase-paroquia-bom-pastor-na-diocese-de-ruy-barbosa-ba\/","title":{"rendered":"Dom Estevam dos Santos celebra missa de Cria\u00e7\u00e3o da Quase Par\u00f3quia Bom Pastor na Diocese de Ruy Barbosa (BA)"},"content":{"rendered":"<p><em>A Quase-par\u00f3quia ser\u00e1 administrada pelo Reitor do Semin\u00e1rio Maior, Pe. Carlos Mar\u00e7al<\/em><\/p>\n<p>A Missa de Cria\u00e7\u00e3o da Quase-par\u00f3quia Bom Pastor acontece neste domingo (25),&nbsp;\u00e0s 09h, na Comunidade de Pau Ferro.&nbsp;A Celebra\u00e7\u00e3o Eucar\u00edstica ser\u00e1 presidida por Dom Estevam, e contar\u00e1 com a participa\u00e7\u00e3o do Semin\u00e1rio Bom Pastor e de representantes de todas as comunidades que far\u00e3o parte da nova Quase-par\u00f3quia.<\/p>\n<p>A Quase-par\u00f3quia ser\u00e1 administrada pelo Reitor do Semin\u00e1rio Maior, Pe. Carlos Mar\u00e7al, e contar\u00e1 com a colabora\u00e7\u00e3o dos seminaristas da diocese.<\/p>\n<p>A celebra\u00e7\u00e3o poder\u00e1 ser acompanhada atrav\u00e9s das redes sociais da Diocese: Facebook (<strong><a href=\"https:\/\/www.facebook.com\/DioceseRuiBarbosaBa\">@dioceseruibarbosaba<\/a><\/strong>)&nbsp;e Instagram (<strong><a href=\"https:\/\/www.instagram.com\/diocesederuybarbosa\/\">@diocesederuybarbosa<\/a><\/strong>). (fecatolica)&nbsp; &nbsp; &nbsp; &nbsp; &nbsp; &nbsp; &nbsp; &nbsp; &nbsp; &nbsp; &nbsp; &nbsp; &nbsp; &nbsp; &nbsp; &nbsp; &nbsp; &nbsp; &nbsp; &nbsp; &nbsp; &nbsp; &nbsp; &nbsp; &nbsp; &nbsp; &nbsp; &nbsp; &nbsp; &nbsp; &nbsp; &nbsp; &nbsp; &nbsp; &nbsp; &nbsp; &nbsp; &nbsp; &nbsp; &nbsp; &nbsp; &nbsp; &nbsp; &nbsp; &nbsp; &nbsp; &nbsp; &nbsp; &nbsp; &nbsp; &nbsp; &nbsp; &nbsp; &nbsp; &nbsp;Foto: Divulga\u00e7\u00e3o \/ Arquidiocese de Salvador<\/p>\n<p>&nbsp;<\/p>\n","protected":false},"excerpt":{"rendered":"<p>A Quase-par\u00f3quia ser\u00e1 administrada pelo Reitor do Semin\u00e1rio Maior, Pe. Carlos Mar\u00e7al A Missa de Cria\u00e7\u00e3o da Quase-par\u00f3quia Bom Pastor acontece neste domingo (25),&nbsp;\u00e0s 09h, na Comunidade de Pau Ferro.&nbsp;A Celebra\u00e7\u00e3o Eucar\u00edstica ser\u00e1 presidida por Dom Estevam, e contar\u00e1 com a participa\u00e7\u00e3o do Semin\u00e1rio Bom Pastor e de representantes de todas as comunidades que far\u00e3o&nbsp;<\/p>\n<p><a class=\"btn btn-style\" href=\"https:\/\/portalcatolico.net\/portal\/dom-estevam-dos-santos-celebra-missa-de-criacao-da-quase-paroquia-bom-pastor-na-diocese-de-ruy-barbosa-ba\/\">Continue Reading<\/a><\/p>\n","protected":false},"author":2,"featured_media":71982,"comment_status":"open","ping_status":"open","sticky":false,"template":"","format":"standard","meta":{"footnotes":""},"categories":[3],"tags":[],"class_list":["post-71981","post","type-post","status-publish","format-standard","has-post-thumbnail","hentry","category-noticias_regionais"],"_links":{"self":[{"href":"https:\/\/portalcatolico.net\/portal\/wp-json\/wp\/v2\/posts\/71981","targetHints":{"allow":["GET"]}}],"collection":[{"href":"https:\/\/portalcatolico.net\/portal\/wp-json\/wp\/v2\/posts"}],"about":[{"href":"https:\/\/portalcatolico.net\/portal\/wp-json\/wp\/v2\/types\/post"}],"author":[{"embeddable":true,"href":"https:\/\/portalcatolico.net\/portal\/wp-json\/wp\/v2\/users\/2"}],"replies":[{"embeddable":true,"href":"https:\/\/portalcatolico.net\/portal\/wp-json\/wp\/v2\/comments?post=71981"}],"version-history":[{"count":1,"href":"https:\/\/portalcatolico.net\/portal\/wp-json\/wp\/v2\/posts\/71981\/revisions"}],"predecessor-version":[{"id":71983,"href":"https:\/\/portalcatolico.net\/portal\/wp-json\/wp\/v2\/posts\/71981\/revisions\/71983"}],"wp:featuredmedia":[{"embeddable":true,"href":"https:\/\/portalcatolico.net\/portal\/wp-json\/wp\/v2\/media\/71982"}],"wp:attachment":[{"href":"https:\/\/portalcatolico.net\/portal\/wp-json\/wp\/v2\/media?parent=71981"}],"wp:term":[{"taxonomy":"category","embeddable":true,"href":"https:\/\/portalcatolico.net\/portal\/wp-json\/wp\/v2\/categories?post=71981"},{"taxonomy":"post_tag","embeddable":true,"href":"https:\/\/portalcatolico.net\/portal\/wp-json\/wp\/v2\/tags?post=71981"}],"curies":[{"name":"wp","href":"https:\/\/api.w.org\/{rel}","templated":true}]}}