{"id":71978,"date":"2021-04-24T20:37:29","date_gmt":"2021-04-24T23:37:29","guid":{"rendered":"http:\/\/portalcatolico.net\/portal\/?p=71978"},"modified":"2021-04-24T20:37:29","modified_gmt":"2021-04-24T23:37:29","slug":"jesus-cristo-nao-e-negociavel","status":"publish","type":"post","link":"https:\/\/portalcatolico.net\/portal\/jesus-cristo-nao-e-negociavel\/","title":{"rendered":"Jesus Cristo n\u00e3o \u00e9 negoci\u00e1vel"},"content":{"rendered":"<p class=\"subtitle\">H\u00e1 pessoas que trocam a f\u00e9 em Jesus por promessas e relacionamentos infundados. Isso nunca ser\u00e1 um bom neg\u00f3cio.<\/p>\n<p>Em minha trajet\u00f3ria como psic\u00f3loga, atendo pacientes cat\u00f3licos. Eles me trazem relatos de situa\u00e7\u00f5es que, por um amor, por uma rela\u00e7\u00e3o amorosa ou por qualquer outro motivo simplesmente abrem m\u00e3o de Jesus Cristo, que n\u00e3o \u00e9 negoci\u00e1vel.<\/p>\n<p>De fato, \u00e9 de extrema import\u00e2ncia que tenhamos conhecimentos de todos os valores que carregamos em nosso cora\u00e7\u00e3o. Valores negoci\u00e1veis e valores que N\u00c3O s\u00e3o negoci\u00e1veis.<\/p>\n<p>\u00c9 necess\u00e1rio, pensarmos muito bem nas escolhas que fazemos durante nossa trajet\u00f3ria nesta vida, para que n\u00e3o tenhamos que abrir m\u00e3o do que \u00e9 inegoci\u00e1vel para n\u00f3s. Tamb\u00e9m n\u00e3o podemos negligenciar aquilo e Aquele que mant\u00eam toda a nossa estrutura emocional e espiritual diante da vida.&nbsp;<\/p>\n<p id=\"h-valores-inegoci-veis\"><strong>Valores inegoci\u00e1veis<\/strong><\/p>\n<p>Todos n\u00f3s sabemos dos valores que mant\u00eam &nbsp;nossa estrutura interna e que fazem com que sejamos quem n\u00f3s somos de fato. Falando em valores inegoci\u00e1veis, falo sobre Jesus Cristo. Vejo pessoas trocando o essencial por relacionamentos que j\u00e1 come\u00e7am falidos. Sabemos no fundo que aquele relacionamento para dar certo nos far\u00e1 abrir m\u00e3o at\u00e9 mesmo de Jesus Cristo. E continuamos\u2026<\/p>\n<p>Por algum motivo, ou por car\u00eancia, continuamos insistindo e seguindo em frente sem considerar os valores primordiais que mant\u00eam nossa estrutura, simplesmente, para ter algu\u00e9m.&nbsp;<\/p>\n<h3 id=\"h-definitivamente-jesus-cristo-n-o-negoci-vel\">Definitivamente: Jesus Cristo n\u00e3o \u00e9 negoci\u00e1vel<\/h3>\n<p>Refor\u00e7o: Jesus Cristo n\u00e3o \u00e9 negoci\u00e1vel, assim como a sua f\u00e9 e os todos valores que mant\u00eam voc\u00ea de p\u00e9 nos momentos mais dif\u00edceis e mais doloridos da vida.<\/p>\n<p>Abrir m\u00e3o de valores que transformaram voc\u00ea, em quem voc\u00ea \u00e9 de fato e abrir m\u00e3o de Jesus Cristo, te far\u00e3o perder o melhor da vida.<\/p>\n<div id=\"article-desk-content-p6-ad_2021_04_22_jesus-cristo-nao-e-negociavel\" class=\"css-y9mcup\" data-google-query-id=\"CIyqzLeFmPACFSYEuQYdrnIGxQ\">\n<div id=\"google_ads_iframe_64500793\/PT_DESK_ARTICLE_WELCOME_1X1_0__container__\">Seja corajoso(a), ao ponto de dizer a si mesmo, e ao outro: \u201cEu amo voc\u00ea, mas Jesus Cristo n\u00e3o \u00e9 negoci\u00e1vel para mim.\u201d<\/div>\n<\/div>\n<p>Sua f\u00e9 e sua coragem trar\u00e3o recompensas!(Aleteia)<\/p>\n","protected":false},"excerpt":{"rendered":"<p>H\u00e1 pessoas que trocam a f\u00e9 em Jesus por promessas e relacionamentos infundados. Isso nunca ser\u00e1 um bom neg\u00f3cio. Em minha trajet\u00f3ria como psic\u00f3loga, atendo pacientes cat\u00f3licos. Eles me trazem relatos de situa\u00e7\u00f5es que, por um amor, por uma rela\u00e7\u00e3o amorosa ou por qualquer outro motivo simplesmente abrem m\u00e3o de Jesus Cristo, que n\u00e3o \u00e9&nbsp;<\/p>\n<p><a class=\"btn btn-style\" href=\"https:\/\/portalcatolico.net\/portal\/jesus-cristo-nao-e-negociavel\/\">Continue Reading<\/a><\/p>\n","protected":false},"author":2,"featured_media":71979,"comment_status":"open","ping_status":"open","sticky":false,"template":"","format":"standard","meta":{"footnotes":""},"categories":[4],"tags":[],"class_list":["post-71978","post","type-post","status-publish","format-standard","has-post-thumbnail","hentry","category-destaques"],"_links":{"self":[{"href":"https:\/\/portalcatolico.net\/portal\/wp-json\/wp\/v2\/posts\/71978","targetHints":{"allow":["GET"]}}],"collection":[{"href":"https:\/\/portalcatolico.net\/portal\/wp-json\/wp\/v2\/posts"}],"about":[{"href":"https:\/\/portalcatolico.net\/portal\/wp-json\/wp\/v2\/types\/post"}],"author":[{"embeddable":true,"href":"https:\/\/portalcatolico.net\/portal\/wp-json\/wp\/v2\/users\/2"}],"replies":[{"embeddable":true,"href":"https:\/\/portalcatolico.net\/portal\/wp-json\/wp\/v2\/comments?post=71978"}],"version-history":[{"count":1,"href":"https:\/\/portalcatolico.net\/portal\/wp-json\/wp\/v2\/posts\/71978\/revisions"}],"predecessor-version":[{"id":71980,"href":"https:\/\/portalcatolico.net\/portal\/wp-json\/wp\/v2\/posts\/71978\/revisions\/71980"}],"wp:featuredmedia":[{"embeddable":true,"href":"https:\/\/portalcatolico.net\/portal\/wp-json\/wp\/v2\/media\/71979"}],"wp:attachment":[{"href":"https:\/\/portalcatolico.net\/portal\/wp-json\/wp\/v2\/media?parent=71978"}],"wp:term":[{"taxonomy":"category","embeddable":true,"href":"https:\/\/portalcatolico.net\/portal\/wp-json\/wp\/v2\/categories?post=71978"},{"taxonomy":"post_tag","embeddable":true,"href":"https:\/\/portalcatolico.net\/portal\/wp-json\/wp\/v2\/tags?post=71978"}],"curies":[{"name":"wp","href":"https:\/\/api.w.org\/{rel}","templated":true}]}}