{"id":71975,"date":"2021-04-26T00:32:04","date_gmt":"2021-04-26T03:32:04","guid":{"rendered":"http:\/\/portalcatolico.net\/portal\/?p=71975"},"modified":"2021-04-24T20:32:21","modified_gmt":"2021-04-24T23:32:21","slug":"fim-de-contagios-em-hospital-da-italia-e-atribuido-a-icone-de-nossa-senhora","status":"publish","type":"post","link":"https:\/\/portalcatolico.net\/portal\/fim-de-contagios-em-hospital-da-italia-e-atribuido-a-icone-de-nossa-senhora\/","title":{"rendered":"Fim de cont\u00e1gios em hospital da It\u00e1lia \u00e9 atribu\u00eddo a \u00edcone de Nossa Senhora"},"content":{"rendered":"<p class=\"subtitle\">Com o quadro de Nossa Senhora de Capocolonna no Hospital S\u00e3o Jo\u00e3o de Deus, doentes de covid-19 come\u00e7aram inexplicavelmente a se curar.<\/p>\n<p>Desde que um quadro representando&nbsp;<strong>Nossa Senhora de Capocolonna<\/strong>&nbsp;foi levado em 26 de mar\u00e7o para o Hospital S\u00e3o Jo\u00e3o de Deus, em Crotone, na regi\u00e3o italiana da Cal\u00e1bria, os cont\u00e1gios pelo coronav\u00edrus come\u00e7aram a se reduzir notavelmente na prov\u00edncia.<\/p>\n<h3>O relato do capel\u00e3o do hospital<\/h3>\n<p>O capel\u00e3o do hospital, pe. Claudio Pirillo, relatou ao site cat\u00f3lico&nbsp;<a href=\"http:\/\/www.iltimone.org\/news-timone\/la-madonna-entra-reparto-contagi-si-fermano\/\" target=\"_blank\" rel=\"noopener\"><em>Il Timone<\/em><\/a>&nbsp;que a imagem da padroeira da Cal\u00e1bria tinha sido enviada a pedido do arcebispo de Crotone, dom Angelo Raffaele Panzetta, como forma de encorajamento espiritual aos doentes. Segundo o pe. Claudio, os cont\u00e1gios come\u00e7aram a parar depois da chegada do \u00edcone ao hospital. Ele atribui o fato \u00e0 f\u00e9 em Deus, inspirada e aprofundada pela confian\u00e7a das pessoas em Maria.<\/p>\n<blockquote><p><em>\u201cOs caminhos de Nosso Senhor s\u00e3o realmente misteriosos, mas, de uma perspectiva de f\u00e9, temos que dizer que, se n\u00e3o acredit\u00e1ssemos, n\u00e3o a ter\u00edamos trazido at\u00e9 aqui e n\u00e3o ter\u00edamos confiado nela. Neste caso, \u00e9 sempre melhor acreditar, at\u00e9 porque n\u00e3o sabemos o que teria acontecido, quantos mortos haveria, se Nossa Senhora n\u00e3o tivesse entrado no recinto em que foi acolhida com a mesma devo\u00e7\u00e3o dos habitantes de Crotone que a retiraram das \u00e1guas no s\u00e9culo XVI\u201d.<\/em><\/p><\/blockquote>\n<h3>A hist\u00f3ria da devo\u00e7\u00e3o a Nossa Senhora de Capocolonna<\/h3>\n<p>A devo\u00e7\u00e3o \u00e0 \u201cMadonna di Capocolonna\u201d, de fato, envolve uma cena semelhante \u00e0 que est\u00e1 na origem da devo\u00e7\u00e3o a Nossa Senhora Aparecida: o fato de que a sua imagem foi resgatada das \u00e1guas por um pescador.<\/p>\n<p>Era o ano de 1519 quando o \u00edcone de Nossa Senhora amamentando o Menino Jesus caiu em m\u00e3os dos turcos otomanos, que haviam invadido a cidade. Eles tentaram queimar o \u00edcone, mas a imagem n\u00e3o pegou fogo. Intimidados, os invasores mu\u00e7ulmanos jogaram a imagem no mar, mas o quadro foi flutuando rumo \u00e0 praia. Um pescador o encontrou e o manteve escondido. Quando estava prestes a morrer, ele entregou a imagem ao povo da cidade, que, desde ent\u00e3o, invoca Nossa Senhora de Capocolonna como protetora contra invas\u00f5es, pestes e terremotos.<\/p>\n<p><img loading=\"lazy\" decoding=\"async\" class=\"alignnone size-large\" src=\"https:\/\/upload.wikimedia.org\/wikipedia\/commons\/9\/9e\/Madonna_di_Capocolonna.png\" width=\"507\" height=\"1138\"><\/p>\n<p>Fonte:Aleteia<\/p>\n<div class=\"nativo-inread\">&nbsp;<\/div>\n","protected":false},"excerpt":{"rendered":"<p>Com o quadro de Nossa Senhora de Capocolonna no Hospital S\u00e3o Jo\u00e3o de Deus, doentes de covid-19 come\u00e7aram inexplicavelmente a se curar. Desde que um quadro representando&nbsp;Nossa Senhora de Capocolonna&nbsp;foi levado em 26 de mar\u00e7o para o Hospital S\u00e3o Jo\u00e3o de Deus, em Crotone, na regi\u00e3o italiana da Cal\u00e1bria, os cont\u00e1gios pelo coronav\u00edrus come\u00e7aram a&nbsp;<\/p>\n<p><a class=\"btn btn-style\" href=\"https:\/\/portalcatolico.net\/portal\/fim-de-contagios-em-hospital-da-italia-e-atribuido-a-icone-de-nossa-senhora\/\">Continue Reading<\/a><\/p>\n","protected":false},"author":2,"featured_media":71976,"comment_status":"open","ping_status":"open","sticky":false,"template":"","format":"standard","meta":{"footnotes":""},"categories":[4],"tags":[],"class_list":["post-71975","post","type-post","status-publish","format-standard","has-post-thumbnail","hentry","category-destaques"],"_links":{"self":[{"href":"https:\/\/portalcatolico.net\/portal\/wp-json\/wp\/v2\/posts\/71975","targetHints":{"allow":["GET"]}}],"collection":[{"href":"https:\/\/portalcatolico.net\/portal\/wp-json\/wp\/v2\/posts"}],"about":[{"href":"https:\/\/portalcatolico.net\/portal\/wp-json\/wp\/v2\/types\/post"}],"author":[{"embeddable":true,"href":"https:\/\/portalcatolico.net\/portal\/wp-json\/wp\/v2\/users\/2"}],"replies":[{"embeddable":true,"href":"https:\/\/portalcatolico.net\/portal\/wp-json\/wp\/v2\/comments?post=71975"}],"version-history":[{"count":1,"href":"https:\/\/portalcatolico.net\/portal\/wp-json\/wp\/v2\/posts\/71975\/revisions"}],"predecessor-version":[{"id":71977,"href":"https:\/\/portalcatolico.net\/portal\/wp-json\/wp\/v2\/posts\/71975\/revisions\/71977"}],"wp:featuredmedia":[{"embeddable":true,"href":"https:\/\/portalcatolico.net\/portal\/wp-json\/wp\/v2\/media\/71976"}],"wp:attachment":[{"href":"https:\/\/portalcatolico.net\/portal\/wp-json\/wp\/v2\/media?parent=71975"}],"wp:term":[{"taxonomy":"category","embeddable":true,"href":"https:\/\/portalcatolico.net\/portal\/wp-json\/wp\/v2\/categories?post=71975"},{"taxonomy":"post_tag","embeddable":true,"href":"https:\/\/portalcatolico.net\/portal\/wp-json\/wp\/v2\/tags?post=71975"}],"curies":[{"name":"wp","href":"https:\/\/api.w.org\/{rel}","templated":true}]}}