{"id":71972,"date":"2021-04-24T20:27:49","date_gmt":"2021-04-24T23:27:49","guid":{"rendered":"http:\/\/portalcatolico.net\/portal\/?p=71972"},"modified":"2021-04-24T20:28:42","modified_gmt":"2021-04-24T23:28:42","slug":"freiras-na-siria-redescobrem-oracao-de-700-anos-contra-epidemias","status":"publish","type":"post","link":"https:\/\/portalcatolico.net\/portal\/freiras-na-siria-redescobrem-oracao-de-700-anos-contra-epidemias\/","title":{"rendered":"Freiras na S\u00edria redescobrem ora\u00e7\u00e3o de 700 anos contra epidemias"},"content":{"rendered":"<p class=\"subtitle\">Segundo a tradi\u00e7\u00e3o, a prece foi apresentada \u00e0s clarissas de Coimbra em 1317, durante uma apari\u00e7\u00e3o do Ap\u00f3stolo S\u00e3o Bartolomeu.<\/p>\n<p>Freiras na S\u00edria redescobrem ora\u00e7\u00e3o de 700 anos contra epidemias, conforme informa\u00e7\u00f5es da funda\u00e7\u00e3o pontif\u00edcia&nbsp;Ajuda \u00e0 Igreja que Sofre (AIS).<\/p>\n<p>As irm\u00e3s da Unidade de Antioquia relatam que, recentemente, um visitante chegou ao convento com v\u00e1rios \u00edcones a fim de pedir um parecer da madre Agn\u00e8s de La Croix, superiora do Mosteiro de S\u00e3o Tiago Mutilado. A religiosa descobriu que um dos \u00edcones, que havia sido mantido num museu de Londres, guardava \u201cincr\u00edvel liga\u00e7\u00e3o com a Rainha Santa Isabel\u201d, de Portugal, canonizada pelo Papa Urbano VIII em 1625.<\/p>\n<p>Essa liga\u00e7\u00e3o era uma ora\u00e7\u00e3o a Nossa Senhora pedindo prote\u00e7\u00e3o contra epidemias, rezada pela rainha santa e pelas irm\u00e3s clarissas de Coimbra durante a peste que atingiu a regi\u00e3o no s\u00e9culo XIV.<\/p>\n<p>Segundo a tradi\u00e7\u00e3o, o texto da prece foi apresentado \u00e0s clarissas de Coimbra em 1317, escrito num cart\u00e3o, durante uma apari\u00e7\u00e3o do Ap\u00f3stolo S\u00e3o Bartolomeu. O convento foi poupado das contamina\u00e7\u00f5es.<\/p>\n<h3>Freiras na S\u00edria redescobrem ora\u00e7\u00e3o de 700 anos contra epidemias<\/h3>\n<p>Eis a prece, que as religiosas na S\u00edria v\u00eam agora rezando pelo fim da atual pandemia de covid-19:<\/p>\n<blockquote><p>\u201cEstrela do c\u00e9u, que amamentastes o Senhor e derrotastes a praga mortal plantada pelo primeiro pai dos homens! Que esta estrela se digne agora reter os corpos celestes cujas batalhas afligem o povo pelas cru\u00e9is feridas da morte. \u00d3 mais piedosa estrela do mar, salvai-nos da epidemia. Ouvi-nos, Nossa Senhora, porque o vosso filho que vos honra n\u00e3o vos pode recusar nada. Salvai-nos, \u00f3 Jesus, por quem a Virgem M\u00e3e vos reza. Rogai por n\u00f3s, piedosa M\u00e3e de Deus! V\u00f3s, que quebrastes a cabe\u00e7a da serpente, socorrei-nos\u201d.(Aleteia)<\/p><\/blockquote>\n","protected":false},"excerpt":{"rendered":"<p>Segundo a tradi\u00e7\u00e3o, a prece foi apresentada \u00e0s clarissas de Coimbra em 1317, durante uma apari\u00e7\u00e3o do Ap\u00f3stolo S\u00e3o Bartolomeu. Freiras na S\u00edria redescobrem ora\u00e7\u00e3o de 700 anos contra epidemias, conforme informa\u00e7\u00f5es da funda\u00e7\u00e3o pontif\u00edcia&nbsp;Ajuda \u00e0 Igreja que Sofre (AIS). As irm\u00e3s da Unidade de Antioquia relatam que, recentemente, um visitante chegou ao convento com&nbsp;<\/p>\n<p><a class=\"btn btn-style\" href=\"https:\/\/portalcatolico.net\/portal\/freiras-na-siria-redescobrem-oracao-de-700-anos-contra-epidemias\/\">Continue Reading<\/a><\/p>\n","protected":false},"author":2,"featured_media":71973,"comment_status":"open","ping_status":"open","sticky":false,"template":"","format":"standard","meta":{"footnotes":""},"categories":[70],"tags":[],"class_list":["post-71972","post","type-post","status-publish","format-standard","has-post-thumbnail","hentry","category-testemunhos"],"_links":{"self":[{"href":"https:\/\/portalcatolico.net\/portal\/wp-json\/wp\/v2\/posts\/71972","targetHints":{"allow":["GET"]}}],"collection":[{"href":"https:\/\/portalcatolico.net\/portal\/wp-json\/wp\/v2\/posts"}],"about":[{"href":"https:\/\/portalcatolico.net\/portal\/wp-json\/wp\/v2\/types\/post"}],"author":[{"embeddable":true,"href":"https:\/\/portalcatolico.net\/portal\/wp-json\/wp\/v2\/users\/2"}],"replies":[{"embeddable":true,"href":"https:\/\/portalcatolico.net\/portal\/wp-json\/wp\/v2\/comments?post=71972"}],"version-history":[{"count":1,"href":"https:\/\/portalcatolico.net\/portal\/wp-json\/wp\/v2\/posts\/71972\/revisions"}],"predecessor-version":[{"id":71974,"href":"https:\/\/portalcatolico.net\/portal\/wp-json\/wp\/v2\/posts\/71972\/revisions\/71974"}],"wp:featuredmedia":[{"embeddable":true,"href":"https:\/\/portalcatolico.net\/portal\/wp-json\/wp\/v2\/media\/71973"}],"wp:attachment":[{"href":"https:\/\/portalcatolico.net\/portal\/wp-json\/wp\/v2\/media?parent=71972"}],"wp:term":[{"taxonomy":"category","embeddable":true,"href":"https:\/\/portalcatolico.net\/portal\/wp-json\/wp\/v2\/categories?post=71972"},{"taxonomy":"post_tag","embeddable":true,"href":"https:\/\/portalcatolico.net\/portal\/wp-json\/wp\/v2\/tags?post=71972"}],"curies":[{"name":"wp","href":"https:\/\/api.w.org\/{rel}","templated":true}]}}