{"id":71969,"date":"2021-04-24T20:23:32","date_gmt":"2021-04-24T23:23:32","guid":{"rendered":"http:\/\/portalcatolico.net\/portal\/?p=71969"},"modified":"2021-04-24T20:23:32","modified_gmt":"2021-04-24T23:23:32","slug":"o-papa-nenhum-povo-pode-alcancar-a-paz-e-a-seguranca-sozinho","status":"publish","type":"post","link":"https:\/\/portalcatolico.net\/portal\/o-papa-nenhum-povo-pode-alcancar-a-paz-e-a-seguranca-sozinho\/","title":{"rendered":"O Papa: nenhum povo pode alcan\u00e7ar a paz e a seguran\u00e7a sozinho"},"content":{"rendered":"<div class=\"article__subTitle\">Tweet do Papa Francisco por ocasi\u00e3o do Dia Internacional do Multilateralismo, convocado pela ONU a cada 24 de abril. Francesca Di Giovanni, subsecret\u00e1ria de Rela\u00e7\u00f5es com os Estados: \u201cCom a pandemia, novos desequil\u00edbrios e novas crises. Para a Santa S\u00e9 \u00e9 uma obriga\u00e7\u00e3o moral ajudar a comunidade internacional na busca da paz\u201d.<\/div>\n<div>&nbsp;<\/div>\n<div class=\"title__separator\">\n<p>Como prevenir os conflitos? Nenhum povo, nenhum grupo social ser\u00e1 capaz de alcan\u00e7ar sozinho a #paz, o bem, a seguran\u00e7a e a felicidade. Ningu\u00e9m. A li\u00e7\u00e3o da recente pandemia \u00e9 a constata\u00e7\u00e3o de que somos uma comunidade mundial que navega no mesmo barco. #DiplomacyForPeace&#8221;.<\/p>\n<p>Este \u00e9 o tweet do Papa Francisco, divulgado na sua conta @Pontifex, para o &#8220;Dia Internacional do Multilateralismo e da Diplomacia para a Paz&#8221;, proclamado h\u00e1 quatro anos pela Assembleia Geral das Na\u00e7\u00f5es Unidas para ser celebrado a cada 24 de abril, com o objetivo de promover e apoiar os tr\u00eas pilares da ONU: paz e seguran\u00e7a, desenvolvimento e direitos humanos. Uma efem\u00e9ride que visa preservar os valores da coopera\u00e7\u00e3o internacional, com base na Carta das Na\u00e7\u00f5es Unidas e na Agenda 2030 para o desenvolvimento sustent\u00e1vel. Portanto, um impulso ao uso da diplomacia e da tomada de decis\u00f5es multilaterais para chegar a solu\u00e7\u00f5es pac\u00edficas para conflitos entre na\u00e7\u00f5es.<\/p>\n<p><strong>O multilateralismo em crise entre as sombras de um \u201cmundo fechado\u201d<\/strong><\/p>\n<p>Processo multilateral que hoje parece ser colocado em discuss\u00e3o pelas sombras de &#8220;um mundo fechado&#8221;, como denunciou repetidamente o Papa Francisco. Um mundo marcado por nacionalismos, interesses ego\u00edstas e desigualdades econ\u00f4micas em detrimento da pessoa humana, como emergiu especialmente nesta \u00e9poca ferida pela pandemia. Sobre isso fala Francesca Di Giovanni, funcion\u00e1ria da Secretaria de Estado h\u00e1 vinte e sete anos, nomeada em janeiro de 2020 pelo Papa como subsecret\u00e1rio da Se\u00e7\u00e3o para as Rela\u00e7\u00f5es com os Estados, com a miss\u00e3o de acompanhar o setor multilateral.<\/p>\n<p>R.- Certamente a pandemia criou novos desequil\u00edbrios e novas crises, no \u00e2mbito sanit\u00e1rio, econ\u00f4mico, humanit\u00e1rio, pol\u00edtico e social, ao mesmo tempo que aprofundou os grandes abismos e as crises pr\u00e9-existentes. Os objetivos de combate \u00e0 fome, por exemplo, que a comunidade internacional assumiu para 2030, est\u00e3o agora seriamente comprometidos. Achamos que no mesmo per\u00edodo em que morrem, ou melhor, morreram &#8211; porque agora existem mais &#8211; 2 milh\u00f5es e meio de pessoas de Covid, 7 milh\u00f5es morreram de fome. Essas crises tornam o multilateralismo ainda mais necess\u00e1rio, ainda que obst\u00e1culos, fechamentos, interesses nacionalistas e ideol\u00f3gicos consigam, infelizmente, bloquear seu caminho hoje. \u00c9 um multilateralismo em crise &#8230; E at\u00e9 mesmo se quer voltar atr\u00e1s e buscar atalhos e acordos mais curtos com pa\u00edses que talvez tenham as mesmas ideias pol\u00edticas e econ\u00f4micas, afirmando que tais acordos s\u00e3o menos dispendiosos e mais eficazes do que outros que tentam envolver toda a comunidade internacional.<\/p>\n<p><b>As palavras do Papa Francisco v\u00eam \u00e0 mente: &#8220;Estamos todos no mesmo barco&#8221; e &#8220;ningu\u00e9m consegue sozinho&#8221; &#8230;<\/b><\/p>\n<p>R. &#8211; \u00c9 claro que os grandes temas dizem respeito a todos os pa\u00edses. Nenhum pa\u00eds pode enfrentar os problemas globais sozinho, mas mesmo os problemas que parecem circunscritos a um pa\u00eds t\u00eam importantes repercuss\u00f5es e consequ\u00eancias em outros, no equil\u00edbrio de regi\u00f5es inteiras, sen\u00e3o em toda a comunidade internacional. A pandemia \u00e9 um triste exemplo disso, mas temos mudan\u00e7as clim\u00e1ticas muito r\u00e1pidas, um enorme aumento da fome em todo o mundo, deslocamentos causados \u200b\u200bpela viol\u00eancia generalizada, fundamentalismo crescente, viol\u00eancia indiscriminada contra mulheres e crian\u00e7as. S\u00e3o problemas que requerem respostas urgentes e coesas. \u00c9 por isso que a coopera\u00e7\u00e3o em n\u00edvel multilateral \u00e9 a \u00fanica resposta adequada e tem uma fun\u00e7\u00e3o fundamental.<\/p>\n<p><b>Neste contexto, qual \u00e9 o papel da Santa S\u00e9? Como isso pode contribuir para a paz e a diplomacia?<\/b><\/p>\n<p>R.- A Santa S\u00e9 \u00e9 um sujeito soberano, reconhecido a n\u00edvel internacional, que n\u00e3o est\u00e1 ligado a interesses comerciais ou militares, muito menos \u00e0 expans\u00e3o territorial. Isso a torna livre para levar uma mensagem de paz e solidariedade entre os povos e seus governantes. Uma mensagem que o Papa Francisco sintetiza na palavra &#8216;fraternidade&#8217;, um modelo a ser alcan\u00e7ado, embora com dificuldade, mas ao mesmo tempo um caminho concreto para as na\u00e7\u00f5es, pois &#8211; como o Pont\u00edfice observou na Audi\u00eancia Geral de 12 de agosto de 2020 \u2013 os direitos n\u00e3o s\u00e3o apenas individuais, mas tamb\u00e9m sociais dos povos. Este respeito pela pessoa humana \u00e9 levado pela Santa S\u00e9, inspirada no Evangelho, aos foros internacionais, porque considera uma obriga\u00e7\u00e3o moral ajudar a comunidade internacional na busca da paz, para o desenvolvimento integral do ser humano, erradicando pobreza e combate \u00e0 degrada\u00e7\u00e3o ambiental.<\/p>\n<p><b>Como isso se traduz de forma concreta?<\/b><\/p>\n<p>R. &#8211; A n\u00edvel concreto, a Santa S\u00e9 n\u00e3o se cansa de levar a sua elevada mensagem, apesar dos contratempos, vetos ideol\u00f3gicos e pol\u00edticos, por meio de uma participa\u00e7\u00e3o t\u00e3o atenta e ativa quanto poss\u00edvel, procurando ser, como muitos a reconhecem, \u201cvoz de quem n\u00e3o tem voz\u201d.<\/p>\n<p><b>Quais s\u00e3o as iniciativas futuras do processo multilateral?<\/b><\/p>\n<p>R.- Para o presente e para o futuro imediato s\u00e3o vivos os temas do combate \u00e0s mudan\u00e7as clim\u00e1ticas, da biodiversidade, dos sistemas alimentares, os temas da n\u00e3o prolifera\u00e7\u00e3o nuclear, o compromisso com a defesa da dignidade da mulher e tantos outros.<\/p>\n<\/div>\n<div class=\"article__text \">\n<p><b>Por Salvatore Cernuzio \/Com informa\u00e7\u00f5es da Vatican News<\/b><\/p>\n<\/div>\n","protected":false},"excerpt":{"rendered":"<p>Tweet do Papa Francisco por ocasi\u00e3o do Dia Internacional do Multilateralismo, convocado pela ONU a cada 24 de abril. Francesca Di Giovanni, subsecret\u00e1ria de Rela\u00e7\u00f5es com os Estados: \u201cCom a pandemia, novos desequil\u00edbrios e novas crises. Para a Santa S\u00e9 \u00e9 uma obriga\u00e7\u00e3o moral ajudar a comunidade internacional na busca da paz\u201d. &nbsp; Como prevenir&nbsp;<\/p>\n<p><a class=\"btn btn-style\" href=\"https:\/\/portalcatolico.net\/portal\/o-papa-nenhum-povo-pode-alcancar-a-paz-e-a-seguranca-sozinho\/\">Continue Reading<\/a><\/p>\n","protected":false},"author":2,"featured_media":71970,"comment_status":"open","ping_status":"open","sticky":false,"template":"","format":"standard","meta":{"footnotes":""},"categories":[5],"tags":[],"class_list":["post-71969","post","type-post","status-publish","format-standard","has-post-thumbnail","hentry","category-igreja_no_mundo"],"_links":{"self":[{"href":"https:\/\/portalcatolico.net\/portal\/wp-json\/wp\/v2\/posts\/71969","targetHints":{"allow":["GET"]}}],"collection":[{"href":"https:\/\/portalcatolico.net\/portal\/wp-json\/wp\/v2\/posts"}],"about":[{"href":"https:\/\/portalcatolico.net\/portal\/wp-json\/wp\/v2\/types\/post"}],"author":[{"embeddable":true,"href":"https:\/\/portalcatolico.net\/portal\/wp-json\/wp\/v2\/users\/2"}],"replies":[{"embeddable":true,"href":"https:\/\/portalcatolico.net\/portal\/wp-json\/wp\/v2\/comments?post=71969"}],"version-history":[{"count":1,"href":"https:\/\/portalcatolico.net\/portal\/wp-json\/wp\/v2\/posts\/71969\/revisions"}],"predecessor-version":[{"id":71971,"href":"https:\/\/portalcatolico.net\/portal\/wp-json\/wp\/v2\/posts\/71969\/revisions\/71971"}],"wp:featuredmedia":[{"embeddable":true,"href":"https:\/\/portalcatolico.net\/portal\/wp-json\/wp\/v2\/media\/71970"}],"wp:attachment":[{"href":"https:\/\/portalcatolico.net\/portal\/wp-json\/wp\/v2\/media?parent=71969"}],"wp:term":[{"taxonomy":"category","embeddable":true,"href":"https:\/\/portalcatolico.net\/portal\/wp-json\/wp\/v2\/categories?post=71969"},{"taxonomy":"post_tag","embeddable":true,"href":"https:\/\/portalcatolico.net\/portal\/wp-json\/wp\/v2\/tags?post=71969"}],"curies":[{"name":"wp","href":"https:\/\/api.w.org\/{rel}","templated":true}]}}