{"id":71966,"date":"2021-04-25T00:17:33","date_gmt":"2021-04-25T03:17:33","guid":{"rendered":"http:\/\/portalcatolico.net\/portal\/?p=71966"},"modified":"2021-04-24T20:19:50","modified_gmt":"2021-04-24T23:19:50","slug":"cardeal-wyszynski-primaz-do-milenio-e-amigo-de-joao-paulo-ii-sera-beatificado-dia-12-de-setembro","status":"publish","type":"post","link":"https:\/\/portalcatolico.net\/portal\/cardeal-wyszynski-primaz-do-milenio-e-amigo-de-joao-paulo-ii-sera-beatificado-dia-12-de-setembro\/","title":{"rendered":"Cardeal Wyszynski, primaz do mil\u00eanio e amigo de Jo\u00e3o Paulo II, ser\u00e1 beatificado dia 12 de setembro"},"content":{"rendered":"<p>No dia 12 de setembro, o cardeal Wyszynski, apelidado de Primaz do mil\u00eanio, ser\u00e1 beatificado e, assim, ingressar\u00e1 na lista de santos poloneses do s\u00e9culo XX junto ao seu amigo Jo\u00e3o Paulo II. A nova data de beatifica\u00e7\u00e3o &#8211; inicialmente marcada para 7 de junho do ano passado e adiada devido \u00e0 pandemia &#8211; foi anunciada hoje pelo cardeal Kazimierz Nycz, Arcebispo de Vars\u00f3via.<\/p>\n<p>A beatifica\u00e7\u00e3o ser\u00e1 ao meio-dia, na capital polonesa que foi sede do Cardeal Wysynski e onde repousam seus restos mortais. O cardeal ser\u00e1 beatificado junto com Roza Maria Czaka, uma religiosa polonesa que morreu em 1961 ap\u00f3s servir cegos a&nbsp;vida&nbsp;toda.<\/p>\n<p>O Papa Francisco reconheceu as virtudes her\u00f3icas do Cardeal Wyszynski em 19 de dezembro de 2017. J\u00e1 o milagre atribu\u00eddo \u00e0 sua intercess\u00e3o foi aprovado em outubro de 2019 e tratou-se da recupera\u00e7\u00e3o milagrosa de uma mulher de 19 anos que sofria de c\u00e2ncer na tireoide. Um grupo de freiras come\u00e7ou ent\u00e3o a pedir constantemente a intercess\u00e3o do cardeal Wyszynski, que morreu devido a um c\u00e2ncer abdominal, e suas preces foram atendidas. A cura da jovem n\u00e3o se explica por causas naturais e agora, ap\u00f3s a aprova\u00e7\u00e3o do milagre e a nova data, \u00e9 apenas uma quest\u00e3o de meses para que a&nbsp;Igreja&nbsp;na Pol\u00f4nia possa, finalmente, ver o Cardeal Wyszynski elevado aos altares.<\/p>\n<p>Stefan Wyszynski nasceu em Zuzela, em 3 de agosto de 1901. A sua primeira miss\u00e3o como bispo foi na Diocese de Lubin, de 1946 a 1948. Depois, foi transferido a Vars\u00f3via e Gniezno, onde ficou at\u00e9 o seu falecimento em 28 de maio de 1981. Foi criado Cardeal em 12 de janeiro de 1953 por Pio XII. Foi presidente da Confer\u00eancia Episcopal Polonesa de 1956 a 1981 e durante todos esses anos enfrentou as autoridades comunistas.<\/p>\n<p>O Cardeal Wyszynski foi o rosto da resist\u00eancia ao comunismo na Pol\u00f3nia durante o per\u00edodo da Guerra Fria. Colocado em pris\u00e3o domiciliar por tr\u00eas anos a partir de 1953 por se recusar a punir padres ativos na resist\u00eancia polonesa contra o regime comunista, Wyszinski tamb\u00e9m foi quem apoiou a nomea\u00e7\u00e3o de Karol Wojtyla como arcebispo de Crac\u00f3via em 1964. O ano de 2021 foi declarado pelo Parlamento polon\u00eas como o Ano do Cardeal Wysziyski.<\/p>\n<p>Quando o cardeal Stefan Wyszynski se ajoelhou diante de S\u00e3o Jo\u00e3o Paulo II na&nbsp;missa&nbsp;do in\u00edcio de seu pontificado, o Papa polon\u00eas o levantou e o abra\u00e7ou. Foi um sinal de afeto e estima por aquele que foi seu primaz, sob cuja lideran\u00e7a a Igreja polonesa resistiu ao comunismo. Stefan Wyszynski faleceu no dia 28 de maio de 1981, apenas 15 dias depois do atentado que quase tirou a vida de seu compatriota Jo\u00e3o Paulo II.<\/p>\n<p><strong>Sem tua f\u00e9, eu n\u00e3o seria Papa&#8230;<\/strong><\/p>\n<p>\u201cA tua f\u00e9 e confian\u00e7a em Maria, apesar das persegui\u00e7\u00f5es, me ajudaram a ser Sucessor de Pedro\u201d, assegurou S\u00e3o Jo\u00e3o Paulo II ao Cardeal Stefan Wyszynski em 1978, em uma carta dirigida aos cat\u00f3licos poloneses, publicada ap\u00f3s o reconhecimento das virtudes heroicas do arcebispo em 2017.<\/p>\n<p>A carta foi envida no dia 23 de outubro de 1978 e nela S\u00e3o Jo\u00e3o Paulo II se dirigiu ao ent\u00e3o Cardeal Primaz da Pol\u00f4nia, que foi preso e perseguido pelo regime comunista.<\/p>\n<p>\u201cPermita-me simplesmente dizer o que sinto. Este Papa polon\u00eas n\u00e3o estaria hoje na C\u00e1tedra de Pedro, cheio de temor de Deus, mas tamb\u00e9m de confian\u00e7a, come\u00e7a um novo pontificado, se n\u00e3o fosse pela tua f\u00e9, que n\u00e3o foi intimidada ante a pris\u00e3o e os sofrimentos\u201d, escreveu Karol Wojtyla.<\/p>\n<p>S\u00e3o Jo\u00e3o Paulo II assegurou ao seu compatriota que n\u00e3o teria chegado a ser Papa \u201cse n\u00e3o fosse pela tua esperan\u00e7a heroica, tua confian\u00e7a ilimitada na M\u00e3e da Igreja. Se n\u00e3o existisse (o santu\u00e1rio mariano de) Jasna Gora e todo o per\u00edodo que na hist\u00f3ria da Igreja em nosso pa\u00eds inclui teu minist\u00e9rio de bispo e primaz\u201d.<\/p>\n<p>\u201cN\u00e3o se esque\u00e7a de rezar por mim em Jasna Gora e em todo o pa\u00eds, a fim de que este Papa, que \u00e9 sangue do vosso sangue e cora\u00e7\u00e3o dos vossos cora\u00e7\u00f5es, sirva bem \u00e0 Igreja e ao mundo nos tempos dif\u00edceis que precedem o final deste segundo mil\u00eanio\u201d, concluiu a sua carta.<\/p>\n<p>Em junho de 1979, S\u00e3o Jo\u00e3o Paulo II visitou a Pol\u00f4nia e em seu discurso aos&nbsp;bispos&nbsp;disse que \u201co Cardeal Primaz se converteu na pedra fundamental particular. Pedra fundamental que sustenta o arco, que reflete a for\u00e7a dos fundamentos do pr\u00e9dio. O Cardeal Primaz manifesta a for\u00e7a do fundamento da Igreja, que \u00e9 Jesus Cristo. Esta \u00e9 a sua for\u00e7a\u201d.(ACI)<\/p>\n","protected":false},"excerpt":{"rendered":"<p>No dia 12 de setembro, o cardeal Wyszynski, apelidado de Primaz do mil\u00eanio, ser\u00e1 beatificado e, assim, ingressar\u00e1 na lista de santos poloneses do s\u00e9culo XX junto ao seu amigo Jo\u00e3o Paulo II. A nova data de beatifica\u00e7\u00e3o &#8211; inicialmente marcada para 7 de junho do ano passado e adiada devido \u00e0 pandemia &#8211; foi&nbsp;<\/p>\n<p><a class=\"btn btn-style\" href=\"https:\/\/portalcatolico.net\/portal\/cardeal-wyszynski-primaz-do-milenio-e-amigo-de-joao-paulo-ii-sera-beatificado-dia-12-de-setembro\/\">Continue Reading<\/a><\/p>\n","protected":false},"author":2,"featured_media":71967,"comment_status":"open","ping_status":"open","sticky":false,"template":"","format":"standard","meta":{"footnotes":""},"categories":[5],"tags":[],"class_list":["post-71966","post","type-post","status-publish","format-standard","has-post-thumbnail","hentry","category-igreja_no_mundo"],"_links":{"self":[{"href":"https:\/\/portalcatolico.net\/portal\/wp-json\/wp\/v2\/posts\/71966","targetHints":{"allow":["GET"]}}],"collection":[{"href":"https:\/\/portalcatolico.net\/portal\/wp-json\/wp\/v2\/posts"}],"about":[{"href":"https:\/\/portalcatolico.net\/portal\/wp-json\/wp\/v2\/types\/post"}],"author":[{"embeddable":true,"href":"https:\/\/portalcatolico.net\/portal\/wp-json\/wp\/v2\/users\/2"}],"replies":[{"embeddable":true,"href":"https:\/\/portalcatolico.net\/portal\/wp-json\/wp\/v2\/comments?post=71966"}],"version-history":[{"count":1,"href":"https:\/\/portalcatolico.net\/portal\/wp-json\/wp\/v2\/posts\/71966\/revisions"}],"predecessor-version":[{"id":71968,"href":"https:\/\/portalcatolico.net\/portal\/wp-json\/wp\/v2\/posts\/71966\/revisions\/71968"}],"wp:featuredmedia":[{"embeddable":true,"href":"https:\/\/portalcatolico.net\/portal\/wp-json\/wp\/v2\/media\/71967"}],"wp:attachment":[{"href":"https:\/\/portalcatolico.net\/portal\/wp-json\/wp\/v2\/media?parent=71966"}],"wp:term":[{"taxonomy":"category","embeddable":true,"href":"https:\/\/portalcatolico.net\/portal\/wp-json\/wp\/v2\/categories?post=71966"},{"taxonomy":"post_tag","embeddable":true,"href":"https:\/\/portalcatolico.net\/portal\/wp-json\/wp\/v2\/tags?post=71966"}],"curies":[{"name":"wp","href":"https:\/\/api.w.org\/{rel}","templated":true}]}}